{"id":3198,"date":"2020-04-03T10:36:43","date_gmt":"2020-04-03T08:36:43","guid":{"rendered":"http:\/\/agora.xtec.cat\/escolanouclave\/?p=3198"},"modified":"2020-04-27T11:27:00","modified_gmt":"2020-04-27T09:27:00","slug":"activitat-10-3-dabril-creativitat","status":"publish","type":"post","link":"https:\/\/agora.xtec.cat\/escolanouclave\/infantil\/p4\/activitat-10-3-dabril-creativitat\/","title":{"rendered":"Activitat 10 \/ 3 d\u00b4abril \/ Creativitat"},"content":{"rendered":"<p>BON DIA DOFINS . Ja \u00e9s divendres . A punt de comen\u00e7ar unes vacances de setmana Santa una mica especials.<\/p>\n<p>Avui us proposo ser ARTISTES i deixar anar la imaginaci\u00f3.<a href=\"https:\/\/agora.xtec.cat\/escolanouclave\/wp-content\/uploads\/usu1363\/2020\/04\/NA_263958_7338_1.jpg\"><img loading=\"lazy\" decoding=\"async\" class=\"wp-image-3205 aligncenter\" src=\"https:\/\/agora.xtec.cat\/escolanouclave\/wp-content\/uploads\/usu1363\/2020\/04\/NA_263958_7338_1.jpg\" alt=\"\" width=\"331\" height=\"327\" srcset=\"https:\/\/agora.xtec.cat\/escolanouclave\/wp-content\/uploads\/usu1363\/2020\/04\/NA_263958_7338_1.jpg 308w, https:\/\/agora.xtec.cat\/escolanouclave\/wp-content\/uploads\/usu1363\/2020\/04\/NA_263958_7338_1-300x296.jpg 300w\" sizes=\"auto, (max-width: 331px) 100vw, 331px\" \/><\/a>\u00a0 \u00a0 \u00a0 \u00a0 \u00a0 \u00a0 \u00a0Us enrecordeu dels colors dels POTS de les emocions del MONSTRE de COLORS ?<\/p>\n<p><a href=\"https:\/\/agora.xtec.cat\/escolanouclave\/wp-content\/uploads\/usu1363\/2020\/04\/potsemocions.jpg\"><img loading=\"lazy\" decoding=\"async\" class=\"wp-image-3206 aligncenter\" src=\"https:\/\/agora.xtec.cat\/escolanouclave\/wp-content\/uploads\/usu1363\/2020\/04\/potsemocions.jpg\" alt=\"\" width=\"214\" height=\"143\" srcset=\"https:\/\/agora.xtec.cat\/escolanouclave\/wp-content\/uploads\/usu1363\/2020\/04\/potsemocions.jpg 376w, https:\/\/agora.xtec.cat\/escolanouclave\/wp-content\/uploads\/usu1363\/2020\/04\/potsemocions-300x200.jpg 300w\" sizes=\"auto, (max-width: 214px) 100vw, 214px\" \/><\/a><\/p>\n<p>Agafa un full, a ser possible gran i material que tinguis a casa : llanes, fils, botons, canyes, pompons, colors, ceres, pintura, papers, retalls de roba,gomets, taps, etc. i f\u00e9s una creaci\u00f3 lliure. Ara b\u00e9 utilitza els cinc colors de les emocions. Us ho passareu d\u00b4all\u00f2 m\u00e9s b\u00e9. Primer tanca els ulls, IMAGINA, i mans a l\u00b4acci\u00f3.<\/p>\n<p>Ara estarem uns quants dies de vacances i nom\u00e9s vull que gaudiu molt i f\u00e9u molt de cas als papis.Heu treballat MOLT i aquesta <a href=\"https:\/\/agora.xtec.cat\/escolanouclave\/wp-content\/uploads\/usu1363\/2020\/04\/cara-contenta-1.jpg\"><img loading=\"lazy\" decoding=\"async\" class=\"alignnone wp-image-3208\" src=\"https:\/\/agora.xtec.cat\/escolanouclave\/wp-content\/uploads\/usu1363\/2020\/04\/cara-contenta-1.jpg\" alt=\"\" width=\"74\" height=\"74\" srcset=\"https:\/\/agora.xtec.cat\/escolanouclave\/wp-content\/uploads\/usu1363\/2020\/04\/cara-contenta-1.jpg 300w, https:\/\/agora.xtec.cat\/escolanouclave\/wp-content\/uploads\/usu1363\/2020\/04\/cara-contenta-1-150x150.jpg 150w\" sizes=\"auto, (max-width: 74px) 100vw, 74px\" \/> <\/a>\u00e9s un regal per a t\u00fa.<\/p>\n<p>Als pares us recomano seguir amb les r\u00fatines di\u00e0ries que ja aneu fent molt b\u00e9.Algunes de les propostes s\u00f3n\u00a0 mirar contes, pintura, puzzles,taller de cuina, zumba\u00a0 ,estona de tablet\/ordinador\u00a0 jocs de taula, construccions, ioga, fer alg\u00fan circuit de psicomotricitat&#8230;.tota una din\u00e0mica l\u00fadica on pugueu gaudir de la fam\u00edlia. Us FELICITO per l\u00b4esfor\u00e7 que esteu fent ja que molts de vosaltres tamb\u00e9 esteu treballant..<\/p>\n<p>BONA SETMANA SANTA CONFINADA.<\/p>\n<p>FINS AVIAT. US ESTIMO<\/p>\n<p>.<\/p>\n","protected":false},"excerpt":{"rendered":"<p>BON DIA DOFINS . Ja \u00e9s divendres . A punt de comen\u00e7ar unes vacances de setmana Santa una mica especials. Avui us proposo ser ARTISTES i deixar anar la imaginaci\u00f3.\u00a0 \u00a0 \u00a0 \u00a0 \u00a0 \u00a0 \u00a0Us enrecordeu dels colors dels POTS de les emocions del MONSTRE de COLORS ? Agafa un full, a ser possible [&hellip;]<\/p>\n","protected":false},"author":6,"featured_media":4718,"comment_status":"open","ping_status":"closed","sticky":false,"template":"","format":"standard","meta":{"_bbp_topic_count":0,"_bbp_reply_count":0,"_bbp_total_topic_count":0,"_bbp_total_reply_count":0,"_bbp_voice_count":0,"_bbp_anonymous_reply_count":0,"_bbp_topic_count_hidden":0,"_bbp_reply_count_hidden":0,"_bbp_forum_subforum_count":0,"site-sidebar-layout":"default","site-content-layout":"","ast-site-content-layout":"","site-content-style":"default","site-sidebar-style":"default","ast-global-header-display":"","ast-banner-title-visibility":"","ast-main-header-display":"","ast-hfb-above-header-display":"","ast-hfb-below-header-display":"","ast-hfb-mobile-header-display":"","site-post-title":"","ast-breadcrumbs-content":"","ast-featured-img":"","footer-sml-layout":"","theme-transparent-header-meta":"","adv-header-id-meta":"","stick-header-meta":"","header-above-stick-meta":"","header-main-stick-meta":"","header-below-stick-meta":"","astra-migrate-meta-layouts":"default","ast-page-background-enabled":"default","ast-page-background-meta":{"desktop":{"background-color":"var(--ast-global-color-4)","background-image":"","background-repeat":"repeat","background-position":"center center","background-size":"auto","background-attachment":"scroll","background-type":"","background-media":"","overlay-type":"","overlay-color":"","overlay-opacity":"","overlay-gradient":""},"tablet":{"background-color":"","background-image":"","background-repeat":"repeat","background-position":"center center","background-size":"auto","background-attachment":"scroll","background-type":"","background-media":"","overlay-type":"","overlay-color":"","overlay-opacity":"","overlay-gradient":""},"mobile":{"background-color":"","background-image":"","background-repeat":"repeat","background-position":"center center","background-size":"auto","background-attachment":"scroll","background-type":"","background-media":"","overlay-type":"","overlay-color":"","overlay-opacity":"","overlay-gradient":""}},"ast-content-background-meta":{"desktop":{"background-color":"var(--ast-global-color-5)","background-image":"","background-repeat":"repeat","background-position":"center center","background-size":"auto","background-attachment":"scroll","background-type":"","background-media":"","overlay-type":"","overlay-color":"","overlay-opacity":"","overlay-gradient":""},"tablet":{"background-color":"var(--ast-global-color-5)","background-image":"","background-repeat":"repeat","background-position":"center center","background-size":"auto","background-attachment":"scroll","background-type":"","background-media":"","overlay-type":"","overlay-color":"","overlay-opacity":"","overlay-gradient":""},"mobile":{"background-color":"var(--ast-global-color-5)","background-image":"","background-repeat":"repeat","background-position":"center center","background-size":"auto","background-attachment":"scroll","background-type":"","background-media":"","overlay-type":"","overlay-color":"","overlay-opacity":"","overlay-gradient":""}},"footnotes":""},"categories":[8],"tags":[427],"class_list":["post-3198","post","type-post","status-publish","format-standard","has-post-thumbnail","hentry","category-p4","tag-creativitat"],"post_mailing_queue_ids":[],"_links":{"self":[{"href":"https:\/\/agora.xtec.cat\/escolanouclave\/wp-json\/wp\/v2\/posts\/3198","targetHints":{"allow":["GET"]}}],"collection":[{"href":"https:\/\/agora.xtec.cat\/escolanouclave\/wp-json\/wp\/v2\/posts"}],"about":[{"href":"https:\/\/agora.xtec.cat\/escolanouclave\/wp-json\/wp\/v2\/types\/post"}],"author":[{"embeddable":true,"href":"https:\/\/agora.xtec.cat\/escolanouclave\/wp-json\/wp\/v2\/users\/6"}],"replies":[{"embeddable":true,"href":"https:\/\/agora.xtec.cat\/escolanouclave\/wp-json\/wp\/v2\/comments?post=3198"}],"version-history":[{"count":3,"href":"https:\/\/agora.xtec.cat\/escolanouclave\/wp-json\/wp\/v2\/posts\/3198\/revisions"}],"predecessor-version":[{"id":3243,"href":"https:\/\/agora.xtec.cat\/escolanouclave\/wp-json\/wp\/v2\/posts\/3198\/revisions\/3243"}],"wp:featuredmedia":[{"embeddable":true,"href":"https:\/\/agora.xtec.cat\/escolanouclave\/wp-json\/wp\/v2\/media\/4718"}],"wp:attachment":[{"href":"https:\/\/agora.xtec.cat\/escolanouclave\/wp-json\/wp\/v2\/media?parent=3198"}],"wp:term":[{"taxonomy":"category","embeddable":true,"href":"https:\/\/agora.xtec.cat\/escolanouclave\/wp-json\/wp\/v2\/categories?post=3198"},{"taxonomy":"post_tag","embeddable":true,"href":"https:\/\/agora.xtec.cat\/escolanouclave\/wp-json\/wp\/v2\/tags?post=3198"}],"curies":[{"name":"wp","href":"https:\/\/api.w.org\/{rel}","templated":true}]}}