{"id":3067,"date":"2020-04-02T09:44:14","date_gmt":"2020-04-02T07:44:14","guid":{"rendered":"http:\/\/agora.xtec.cat\/escolanouclave\/?p=3067"},"modified":"2020-04-02T09:44:14","modified_gmt":"2020-04-02T07:44:14","slug":"activitat-3-socials-2-abril-2020-el-cicle-de-laigua","status":"publish","type":"post","link":"https:\/\/agora.xtec.cat\/escolanouclave\/primaria\/2n\/activitat-3-socials-2-abril-2020-el-cicle-de-laigua\/","title":{"rendered":"ACTIVITAT 3 SOCIALS. 2-abril-2020. EL CICLE DE L&#8217;AIGUA."},"content":{"rendered":"<p><a href=\"https:\/\/agora.xtec.cat\/escolanouclave\/wp-content\/uploads\/usu1363\/2020\/04\/EL-CICLE-DE-LAIGUA.jpg\"><img loading=\"lazy\" decoding=\"async\" class=\"alignnone size-full wp-image-3068\" src=\"https:\/\/agora.xtec.cat\/escolanouclave\/wp-content\/uploads\/usu1363\/2020\/04\/EL-CICLE-DE-LAIGUA.jpg\" alt=\"\" width=\"512\" height=\"285\" srcset=\"https:\/\/agora.xtec.cat\/escolanouclave\/wp-content\/uploads\/usu1363\/2020\/04\/EL-CICLE-DE-LAIGUA.jpg 512w, https:\/\/agora.xtec.cat\/escolanouclave\/wp-content\/uploads\/usu1363\/2020\/04\/EL-CICLE-DE-LAIGUA-300x167.jpg 300w\" sizes=\"auto, (max-width: 512px) 100vw, 512px\" \/><\/a><\/p>\n<p>Hola nois i noies!!<\/p>\n<p>Farem un rep\u00e0s del cicle de l&#8217;aigua, recordeu que el curs passat ho vam treballar i vam realitzar una bossa d&#8217;aigua representant el cam\u00ed que fa l&#8217;aigua desde que s&#8217;evapora del mar fins que cau en forma de pluja???<\/p>\n<p>Mireu aquests v\u00eddeos on s&#8217;explica molt b\u00e9 el cicle de l&#8217;aigua:<\/p>\n<p><a href=\"https:\/\/www.youtube.com\/watch?v=_1mC2YvgNDE\">https:\/\/www.youtube.com\/watch?v=_1mC2YvgNDE<\/a><\/p>\n<p><a href=\"https:\/\/www.youtube.com\/watch?v=QDCohXW6blg\">https:\/\/www.youtube.com\/watch?v=QDCohXW6blg<\/a><\/p>\n<p>Llegiu la p\u00e0gina 61 del llibre de socials on us explica el recorregut que fa l&#8217;aigua i despr\u00e9s realitzeu les activitats d&#8217;aquesta <a href=\"https:\/\/agora.xtec.cat\/escolanouclave\/wp-content\/uploads\/usu1363\/2020\/04\/El-cicle-de-laigua.pdf\">FITXA<\/a><\/p>\n<p>Bon dijous!!!<\/p>\n<p>Una abra\u00e7ada.<\/p>\n","protected":false},"excerpt":{"rendered":"<p>Hola nois i noies!! Farem un rep\u00e0s del cicle de l&#8217;aigua, recordeu que el curs passat ho vam treballar i vam realitzar una bossa d&#8217;aigua representant el cam\u00ed que fa l&#8217;aigua desde que s&#8217;evapora del mar fins que cau en forma de pluja??? Mireu aquests v\u00eddeos on s&#8217;explica molt b\u00e9 el cicle de l&#8217;aigua: https:\/\/www.youtube.com\/watch?v=_1mC2YvgNDE [&hellip;]<\/p>\n","protected":false},"author":1,"featured_media":3071,"comment_status":"open","ping_status":"closed","sticky":false,"template":"","format":"standard","meta":{"_bbp_topic_count":0,"_bbp_reply_count":0,"_bbp_total_topic_count":0,"_bbp_total_reply_count":0,"_bbp_voice_count":0,"_bbp_anonymous_reply_count":0,"_bbp_topic_count_hidden":0,"_bbp_reply_count_hidden":0,"_bbp_forum_subforum_count":0,"site-sidebar-layout":"default","site-content-layout":"","ast-site-content-layout":"","site-content-style":"default","site-sidebar-style":"default","ast-global-header-display":"","ast-banner-title-visibility":"","ast-main-header-display":"","ast-hfb-above-header-display":"","ast-hfb-below-header-display":"","ast-hfb-mobile-header-display":"","site-post-title":"","ast-breadcrumbs-content":"","ast-featured-img":"","footer-sml-layout":"","theme-transparent-header-meta":"","adv-header-id-meta":"","stick-header-meta":"","header-above-stick-meta":"","header-main-stick-meta":"","header-below-stick-meta":"","astra-migrate-meta-layouts":"default","ast-page-background-enabled":"default","ast-page-background-meta":{"desktop":{"background-color":"var(--ast-global-color-4)","background-image":"","background-repeat":"repeat","background-position":"center center","background-size":"auto","background-attachment":"scroll","background-type":"","background-media":"","overlay-type":"","overlay-color":"","overlay-opacity":"","overlay-gradient":""},"tablet":{"background-color":"","background-image":"","background-repeat":"repeat","background-position":"center center","background-size":"auto","background-attachment":"scroll","background-type":"","background-media":"","overlay-type":"","overlay-color":"","overlay-opacity":"","overlay-gradient":""},"mobile":{"background-color":"","background-image":"","background-repeat":"repeat","background-position":"center center","background-size":"auto","background-attachment":"scroll","background-type":"","background-media":"","overlay-type":"","overlay-color":"","overlay-opacity":"","overlay-gradient":""}},"ast-content-background-meta":{"desktop":{"background-color":"var(--ast-global-color-5)","background-image":"","background-repeat":"repeat","background-position":"center center","background-size":"auto","background-attachment":"scroll","background-type":"","background-media":"","overlay-type":"","overlay-color":"","overlay-opacity":"","overlay-gradient":""},"tablet":{"background-color":"var(--ast-global-color-5)","background-image":"","background-repeat":"repeat","background-position":"center center","background-size":"auto","background-attachment":"scroll","background-type":"","background-media":"","overlay-type":"","overlay-color":"","overlay-opacity":"","overlay-gradient":""},"mobile":{"background-color":"var(--ast-global-color-5)","background-image":"","background-repeat":"repeat","background-position":"center center","background-size":"auto","background-attachment":"scroll","background-type":"","background-media":"","overlay-type":"","overlay-color":"","overlay-opacity":"","overlay-gradient":""}},"footnotes":""},"categories":[11],"tags":[405,261],"class_list":["post-3067","post","type-post","status-publish","format-standard","has-post-thumbnail","hentry","category-2n","tag-el-cicle-de-laigua","tag-socials"],"post_mailing_queue_ids":[],"_links":{"self":[{"href":"https:\/\/agora.xtec.cat\/escolanouclave\/wp-json\/wp\/v2\/posts\/3067","targetHints":{"allow":["GET"]}}],"collection":[{"href":"https:\/\/agora.xtec.cat\/escolanouclave\/wp-json\/wp\/v2\/posts"}],"about":[{"href":"https:\/\/agora.xtec.cat\/escolanouclave\/wp-json\/wp\/v2\/types\/post"}],"author":[{"embeddable":true,"href":"https:\/\/agora.xtec.cat\/escolanouclave\/wp-json\/wp\/v2\/users\/1"}],"replies":[{"embeddable":true,"href":"https:\/\/agora.xtec.cat\/escolanouclave\/wp-json\/wp\/v2\/comments?post=3067"}],"version-history":[{"count":1,"href":"https:\/\/agora.xtec.cat\/escolanouclave\/wp-json\/wp\/v2\/posts\/3067\/revisions"}],"predecessor-version":[{"id":3073,"href":"https:\/\/agora.xtec.cat\/escolanouclave\/wp-json\/wp\/v2\/posts\/3067\/revisions\/3073"}],"wp:featuredmedia":[{"embeddable":true,"href":"https:\/\/agora.xtec.cat\/escolanouclave\/wp-json\/wp\/v2\/media\/3071"}],"wp:attachment":[{"href":"https:\/\/agora.xtec.cat\/escolanouclave\/wp-json\/wp\/v2\/media?parent=3067"}],"wp:term":[{"taxonomy":"category","embeddable":true,"href":"https:\/\/agora.xtec.cat\/escolanouclave\/wp-json\/wp\/v2\/categories?post=3067"},{"taxonomy":"post_tag","embeddable":true,"href":"https:\/\/agora.xtec.cat\/escolanouclave\/wp-json\/wp\/v2\/tags?post=3067"}],"curies":[{"name":"wp","href":"https:\/\/api.w.org\/{rel}","templated":true}]}}