{"id":2647,"date":"2020-03-27T08:57:01","date_gmt":"2020-03-27T07:57:01","guid":{"rendered":"http:\/\/agora.xtec.cat\/escolanouclave\/?p=2647"},"modified":"2020-03-27T08:57:19","modified_gmt":"2020-03-27T07:57:19","slug":"recordatori-we-are-the-world","status":"publish","type":"post","link":"https:\/\/agora.xtec.cat\/escolanouclave\/primaria\/3r\/recordatori-we-are-the-world\/","title":{"rendered":"RECORDATORI: &#8220;WE ARE THE WORLD&#8221;"},"content":{"rendered":"<p><img loading=\"lazy\" decoding=\"async\" class=\"aligncenter wp-image-2192\" src=\"https:\/\/agora.xtec.cat\/escolanouclave\/wp-content\/uploads\/usu1363\/2020\/03\/Captura-de-pantalla-2020-03-23-a-las-13.00.32-e1584964918401.png\" alt=\"\" width=\"192\" height=\"193\" srcset=\"https:\/\/agora.xtec.cat\/escolanouclave\/wp-content\/uploads\/usu1363\/2020\/03\/Captura-de-pantalla-2020-03-23-a-las-13.00.32-e1584964918401.png 253w, https:\/\/agora.xtec.cat\/escolanouclave\/wp-content\/uploads\/usu1363\/2020\/03\/Captura-de-pantalla-2020-03-23-a-las-13.00.32-e1584964918401-150x150.png 150w\" sizes=\"auto, (max-width: 192px) 100vw, 192px\" \/><span style=\"font-family: inherit;font-size: 1em\">GOOD MORNING!<\/span><\/p>\n<p>Us faig un recordatori:<\/p>\n<p>El que vulgui participar al video WE ARE THE WORLD, encara pot apuntar-s&#8217;hi durant el dia d&#8217;avui M\u00c0XIM!!<br \/>\nDespr\u00e9s ja repartirem frases de la can\u00e7\u00f3 a tots els participants. Ja en som uns quants!<\/p>\n<p>A continuaci\u00f3 us deixo el link de l&#8217;activitat referent a la can\u00e7\u00f3 per si no la vau veure:<\/p>\n<p><a href=\"https:\/\/agora.xtec.cat\/escolanouclave\/primaria\/3r\/activitat-2-english-23-marc-2020-we-are-the-world\/\">https:\/\/agora.xtec.cat\/escolanouclave\/primaria\/3r\/activitat-2-english-23-marc-2020-we-are-the-world\/<\/a><\/p>\n<p>Animeu-vos! Encara sou a temps!!! Per apuntar-vos podeu, o b\u00e9 enviar-me un mail (rmart61@xtec.cat), o b\u00e9 deixeu un comentari en aquesta publicaci\u00f3 del blog dient que SI participeu.<\/p>\n<p>Els que ja heu avisat via mail o amb un comentari al blog, no patiu, ja us tinc apuntats!!<\/p>\n<p>Us esperem!<\/p>\n<p>Rut<\/p>\n<p>&nbsp;<\/p>\n","protected":false},"excerpt":{"rendered":"<p>GOOD MORNING! Us faig un recordatori: El que vulgui participar al video WE ARE THE WORLD, encara pot apuntar-s&#8217;hi durant el dia d&#8217;avui M\u00c0XIM!! Despr\u00e9s ja repartirem frases de la can\u00e7\u00f3 a tots els participants. Ja en som uns quants! A continuaci\u00f3 us deixo el link de l&#8217;activitat referent a la can\u00e7\u00f3 per si no [&hellip;]<\/p>\n","protected":false},"author":17,"featured_media":2192,"comment_status":"open","ping_status":"closed","sticky":false,"template":"","format":"standard","meta":{"_bbp_topic_count":0,"_bbp_reply_count":0,"_bbp_total_topic_count":0,"_bbp_total_reply_count":0,"_bbp_voice_count":0,"_bbp_anonymous_reply_count":0,"_bbp_topic_count_hidden":0,"_bbp_reply_count_hidden":0,"_bbp_forum_subforum_count":0,"site-sidebar-layout":"default","site-content-layout":"","ast-site-content-layout":"","site-content-style":"default","site-sidebar-style":"default","ast-global-header-display":"","ast-banner-title-visibility":"","ast-main-header-display":"","ast-hfb-above-header-display":"","ast-hfb-below-header-display":"","ast-hfb-mobile-header-display":"","site-post-title":"","ast-breadcrumbs-content":"","ast-featured-img":"","footer-sml-layout":"","theme-transparent-header-meta":"","adv-header-id-meta":"","stick-header-meta":"","header-above-stick-meta":"","header-main-stick-meta":"","header-below-stick-meta":"","astra-migrate-meta-layouts":"default","ast-page-background-enabled":"default","ast-page-background-meta":{"desktop":{"background-color":"var(--ast-global-color-4)","background-image":"","background-repeat":"repeat","background-position":"center center","background-size":"auto","background-attachment":"scroll","background-type":"","background-media":"","overlay-type":"","overlay-color":"","overlay-opacity":"","overlay-gradient":""},"tablet":{"background-color":"","background-image":"","background-repeat":"repeat","background-position":"center center","background-size":"auto","background-attachment":"scroll","background-type":"","background-media":"","overlay-type":"","overlay-color":"","overlay-opacity":"","overlay-gradient":""},"mobile":{"background-color":"","background-image":"","background-repeat":"repeat","background-position":"center center","background-size":"auto","background-attachment":"scroll","background-type":"","background-media":"","overlay-type":"","overlay-color":"","overlay-opacity":"","overlay-gradient":""}},"ast-content-background-meta":{"desktop":{"background-color":"var(--ast-global-color-5)","background-image":"","background-repeat":"repeat","background-position":"center center","background-size":"auto","background-attachment":"scroll","background-type":"","background-media":"","overlay-type":"","overlay-color":"","overlay-opacity":"","overlay-gradient":""},"tablet":{"background-color":"var(--ast-global-color-5)","background-image":"","background-repeat":"repeat","background-position":"center center","background-size":"auto","background-attachment":"scroll","background-type":"","background-media":"","overlay-type":"","overlay-color":"","overlay-opacity":"","overlay-gradient":""},"mobile":{"background-color":"var(--ast-global-color-5)","background-image":"","background-repeat":"repeat","background-position":"center center","background-size":"auto","background-attachment":"scroll","background-type":"","background-media":"","overlay-type":"","overlay-color":"","overlay-opacity":"","overlay-gradient":""}},"footnotes":""},"categories":[12,13,14,15],"tags":[],"class_list":["post-2647","post","type-post","status-publish","format-standard","has-post-thumbnail","hentry","category-3r","category-4t","category-5e","category-6e"],"post_mailing_queue_ids":[],"_links":{"self":[{"href":"https:\/\/agora.xtec.cat\/escolanouclave\/wp-json\/wp\/v2\/posts\/2647","targetHints":{"allow":["GET"]}}],"collection":[{"href":"https:\/\/agora.xtec.cat\/escolanouclave\/wp-json\/wp\/v2\/posts"}],"about":[{"href":"https:\/\/agora.xtec.cat\/escolanouclave\/wp-json\/wp\/v2\/types\/post"}],"author":[{"embeddable":true,"href":"https:\/\/agora.xtec.cat\/escolanouclave\/wp-json\/wp\/v2\/users\/17"}],"replies":[{"embeddable":true,"href":"https:\/\/agora.xtec.cat\/escolanouclave\/wp-json\/wp\/v2\/comments?post=2647"}],"version-history":[{"count":1,"href":"https:\/\/agora.xtec.cat\/escolanouclave\/wp-json\/wp\/v2\/posts\/2647\/revisions"}],"predecessor-version":[{"id":2651,"href":"https:\/\/agora.xtec.cat\/escolanouclave\/wp-json\/wp\/v2\/posts\/2647\/revisions\/2651"}],"wp:featuredmedia":[{"embeddable":true,"href":"https:\/\/agora.xtec.cat\/escolanouclave\/wp-json\/wp\/v2\/media\/2192"}],"wp:attachment":[{"href":"https:\/\/agora.xtec.cat\/escolanouclave\/wp-json\/wp\/v2\/media?parent=2647"}],"wp:term":[{"taxonomy":"category","embeddable":true,"href":"https:\/\/agora.xtec.cat\/escolanouclave\/wp-json\/wp\/v2\/categories?post=2647"},{"taxonomy":"post_tag","embeddable":true,"href":"https:\/\/agora.xtec.cat\/escolanouclave\/wp-json\/wp\/v2\/tags?post=2647"}],"curies":[{"name":"wp","href":"https:\/\/api.w.org\/{rel}","templated":true}]}}