{"id":2634,"date":"2020-03-27T09:43:44","date_gmt":"2020-03-27T08:43:44","guid":{"rendered":"http:\/\/agora.xtec.cat\/escolanouclave\/?p=2634"},"modified":"2020-03-27T09:48:18","modified_gmt":"2020-03-27T08:48:18","slug":"activitat-5-27-marc-2020-projecte-el-cuiner","status":"publish","type":"post","link":"https:\/\/agora.xtec.cat\/escolanouclave\/infantil\/p5-infantil\/activitat-5-27-marc-2020-projecte-el-cuiner\/","title":{"rendered":"Activitat 5 \/ 27-Mar\u00e7-2020 \/ PROJECTE &#8220;EL CUINER&#8221;"},"content":{"rendered":"<p><a href=\"https:\/\/agora.xtec.cat\/escolanouclave\/wp-content\/uploads\/usu1363\/2020\/03\/Captura-de-pantalla-2020-03-26-a-las-21.32.34-e1585254798632.png\"><img loading=\"lazy\" decoding=\"async\" class=\"wp-image-2637 aligncenter\" src=\"https:\/\/agora.xtec.cat\/escolanouclave\/wp-content\/uploads\/usu1363\/2020\/03\/Captura-de-pantalla-2020-03-26-a-las-21.32.34-1024x741.png\" alt=\"\" width=\"284\" height=\"206\" \/><\/a><\/p>\n<p>Bon dia Elefants!!! Sabeu qu\u00e8?? SOM CUINERS!!!<\/p>\n<p>Avui divendres comencem el projecte nou &#8220;El cuiner&#8221; i com a bons cuiner\/es&#8230;. us heu de confeccionar el vostre propi barret de cuiner i un davantal&#8230; i mans a l&#8217;obra!!!!<\/p>\n<p><a href=\"https:\/\/agora.xtec.cat\/escolanouclave\/wp-content\/uploads\/usu1363\/2020\/03\/Captura-de-pantalla-2020-03-26-a-las-21.29.56.png\"><img loading=\"lazy\" decoding=\"async\" class=\" wp-image-2636 aligncenter\" src=\"https:\/\/agora.xtec.cat\/escolanouclave\/wp-content\/uploads\/usu1363\/2020\/03\/Captura-de-pantalla-2020-03-26-a-las-21.29.56.png\" alt=\"\" width=\"265\" height=\"322\" srcset=\"https:\/\/agora.xtec.cat\/escolanouclave\/wp-content\/uploads\/usu1363\/2020\/03\/Captura-de-pantalla-2020-03-26-a-las-21.29.56.png 293w, https:\/\/agora.xtec.cat\/escolanouclave\/wp-content\/uploads\/usu1363\/2020\/03\/Captura-de-pantalla-2020-03-26-a-las-21.29.56-247x300.png 247w\" sizes=\"auto, (max-width: 265px) 100vw, 265px\" \/><\/a><\/p>\n<p>Qu\u00e8 us sembla si comencem aquest mat\u00ed de divendres amb dues can\u00e7ons? Una ja la coneixeu molt i l&#8217;altra la podeu aprendre!! Vinga nois animeu-vos!!! Aqu\u00ed us deixo els links:<\/p>\n<p><a href=\"https:\/\/www.youtube.com\/watch?v=fTzTFQbdYEQ\">CantaJuego &#8211; Soy una Taza<\/a><\/p>\n<p><a href=\"https:\/\/www.youtube.com\/watch?v=2ch_aOjuKSQ\">El cuiner<\/a><\/p>\n<p>La proposta d&#8217;avui per tal de treballar la lectoescriptura \u00e9s que pugueu confeccionar el vostre men\u00fa diari. Per fer-ho, aqu\u00ed us deixem una plantilla perqu\u00e8 la pugueu imprimir i omplir amb els \u00e0pats que feu avui. Els que no teniu impressora, no patiu!!! Podeu agafar la vostra llibreta i la decoreu vosaltres mateixos!! Podeu realitzar aquesta activitat sempre que vulgueu! Cliqueu en aquest document: <a href=\"https:\/\/agora.xtec.cat\/escolanouclave\/wp-content\/uploads\/usu1363\/2020\/03\/Menu\u0301-diari.pdf\">Menu\u0301 diari<\/a><\/p>\n<p>Bon cap de setmana, bona cuina i bon profit!! Molts petonets!!<\/p>\n<p>Laura i \u00c0ngels<\/p>\n","protected":false},"excerpt":{"rendered":"<p>Bon dia Elefants!!! Sabeu qu\u00e8?? SOM CUINERS!!! Avui divendres comencem el projecte nou &#8220;El cuiner&#8221; i com a bons cuiner\/es&#8230;. us heu de confeccionar el vostre propi barret de cuiner i un davantal&#8230; i mans a l&#8217;obra!!!! Qu\u00e8 us sembla si comencem aquest mat\u00ed de divendres amb dues can\u00e7ons? Una ja la coneixeu molt i [&hellip;]<\/p>\n","protected":false},"author":26,"featured_media":2637,"comment_status":"open","ping_status":"closed","sticky":false,"template":"","format":"standard","meta":{"_bbp_topic_count":0,"_bbp_reply_count":0,"_bbp_total_topic_count":0,"_bbp_total_reply_count":0,"_bbp_voice_count":0,"_bbp_anonymous_reply_count":0,"_bbp_topic_count_hidden":0,"_bbp_reply_count_hidden":0,"_bbp_forum_subforum_count":0,"site-sidebar-layout":"default","site-content-layout":"","ast-site-content-layout":"","site-content-style":"default","site-sidebar-style":"default","ast-global-header-display":"","ast-banner-title-visibility":"","ast-main-header-display":"","ast-hfb-above-header-display":"","ast-hfb-below-header-display":"","ast-hfb-mobile-header-display":"","site-post-title":"","ast-breadcrumbs-content":"","ast-featured-img":"","footer-sml-layout":"","theme-transparent-header-meta":"","adv-header-id-meta":"","stick-header-meta":"","header-above-stick-meta":"","header-main-stick-meta":"","header-below-stick-meta":"","astra-migrate-meta-layouts":"default","ast-page-background-enabled":"default","ast-page-background-meta":{"desktop":{"background-color":"var(--ast-global-color-4)","background-image":"","background-repeat":"repeat","background-position":"center center","background-size":"auto","background-attachment":"scroll","background-type":"","background-media":"","overlay-type":"","overlay-color":"","overlay-opacity":"","overlay-gradient":""},"tablet":{"background-color":"","background-image":"","background-repeat":"repeat","background-position":"center center","background-size":"auto","background-attachment":"scroll","background-type":"","background-media":"","overlay-type":"","overlay-color":"","overlay-opacity":"","overlay-gradient":""},"mobile":{"background-color":"","background-image":"","background-repeat":"repeat","background-position":"center center","background-size":"auto","background-attachment":"scroll","background-type":"","background-media":"","overlay-type":"","overlay-color":"","overlay-opacity":"","overlay-gradient":""}},"ast-content-background-meta":{"desktop":{"background-color":"var(--ast-global-color-5)","background-image":"","background-repeat":"repeat","background-position":"center center","background-size":"auto","background-attachment":"scroll","background-type":"","background-media":"","overlay-type":"","overlay-color":"","overlay-opacity":"","overlay-gradient":""},"tablet":{"background-color":"var(--ast-global-color-5)","background-image":"","background-repeat":"repeat","background-position":"center center","background-size":"auto","background-attachment":"scroll","background-type":"","background-media":"","overlay-type":"","overlay-color":"","overlay-opacity":"","overlay-gradient":""},"mobile":{"background-color":"var(--ast-global-color-5)","background-image":"","background-repeat":"repeat","background-position":"center center","background-size":"auto","background-attachment":"scroll","background-type":"","background-media":"","overlay-type":"","overlay-color":"","overlay-opacity":"","overlay-gradient":""}},"footnotes":""},"categories":[98],"tags":[337,338,74,339],"class_list":["post-2634","post","type-post","status-publish","format-standard","has-post-thumbnail","hentry","category-p5-infantil","tag-el-cuiner","tag-menu","tag-projecte","tag-som-cuiners"],"post_mailing_queue_ids":[],"_links":{"self":[{"href":"https:\/\/agora.xtec.cat\/escolanouclave\/wp-json\/wp\/v2\/posts\/2634","targetHints":{"allow":["GET"]}}],"collection":[{"href":"https:\/\/agora.xtec.cat\/escolanouclave\/wp-json\/wp\/v2\/posts"}],"about":[{"href":"https:\/\/agora.xtec.cat\/escolanouclave\/wp-json\/wp\/v2\/types\/post"}],"author":[{"embeddable":true,"href":"https:\/\/agora.xtec.cat\/escolanouclave\/wp-json\/wp\/v2\/users\/26"}],"replies":[{"embeddable":true,"href":"https:\/\/agora.xtec.cat\/escolanouclave\/wp-json\/wp\/v2\/comments?post=2634"}],"version-history":[{"count":1,"href":"https:\/\/agora.xtec.cat\/escolanouclave\/wp-json\/wp\/v2\/posts\/2634\/revisions"}],"predecessor-version":[{"id":2638,"href":"https:\/\/agora.xtec.cat\/escolanouclave\/wp-json\/wp\/v2\/posts\/2634\/revisions\/2638"}],"wp:featuredmedia":[{"embeddable":true,"href":"https:\/\/agora.xtec.cat\/escolanouclave\/wp-json\/wp\/v2\/media\/2637"}],"wp:attachment":[{"href":"https:\/\/agora.xtec.cat\/escolanouclave\/wp-json\/wp\/v2\/media?parent=2634"}],"wp:term":[{"taxonomy":"category","embeddable":true,"href":"https:\/\/agora.xtec.cat\/escolanouclave\/wp-json\/wp\/v2\/categories?post=2634"},{"taxonomy":"post_tag","embeddable":true,"href":"https:\/\/agora.xtec.cat\/escolanouclave\/wp-json\/wp\/v2\/tags?post=2634"}],"curies":[{"name":"wp","href":"https:\/\/api.w.org\/{rel}","templated":true}]}}