{"id":2527,"date":"2020-03-26T09:17:20","date_gmt":"2020-03-26T08:17:20","guid":{"rendered":"http:\/\/agora.xtec.cat\/escolanouclave\/?p=2527"},"modified":"2020-03-26T09:17:20","modified_gmt":"2020-03-26T08:17:20","slug":"activitat-4-26-de-marc-llengua-la-lletra-l","status":"publish","type":"post","link":"https:\/\/agora.xtec.cat\/escolanouclave\/infantil\/p4\/activitat-4-26-de-marc-llengua-la-lletra-l\/","title":{"rendered":"Activitat 4 \/26 de mar\u00e7\/ LLengua. La lletra L"},"content":{"rendered":"<p>Hola a tots. Recordeu que fer les activitats heu d\u00b4estar tranquils i concentrats. Per aix\u00f2 avui he pensat comen\u00e7ar el dia fent una mica de yoga.<\/p>\n<div class=\"ast-oembed-container \" style=\"height: 100%;\"><iframe loading=\"lazy\" title=\"Saludo al sol ni\u00f1os - JULIANA Y BAMBOO KIDS\" width=\"500\" height=\"281\" src=\"https:\/\/www.youtube.com\/embed\/VYrT5t8STjI?feature=oembed\" frameborder=\"0\" allow=\"accelerometer; autoplay; clipboard-write; encrypted-media; gyroscope; picture-in-picture; web-share\" referrerpolicy=\"strict-origin-when-cross-origin\" allowfullscreen><\/iframe><\/div>\n<p>Comencem a treballar ?<\/p>\n<p>Avui aprendrem una lletra nova. La lletra<strong> L .\u00a0<\/strong>Com ho farem ? :<\/p>\n<p>1. La L \u00e9s una consonant. Proba de fer el seu S0. Ja veur\u00e0s que si l\u00b4ajuntem amb les vocals podr\u00e0s llegir LA,LE,LI,LO,LU. Us ha sortit ?<\/p>\n<p>2. Ara farem d\u00b4exploradors. Busca per casa objectes que tinguin aquest so. Despr\u00e8s els dibuixes en un full.<\/p>\n<p>3. Pensa amb els companys de classe. Qui t\u00e9 aquest so en el seu nom ?. Intenta esriure el seu nom i seguidament encercla la lletra.<\/p>\n<p>4.\u00a0 Amb plastilina mira de fer la seva forma i passa per sobre de la lletra amb el dit un munt de vegades. Si no tens plastilina pots fer-ho amb escura.dents o llana.<\/p>\n<p>5. Ara amb el dit m\u00e0gic, vosaltres ja sabeu quin \u00e9s, f\u00e9s la grafia a l\u00b4aire.<\/p>\n<p>6. Per \u00faltim agafa un full i f\u00e9s-ne la seva grafia. Oi que \u00e9s f\u00e0cil ?<\/p>\n<p>Una coseta, el nostre amic MONSTRE est\u00e0 preocupat. No sap si aquesta paraula t\u00e9 la lletra L, qu\u00e8 en penses ?.<\/p>\n<p>Petoneeeets.<\/p>\n","protected":false},"excerpt":{"rendered":"<p>Hola a tots. Recordeu que fer les activitats heu d\u00b4estar tranquils i concentrats. Per aix\u00f2 avui he pensat comen\u00e7ar el dia fent una mica de yoga. Comencem a treballar ? Avui aprendrem una lletra nova. La lletra L .\u00a0Com ho farem ? : 1. La L \u00e9s una consonant. Proba de fer el seu S0. [&hellip;]<\/p>\n","protected":false},"author":6,"featured_media":2536,"comment_status":"open","ping_status":"closed","sticky":false,"template":"","format":"standard","meta":{"_bbp_topic_count":0,"_bbp_reply_count":0,"_bbp_total_topic_count":0,"_bbp_total_reply_count":0,"_bbp_voice_count":0,"_bbp_anonymous_reply_count":0,"_bbp_topic_count_hidden":0,"_bbp_reply_count_hidden":0,"_bbp_forum_subforum_count":0,"site-sidebar-layout":"default","site-content-layout":"","ast-site-content-layout":"","site-content-style":"default","site-sidebar-style":"default","ast-global-header-display":"","ast-banner-title-visibility":"","ast-main-header-display":"","ast-hfb-above-header-display":"","ast-hfb-below-header-display":"","ast-hfb-mobile-header-display":"","site-post-title":"","ast-breadcrumbs-content":"","ast-featured-img":"","footer-sml-layout":"","theme-transparent-header-meta":"","adv-header-id-meta":"","stick-header-meta":"","header-above-stick-meta":"","header-main-stick-meta":"","header-below-stick-meta":"","astra-migrate-meta-layouts":"default","ast-page-background-enabled":"default","ast-page-background-meta":{"desktop":{"background-color":"var(--ast-global-color-4)","background-image":"","background-repeat":"repeat","background-position":"center center","background-size":"auto","background-attachment":"scroll","background-type":"","background-media":"","overlay-type":"","overlay-color":"","overlay-opacity":"","overlay-gradient":""},"tablet":{"background-color":"","background-image":"","background-repeat":"repeat","background-position":"center center","background-size":"auto","background-attachment":"scroll","background-type":"","background-media":"","overlay-type":"","overlay-color":"","overlay-opacity":"","overlay-gradient":""},"mobile":{"background-color":"","background-image":"","background-repeat":"repeat","background-position":"center center","background-size":"auto","background-attachment":"scroll","background-type":"","background-media":"","overlay-type":"","overlay-color":"","overlay-opacity":"","overlay-gradient":""}},"ast-content-background-meta":{"desktop":{"background-color":"var(--ast-global-color-5)","background-image":"","background-repeat":"repeat","background-position":"center center","background-size":"auto","background-attachment":"scroll","background-type":"","background-media":"","overlay-type":"","overlay-color":"","overlay-opacity":"","overlay-gradient":""},"tablet":{"background-color":"var(--ast-global-color-5)","background-image":"","background-repeat":"repeat","background-position":"center center","background-size":"auto","background-attachment":"scroll","background-type":"","background-media":"","overlay-type":"","overlay-color":"","overlay-opacity":"","overlay-gradient":""},"mobile":{"background-color":"var(--ast-global-color-5)","background-image":"","background-repeat":"repeat","background-position":"center center","background-size":"auto","background-attachment":"scroll","background-type":"","background-media":"","overlay-type":"","overlay-color":"","overlay-opacity":"","overlay-gradient":""}},"footnotes":""},"categories":[8],"tags":[314,298],"class_list":["post-2527","post","type-post","status-publish","format-standard","has-post-thumbnail","hentry","category-p4","tag-la-lletra-l","tag-llengua"],"post_mailing_queue_ids":[],"_links":{"self":[{"href":"https:\/\/agora.xtec.cat\/escolanouclave\/wp-json\/wp\/v2\/posts\/2527","targetHints":{"allow":["GET"]}}],"collection":[{"href":"https:\/\/agora.xtec.cat\/escolanouclave\/wp-json\/wp\/v2\/posts"}],"about":[{"href":"https:\/\/agora.xtec.cat\/escolanouclave\/wp-json\/wp\/v2\/types\/post"}],"author":[{"embeddable":true,"href":"https:\/\/agora.xtec.cat\/escolanouclave\/wp-json\/wp\/v2\/users\/6"}],"replies":[{"embeddable":true,"href":"https:\/\/agora.xtec.cat\/escolanouclave\/wp-json\/wp\/v2\/comments?post=2527"}],"version-history":[{"count":2,"href":"https:\/\/agora.xtec.cat\/escolanouclave\/wp-json\/wp\/v2\/posts\/2527\/revisions"}],"predecessor-version":[{"id":2537,"href":"https:\/\/agora.xtec.cat\/escolanouclave\/wp-json\/wp\/v2\/posts\/2527\/revisions\/2537"}],"wp:featuredmedia":[{"embeddable":true,"href":"https:\/\/agora.xtec.cat\/escolanouclave\/wp-json\/wp\/v2\/media\/2536"}],"wp:attachment":[{"href":"https:\/\/agora.xtec.cat\/escolanouclave\/wp-json\/wp\/v2\/media?parent=2527"}],"wp:term":[{"taxonomy":"category","embeddable":true,"href":"https:\/\/agora.xtec.cat\/escolanouclave\/wp-json\/wp\/v2\/categories?post=2527"},{"taxonomy":"post_tag","embeddable":true,"href":"https:\/\/agora.xtec.cat\/escolanouclave\/wp-json\/wp\/v2\/tags?post=2527"}],"curies":[{"name":"wp","href":"https:\/\/api.w.org\/{rel}","templated":true}]}}