{"id":2315,"date":"2020-03-24T09:04:23","date_gmt":"2020-03-24T08:04:23","guid":{"rendered":"http:\/\/agora.xtec.cat\/escolanouclave\/?p=2315"},"modified":"2020-03-24T09:05:48","modified_gmt":"2020-03-24T08:05:48","slug":"activitat-2-24-03-2020-rutines","status":"publish","type":"post","link":"https:\/\/agora.xtec.cat\/escolanouclave\/infantil\/p3\/activitat-2-24-03-2020-rutines\/","title":{"rendered":"ACTIVITAT 2. 24\/03\/2020. RUTINES"},"content":{"rendered":"<p>Bon dia!!!<\/p>\n<p>Qu\u00e8 tal heu dormit avui?? Heu somiat coses boniques? Doncs, apa, anem a posar-nos en marxa!!! Comencem el dia tal i com ho fem a l&#8217;escola, amb les nostres can\u00e7ons!! Escolteu-les per enrecordar-vos i canteu-les als pares!! Eeeehhhh!! Nom\u00e9s un parell de vegades com a molt!! Pobrets pares, mares, avis o tiets!!<\/p>\n<p>Us record\u00f3 tamb\u00e9 la dita de les vocals que fem a diari:<\/p>\n<p style=\"text-align: center\"><strong>A, A, A&#8230;. LA \u00a0 A\u00a0 SEU\u00a0 AL \u2026<\/strong><\/p>\n<p style=\"text-align: center\"><a style=\"color: #2ba6cb;line-height: inherit;text-decoration: none\" href=\"https:\/\/agora.xtec.cat\/escolanouclave\/wp-content\/uploads\/usu1363\/2020\/03\/SOF\u00c1.png\"><img loading=\"lazy\" decoding=\"async\" class=\"wp-image-2316 alignnone\" style=\"height: auto;max-width: 100%;border: medium none currentColor\" src=\"https:\/\/agora.xtec.cat\/escolanouclave\/wp-content\/uploads\/usu1363\/2020\/03\/SOF\u00c1.png\" alt=\"\" width=\"191\" height=\"120\" \/><\/a><\/p>\n<p style=\"text-align: center\"><strong>E, E, E&#8230; LA\u00a0 E\u00a0 PREN UN&#8230; <\/strong><a href=\"https:\/\/agora.xtec.cat\/escolanouclave\/wp-content\/uploads\/usu1363\/2020\/03\/CAF\u00c9.png\"><img loading=\"lazy\" decoding=\"async\" class=\"wp-image-2317 aligncenter\" src=\"https:\/\/agora.xtec.cat\/escolanouclave\/wp-content\/uploads\/usu1363\/2020\/03\/CAF\u00c9.png\" alt=\"\" width=\"140\" height=\"110\" \/><\/a><\/p>\n<p style=\"text-align: center\"><strong>I, I, I, &#8230; PUJO A DALT\u00a0 D&#8217;UN&#8230;<\/strong><i><\/i><u><\/u><\/p>\n<p><a href=\"https:\/\/agora.xtec.cat\/escolanouclave\/wp-content\/uploads\/usu1363\/2020\/03\/PI.jpg\"><img loading=\"lazy\" decoding=\"async\" class=\"wp-image-2319 aligncenter\" src=\"https:\/\/agora.xtec.cat\/escolanouclave\/wp-content\/uploads\/usu1363\/2020\/03\/PI.jpg\" alt=\"\" width=\"123\" height=\"183\" srcset=\"https:\/\/agora.xtec.cat\/escolanouclave\/wp-content\/uploads\/usu1363\/2020\/03\/PI.jpg 322w, https:\/\/agora.xtec.cat\/escolanouclave\/wp-content\/uploads\/usu1363\/2020\/03\/PI-202x300.jpg 202w\" sizes=\"auto, (max-width: 123px) 100vw, 123px\" \/><\/a><\/p>\n<p style=\"text-align: center\"><strong>O, O, O, VAIG EN &#8230;<\/strong><\/p>\n<p><a href=\"https:\/\/agora.xtec.cat\/escolanouclave\/wp-content\/uploads\/usu1363\/2020\/03\/AVI\u00d3.png\"><img loading=\"lazy\" decoding=\"async\" class=\"wp-image-2320 aligncenter\" src=\"https:\/\/agora.xtec.cat\/escolanouclave\/wp-content\/uploads\/usu1363\/2020\/03\/AVI\u00d3.png\" alt=\"\" width=\"166\" height=\"110\" srcset=\"https:\/\/agora.xtec.cat\/escolanouclave\/wp-content\/uploads\/usu1363\/2020\/03\/AVI\u00d3.png 523w, https:\/\/agora.xtec.cat\/escolanouclave\/wp-content\/uploads\/usu1363\/2020\/03\/AVI\u00d3-300x199.png 300w\" sizes=\"auto, (max-width: 166px) 100vw, 166px\" \/><\/a><\/p>\n<p style=\"text-align: center\"><strong>U, U, U, \u2026 VISC EN UN&#8230;<\/strong><\/p>\n<p><a href=\"https:\/\/agora.xtec.cat\/escolanouclave\/wp-content\/uploads\/usu1363\/2020\/03\/IGL\u00da.png\"><img loading=\"lazy\" decoding=\"async\" class=\"wp-image-2321 aligncenter\" src=\"https:\/\/agora.xtec.cat\/escolanouclave\/wp-content\/uploads\/usu1363\/2020\/03\/IGL\u00da.png\" alt=\"\" width=\"124\" height=\"124\" srcset=\"https:\/\/agora.xtec.cat\/escolanouclave\/wp-content\/uploads\/usu1363\/2020\/03\/IGL\u00da.png 225w, https:\/\/agora.xtec.cat\/escolanouclave\/wp-content\/uploads\/usu1363\/2020\/03\/IGL\u00da-150x150.png 150w\" sizes=\"auto, (max-width: 124px) 100vw, 124px\" \/><\/a><\/p>\n<p>L&#8217;arbre \u00e9s un PI (I, I, I, PUJO A DALT D&#8217;UN PI)<\/p>\n<p>Aqu\u00ed us deixo les can\u00e7ons!!<\/p>\n<div class=\"ast-oembed-container \" style=\"height: 100%;\"><iframe loading=\"lazy\" title=\"D\u00e0maris Gelabert - BON DIA! (Videoclip Oficial) #can\u00e7onsinfantils #fam\u00edlia #can\u00e7onsperaprendre\" width=\"500\" height=\"281\" src=\"https:\/\/www.youtube.com\/embed\/BF7w-xJUlwM?feature=oembed\" frameborder=\"0\" allow=\"accelerometer; autoplay; clipboard-write; encrypted-media; gyroscope; picture-in-picture; web-share\" referrerpolicy=\"strict-origin-when-cross-origin\" allowfullscreen><\/iframe><\/div>\n<div class=\"ast-oembed-container \" style=\"height: 100%;\"><iframe loading=\"lazy\" title=\"D\u00e0maris Gelabert - LES VOCALS (Videoclip Oficial) #can\u00e7onsinfantils #fam\u00edlia #can\u00e7onsperaprendre\" width=\"500\" height=\"281\" src=\"https:\/\/www.youtube.com\/embed\/whuKasZzqDU?feature=oembed\" frameborder=\"0\" allow=\"accelerometer; autoplay; clipboard-write; encrypted-media; gyroscope; picture-in-picture; web-share\" referrerpolicy=\"strict-origin-when-cross-origin\" allowfullscreen><\/iframe><\/div>\n<div class=\"ast-oembed-container \" style=\"height: 100%;\"><iframe loading=\"lazy\" title=\"D\u00e0maris Gelabert - ELS DIES DE LA SETMANA (Videoclip Oficial) #can\u00e7onsinfantils #can\u00e7onsperaprendre\" width=\"500\" height=\"281\" src=\"https:\/\/www.youtube.com\/embed\/4atoVE3t-yo?feature=oembed\" frameborder=\"0\" allow=\"accelerometer; autoplay; clipboard-write; encrypted-media; gyroscope; picture-in-picture; web-share\" referrerpolicy=\"strict-origin-when-cross-origin\" allowfullscreen><\/iframe><\/div>\n<p>Ens veiem!!!! US ALOVIU!!<\/p>\n<p>&nbsp;<\/p>\n<p style=\"text-align: center\">\n","protected":false},"excerpt":{"rendered":"<p>Bon dia!!! Qu\u00e8 tal heu dormit avui?? Heu somiat coses boniques? Doncs, apa, anem a posar-nos en marxa!!! Comencem el dia tal i com ho fem a l&#8217;escola, amb les nostres can\u00e7ons!! Escolteu-les per enrecordar-vos i canteu-les als pares!! Eeeehhhh!! Nom\u00e9s un parell de vegades com a molt!! Pobrets pares, mares, avis o tiets!! Us [&hellip;]<\/p>\n","protected":false},"author":11,"featured_media":2324,"comment_status":"open","ping_status":"closed","sticky":false,"template":"","format":"standard","meta":{"_bbp_topic_count":0,"_bbp_reply_count":0,"_bbp_total_topic_count":0,"_bbp_total_reply_count":0,"_bbp_voice_count":0,"_bbp_anonymous_reply_count":0,"_bbp_topic_count_hidden":0,"_bbp_reply_count_hidden":0,"_bbp_forum_subforum_count":0,"site-sidebar-layout":"default","site-content-layout":"","ast-site-content-layout":"","site-content-style":"default","site-sidebar-style":"default","ast-global-header-display":"","ast-banner-title-visibility":"","ast-main-header-display":"","ast-hfb-above-header-display":"","ast-hfb-below-header-display":"","ast-hfb-mobile-header-display":"","site-post-title":"","ast-breadcrumbs-content":"","ast-featured-img":"","footer-sml-layout":"","theme-transparent-header-meta":"","adv-header-id-meta":"","stick-header-meta":"","header-above-stick-meta":"","header-main-stick-meta":"","header-below-stick-meta":"","astra-migrate-meta-layouts":"default","ast-page-background-enabled":"default","ast-page-background-meta":{"desktop":{"background-color":"var(--ast-global-color-4)","background-image":"","background-repeat":"repeat","background-position":"center center","background-size":"auto","background-attachment":"scroll","background-type":"","background-media":"","overlay-type":"","overlay-color":"","overlay-opacity":"","overlay-gradient":""},"tablet":{"background-color":"","background-image":"","background-repeat":"repeat","background-position":"center center","background-size":"auto","background-attachment":"scroll","background-type":"","background-media":"","overlay-type":"","overlay-color":"","overlay-opacity":"","overlay-gradient":""},"mobile":{"background-color":"","background-image":"","background-repeat":"repeat","background-position":"center center","background-size":"auto","background-attachment":"scroll","background-type":"","background-media":"","overlay-type":"","overlay-color":"","overlay-opacity":"","overlay-gradient":""}},"ast-content-background-meta":{"desktop":{"background-color":"var(--ast-global-color-5)","background-image":"","background-repeat":"repeat","background-position":"center center","background-size":"auto","background-attachment":"scroll","background-type":"","background-media":"","overlay-type":"","overlay-color":"","overlay-opacity":"","overlay-gradient":""},"tablet":{"background-color":"var(--ast-global-color-5)","background-image":"","background-repeat":"repeat","background-position":"center center","background-size":"auto","background-attachment":"scroll","background-type":"","background-media":"","overlay-type":"","overlay-color":"","overlay-opacity":"","overlay-gradient":""},"mobile":{"background-color":"var(--ast-global-color-5)","background-image":"","background-repeat":"repeat","background-position":"center center","background-size":"auto","background-attachment":"scroll","background-type":"","background-media":"","overlay-type":"","overlay-color":"","overlay-opacity":"","overlay-gradient":""}},"footnotes":""},"categories":[3],"tags":[264,246,263],"class_list":["post-2315","post","type-post","status-publish","format-standard","has-post-thumbnail","hentry","category-p3","tag-cancons","tag-jo-em-quedo-a-casa","tag-rutines"],"post_mailing_queue_ids":[],"_links":{"self":[{"href":"https:\/\/agora.xtec.cat\/escolanouclave\/wp-json\/wp\/v2\/posts\/2315","targetHints":{"allow":["GET"]}}],"collection":[{"href":"https:\/\/agora.xtec.cat\/escolanouclave\/wp-json\/wp\/v2\/posts"}],"about":[{"href":"https:\/\/agora.xtec.cat\/escolanouclave\/wp-json\/wp\/v2\/types\/post"}],"author":[{"embeddable":true,"href":"https:\/\/agora.xtec.cat\/escolanouclave\/wp-json\/wp\/v2\/users\/11"}],"replies":[{"embeddable":true,"href":"https:\/\/agora.xtec.cat\/escolanouclave\/wp-json\/wp\/v2\/comments?post=2315"}],"version-history":[{"count":3,"href":"https:\/\/agora.xtec.cat\/escolanouclave\/wp-json\/wp\/v2\/posts\/2315\/revisions"}],"predecessor-version":[{"id":2325,"href":"https:\/\/agora.xtec.cat\/escolanouclave\/wp-json\/wp\/v2\/posts\/2315\/revisions\/2325"}],"wp:featuredmedia":[{"embeddable":true,"href":"https:\/\/agora.xtec.cat\/escolanouclave\/wp-json\/wp\/v2\/media\/2324"}],"wp:attachment":[{"href":"https:\/\/agora.xtec.cat\/escolanouclave\/wp-json\/wp\/v2\/media?parent=2315"}],"wp:term":[{"taxonomy":"category","embeddable":true,"href":"https:\/\/agora.xtec.cat\/escolanouclave\/wp-json\/wp\/v2\/categories?post=2315"},{"taxonomy":"post_tag","embeddable":true,"href":"https:\/\/agora.xtec.cat\/escolanouclave\/wp-json\/wp\/v2\/tags?post=2315"}],"curies":[{"name":"wp","href":"https:\/\/api.w.org\/{rel}","templated":true}]}}