{"id":1908,"date":"2020-02-11T16:41:27","date_gmt":"2020-02-11T15:41:27","guid":{"rendered":"http:\/\/agora.xtec.cat\/escolanouclave\/?p=1908"},"modified":"2020-02-12T19:04:53","modified_gmt":"2020-02-12T18:04:53","slug":"100tifiques","status":"publish","type":"post","link":"https:\/\/agora.xtec.cat\/escolanouclave\/general\/100tifiques\/","title":{"rendered":"100t\u00edfiques"},"content":{"rendered":"<div dir=\"ltr\"><\/div>\n<div dir=\"ltr\"><\/div>\n<h5 dir=\"ltr\"><span style=\"color: #000080;\"><a href=\"https:\/\/agora.xtec.cat\/escolanouclave\/wp-content\/uploads\/usu1363\/2020\/02\/100t\u00edfiques3.jpg\"><img loading=\"lazy\" decoding=\"async\" class=\" wp-image-1911 alignleft\" src=\"https:\/\/agora.xtec.cat\/escolanouclave\/wp-content\/uploads\/usu1363\/2020\/02\/100t\u00edfiques3-1024x719.jpg\" alt=\"\" width=\"475\" height=\"333\" srcset=\"https:\/\/agora.xtec.cat\/escolanouclave\/wp-content\/uploads\/usu1363\/2020\/02\/100t\u00edfiques3-1024x719.jpg 1024w, https:\/\/agora.xtec.cat\/escolanouclave\/wp-content\/uploads\/usu1363\/2020\/02\/100t\u00edfiques3-300x211.jpg 300w, https:\/\/agora.xtec.cat\/escolanouclave\/wp-content\/uploads\/usu1363\/2020\/02\/100t\u00edfiques3-768x539.jpg 768w, https:\/\/agora.xtec.cat\/escolanouclave\/wp-content\/uploads\/usu1363\/2020\/02\/100t\u00edfiques3.jpg 1140w\" sizes=\"auto, (max-width: 475px) 100vw, 475px\" \/><\/a>Amb motiu de la celebraci\u00f3 del Dia Internacional de la Dona i la Nena a la Ci\u00e8ncia, des del Servei d&#8217;Innovaci\u00f3 i Xarxes educatives del Departament d&#8217;Educaci\u00f3\u00a0 els alumnes de 5\u00e8 i 6\u00e8 de prim\u00e0ria i 1r i 2n d&#8217;ESO han assistit a una confer\u00e8ncia impartida per dues dones que tenen i han tingut un recorregut exit\u00f3s en diversos camps de la ci\u00e8ncia. Les ponents han estat\u00a0 Gemma Bolumar i C\u00edntia P\u00e9rez, ambdues enginyeres mec\u00e0niques d&#8217;I+D. Aquesta presentaci\u00f3 forma part de la iniciativa <em>100t\u00edfiques<\/em>, impulsada per la <span style=\"font-family: inherit; font-size: 1em;\">Fundaci\u00f3 Catalana per a la Recerca i la Innovaci\u00f3 (FCRI) i el Barcelona Institute for Science and Technology (BIST), amb la col\u00b7laboraci\u00f3 del Departament d\u2019Educaci\u00f3 de la Generalitat de Catalunya. <\/span><span style=\"font-family: inherit; font-size: 1em;\">Durant l\u201911 de febrer, data en la que s&#8217;ha celebrat la segona edici\u00f3 de la iniciativa, s&#8217;han oferit m\u00e9s de 150 xerrades divulgatives simult\u00e0nies impartides per m\u00e9s de 180 investigadores del m\u00f3n de l\u2019empresa i de centres de recerca i universitats (<em>100t\u00edfiques<\/em>) en 100 escoles de Catalunya, mobilitzant m\u00e9s de 15.000 alumnes de 6\u00e8 de prim\u00e0ria i 1r d\u2019ESO.<\/span><\/span><\/h5>\n<div dir=\"ltr\"><\/div>\n<div dir=\"ltr\">\n<h5 class=\"bold\"><span style=\"color: #000080;\">Amb aquesta acci\u00f3 volem:<\/span><\/h5>\n<ul class=\"table-100tifiques\">\n<li>\n<h5><span style=\"color: #000080;\">Fomentar l\u2019impuls de vocacions cient\u00edfiques i\/o emprenedores entre les nenes.<\/span><\/h5>\n<\/li>\n<li>\n<h5><span style=\"color: #000080;\">Potenciar la connexi\u00f3 i interacci\u00f3 de cient\u00edfiques i ciutadanes, tot vertebrant accions bidireccionals.<\/span><\/h5>\n<\/li>\n<li>\n<h5><span style=\"color: #000080;\">Impulsar vincles i din\u00e0miques col\u00b7laboratives entre cient\u00edfiques del sistema p\u00fablic i del privat; i tamb\u00e9 amb altes directives d\u2019empresa i prescriptores de les pol\u00edtiques p\u00fabliques.<\/span><\/h5>\n<\/li>\n<\/ul>\n<\/div>\n<p>&nbsp;<\/p>\n<p><a href=\"https:\/\/agora.xtec.cat\/escolanouclave\/wp-content\/uploads\/usu1363\/2020\/02\/100t\u00edfiques-1.jpg\"><img loading=\"lazy\" decoding=\"async\" class=\"alignnone wp-image-1909\" src=\"https:\/\/agora.xtec.cat\/escolanouclave\/wp-content\/uploads\/usu1363\/2020\/02\/100t\u00edfiques-1-1024x768.jpg\" alt=\"\" width=\"703\" height=\"527\" srcset=\"https:\/\/agora.xtec.cat\/escolanouclave\/wp-content\/uploads\/usu1363\/2020\/02\/100t\u00edfiques-1-1024x768.jpg 1024w, https:\/\/agora.xtec.cat\/escolanouclave\/wp-content\/uploads\/usu1363\/2020\/02\/100t\u00edfiques-1-300x225.jpg 300w, https:\/\/agora.xtec.cat\/escolanouclave\/wp-content\/uploads\/usu1363\/2020\/02\/100t\u00edfiques-1-768x576.jpg 768w, https:\/\/agora.xtec.cat\/escolanouclave\/wp-content\/uploads\/usu1363\/2020\/02\/100t\u00edfiques-1-200x150.jpg 200w\" sizes=\"auto, (max-width: 703px) 100vw, 703px\" \/><\/a><\/p>\n<p>&nbsp;<\/p>\n<p><a href=\"https:\/\/agora.xtec.cat\/escolanouclave\/wp-content\/uploads\/usu1363\/2020\/02\/100t\u00edfiques2.jpg\"><img loading=\"lazy\" decoding=\"async\" class=\"alignnone wp-image-1910\" src=\"https:\/\/agora.xtec.cat\/escolanouclave\/wp-content\/uploads\/usu1363\/2020\/02\/100t\u00edfiques2-1024x768.jpg\" alt=\"\" width=\"707\" height=\"530\" srcset=\"https:\/\/agora.xtec.cat\/escolanouclave\/wp-content\/uploads\/usu1363\/2020\/02\/100t\u00edfiques2-1024x768.jpg 1024w, https:\/\/agora.xtec.cat\/escolanouclave\/wp-content\/uploads\/usu1363\/2020\/02\/100t\u00edfiques2-300x225.jpg 300w, https:\/\/agora.xtec.cat\/escolanouclave\/wp-content\/uploads\/usu1363\/2020\/02\/100t\u00edfiques2-768x576.jpg 768w, https:\/\/agora.xtec.cat\/escolanouclave\/wp-content\/uploads\/usu1363\/2020\/02\/100t\u00edfiques2-200x150.jpg 200w, https:\/\/agora.xtec.cat\/escolanouclave\/wp-content\/uploads\/usu1363\/2020\/02\/100t\u00edfiques2.jpg 1599w\" sizes=\"auto, (max-width: 707px) 100vw, 707px\" \/><\/a><\/p>\n","protected":false},"excerpt":{"rendered":"<p>Amb motiu de la celebraci\u00f3 del Dia Internacional de la Dona i la Nena a la Ci\u00e8ncia, des del Servei d&#8217;Innovaci\u00f3 i Xarxes educatives del Departament d&#8217;Educaci\u00f3\u00a0 els alumnes de 5\u00e8 i 6\u00e8 de prim\u00e0ria i 1r i 2n d&#8217;ESO han assistit a una confer\u00e8ncia impartida per dues dones que tenen i han tingut un [&hellip;]<\/p>\n","protected":false},"author":1,"featured_media":1911,"comment_status":"open","ping_status":"closed","sticky":false,"template":"","format":"standard","meta":{"_bbp_topic_count":0,"_bbp_reply_count":0,"_bbp_total_topic_count":0,"_bbp_total_reply_count":0,"_bbp_voice_count":0,"_bbp_anonymous_reply_count":0,"_bbp_topic_count_hidden":0,"_bbp_reply_count_hidden":0,"_bbp_forum_subforum_count":0,"site-sidebar-layout":"default","site-content-layout":"","ast-site-content-layout":"","site-content-style":"default","site-sidebar-style":"default","ast-global-header-display":"","ast-banner-title-visibility":"","ast-main-header-display":"","ast-hfb-above-header-display":"","ast-hfb-below-header-display":"","ast-hfb-mobile-header-display":"","site-post-title":"","ast-breadcrumbs-content":"","ast-featured-img":"","footer-sml-layout":"","theme-transparent-header-meta":"","adv-header-id-meta":"","stick-header-meta":"","header-above-stick-meta":"","header-main-stick-meta":"","header-below-stick-meta":"","astra-migrate-meta-layouts":"default","ast-page-background-enabled":"default","ast-page-background-meta":{"desktop":{"background-color":"var(--ast-global-color-4)","background-image":"","background-repeat":"repeat","background-position":"center center","background-size":"auto","background-attachment":"scroll","background-type":"","background-media":"","overlay-type":"","overlay-color":"","overlay-opacity":"","overlay-gradient":""},"tablet":{"background-color":"","background-image":"","background-repeat":"repeat","background-position":"center center","background-size":"auto","background-attachment":"scroll","background-type":"","background-media":"","overlay-type":"","overlay-color":"","overlay-opacity":"","overlay-gradient":""},"mobile":{"background-color":"","background-image":"","background-repeat":"repeat","background-position":"center center","background-size":"auto","background-attachment":"scroll","background-type":"","background-media":"","overlay-type":"","overlay-color":"","overlay-opacity":"","overlay-gradient":""}},"ast-content-background-meta":{"desktop":{"background-color":"var(--ast-global-color-5)","background-image":"","background-repeat":"repeat","background-position":"center center","background-size":"auto","background-attachment":"scroll","background-type":"","background-media":"","overlay-type":"","overlay-color":"","overlay-opacity":"","overlay-gradient":""},"tablet":{"background-color":"var(--ast-global-color-5)","background-image":"","background-repeat":"repeat","background-position":"center center","background-size":"auto","background-attachment":"scroll","background-type":"","background-media":"","overlay-type":"","overlay-color":"","overlay-opacity":"","overlay-gradient":""},"mobile":{"background-color":"var(--ast-global-color-5)","background-image":"","background-repeat":"repeat","background-position":"center center","background-size":"auto","background-attachment":"scroll","background-type":"","background-media":"","overlay-type":"","overlay-color":"","overlay-opacity":"","overlay-gradient":""}},"footnotes":""},"categories":[78,77,14,15,199,1],"tags":[216,83],"class_list":["post-1908","post","type-post","status-publish","format-standard","has-post-thumbnail","hentry","category-1r-eso","category-2n-eso","category-5e","category-6e","category-activitats-descola","category-general","tag-diadonainenaciencia","tag-infonodes"],"post_mailing_queue_ids":[],"_links":{"self":[{"href":"https:\/\/agora.xtec.cat\/escolanouclave\/wp-json\/wp\/v2\/posts\/1908","targetHints":{"allow":["GET"]}}],"collection":[{"href":"https:\/\/agora.xtec.cat\/escolanouclave\/wp-json\/wp\/v2\/posts"}],"about":[{"href":"https:\/\/agora.xtec.cat\/escolanouclave\/wp-json\/wp\/v2\/types\/post"}],"author":[{"embeddable":true,"href":"https:\/\/agora.xtec.cat\/escolanouclave\/wp-json\/wp\/v2\/users\/1"}],"replies":[{"embeddable":true,"href":"https:\/\/agora.xtec.cat\/escolanouclave\/wp-json\/wp\/v2\/comments?post=1908"}],"version-history":[{"count":4,"href":"https:\/\/agora.xtec.cat\/escolanouclave\/wp-json\/wp\/v2\/posts\/1908\/revisions"}],"predecessor-version":[{"id":1917,"href":"https:\/\/agora.xtec.cat\/escolanouclave\/wp-json\/wp\/v2\/posts\/1908\/revisions\/1917"}],"wp:featuredmedia":[{"embeddable":true,"href":"https:\/\/agora.xtec.cat\/escolanouclave\/wp-json\/wp\/v2\/media\/1911"}],"wp:attachment":[{"href":"https:\/\/agora.xtec.cat\/escolanouclave\/wp-json\/wp\/v2\/media?parent=1908"}],"wp:term":[{"taxonomy":"category","embeddable":true,"href":"https:\/\/agora.xtec.cat\/escolanouclave\/wp-json\/wp\/v2\/categories?post=1908"},{"taxonomy":"post_tag","embeddable":true,"href":"https:\/\/agora.xtec.cat\/escolanouclave\/wp-json\/wp\/v2\/tags?post=1908"}],"curies":[{"name":"wp","href":"https:\/\/api.w.org\/{rel}","templated":true}]}}