{"id":1821,"date":"2019-12-19T21:29:15","date_gmt":"2019-12-19T20:29:15","guid":{"rendered":"http:\/\/agora.xtec.cat\/escolanouclave\/?p=1821"},"modified":"2019-12-19T21:30:33","modified_gmt":"2019-12-19T20:30:33","slug":"els-pastorets","status":"publish","type":"post","link":"https:\/\/agora.xtec.cat\/escolanouclave\/general\/els-pastorets\/","title":{"rendered":"Els Pastorets"},"content":{"rendered":"<p>Un any m\u00e9s els alumnes de 4t d&#8217;ESO han interpretat l&#8217;obra &#8220;Els Pastorets&#8221; de Josep M. Folch i Torres, una representaci\u00f3 teatral t\u00edpica de les festes de Nadal a molts indrets de Catalunya. L&#8217;argument d&#8217;aquesta obra combina alguns continguts de rerefons cultural-religi\u00f3s i la lluita del b\u00e9 i del mal entre \u00e0ngels i dimonis, i diverses hist\u00f2ries i di\u00e0legs dels pastors que rememoren el primer Nadal.<br \/>\nDes de principis del segle XXI l&#8217;escenificaci\u00f3 de pastorets \u00e9s molt estesa en els territoris de parla catalana, pel que a l&#8217;escola continuem apostant per fer part\u00edceps dels nostres alumnes d&#8217;una de les representacions tradicionals m\u00e9s arrelades en la nostra cultura.<a href=\"https:\/\/agora.xtec.cat\/escolanouclave\/wp-content\/uploads\/usu1363\/2019\/12\/20191219_212741.jpg\"><img loading=\"lazy\" decoding=\"async\" class=\"alignnone size-large wp-image-1823\" src=\"https:\/\/agora.xtec.cat\/escolanouclave\/wp-content\/uploads\/usu1363\/2019\/12\/20191219_212741-1024x768.jpg\" alt=\"\" width=\"1024\" height=\"768\" srcset=\"https:\/\/agora.xtec.cat\/escolanouclave\/wp-content\/uploads\/usu1363\/2019\/12\/20191219_212741-1024x768.jpg 1024w, https:\/\/agora.xtec.cat\/escolanouclave\/wp-content\/uploads\/usu1363\/2019\/12\/20191219_212741-300x225.jpg 300w, https:\/\/agora.xtec.cat\/escolanouclave\/wp-content\/uploads\/usu1363\/2019\/12\/20191219_212741-768x576.jpg 768w, https:\/\/agora.xtec.cat\/escolanouclave\/wp-content\/uploads\/usu1363\/2019\/12\/20191219_212741-200x150.jpg 200w, https:\/\/agora.xtec.cat\/escolanouclave\/wp-content\/uploads\/usu1363\/2019\/12\/20191219_212741.jpg 1394w\" sizes=\"auto, (max-width: 1024px) 100vw, 1024px\" \/><\/a>.<\/p>\n","protected":false},"excerpt":{"rendered":"<p>Un any m\u00e9s els alumnes de 4t d&#8217;ESO han interpretat l&#8217;obra &#8220;Els Pastorets&#8221; de Josep M. Folch i Torres, una representaci\u00f3 teatral t\u00edpica de les festes de Nadal a molts indrets de Catalunya. L&#8217;argument d&#8217;aquesta obra combina alguns continguts de rerefons cultural-religi\u00f3s i la lluita del b\u00e9 i del mal entre \u00e0ngels i dimonis, i [&hellip;]<\/p>\n","protected":false},"author":1,"featured_media":1823,"comment_status":"open","ping_status":"closed","sticky":false,"template":"","format":"standard","meta":{"_bbp_topic_count":0,"_bbp_reply_count":0,"_bbp_total_topic_count":0,"_bbp_total_reply_count":0,"_bbp_voice_count":0,"_bbp_anonymous_reply_count":0,"_bbp_topic_count_hidden":0,"_bbp_reply_count_hidden":0,"_bbp_forum_subforum_count":0,"site-sidebar-layout":"default","site-content-layout":"","ast-site-content-layout":"","site-content-style":"default","site-sidebar-style":"default","ast-global-header-display":"","ast-banner-title-visibility":"","ast-main-header-display":"","ast-hfb-above-header-display":"","ast-hfb-below-header-display":"","ast-hfb-mobile-header-display":"","site-post-title":"","ast-breadcrumbs-content":"","ast-featured-img":"","footer-sml-layout":"","theme-transparent-header-meta":"","adv-header-id-meta":"","stick-header-meta":"","header-above-stick-meta":"","header-main-stick-meta":"","header-below-stick-meta":"","astra-migrate-meta-layouts":"default","ast-page-background-enabled":"default","ast-page-background-meta":{"desktop":{"background-color":"var(--ast-global-color-4)","background-image":"","background-repeat":"repeat","background-position":"center center","background-size":"auto","background-attachment":"scroll","background-type":"","background-media":"","overlay-type":"","overlay-color":"","overlay-opacity":"","overlay-gradient":""},"tablet":{"background-color":"","background-image":"","background-repeat":"repeat","background-position":"center center","background-size":"auto","background-attachment":"scroll","background-type":"","background-media":"","overlay-type":"","overlay-color":"","overlay-opacity":"","overlay-gradient":""},"mobile":{"background-color":"","background-image":"","background-repeat":"repeat","background-position":"center center","background-size":"auto","background-attachment":"scroll","background-type":"","background-media":"","overlay-type":"","overlay-color":"","overlay-opacity":"","overlay-gradient":""}},"ast-content-background-meta":{"desktop":{"background-color":"var(--ast-global-color-5)","background-image":"","background-repeat":"repeat","background-position":"center center","background-size":"auto","background-attachment":"scroll","background-type":"","background-media":"","overlay-type":"","overlay-color":"","overlay-opacity":"","overlay-gradient":""},"tablet":{"background-color":"var(--ast-global-color-5)","background-image":"","background-repeat":"repeat","background-position":"center center","background-size":"auto","background-attachment":"scroll","background-type":"","background-media":"","overlay-type":"","overlay-color":"","overlay-opacity":"","overlay-gradient":""},"mobile":{"background-color":"var(--ast-global-color-5)","background-image":"","background-repeat":"repeat","background-position":"center center","background-size":"auto","background-attachment":"scroll","background-type":"","background-media":"","overlay-type":"","overlay-color":"","overlay-opacity":"","overlay-gradient":""}},"footnotes":""},"categories":[81,1,75],"tags":[83,207],"class_list":["post-1821","post","type-post","status-publish","format-standard","has-post-thumbnail","hentry","category-4t-eso","category-general","category-secundaria","tag-infonodes","tag-pastorets"],"post_mailing_queue_ids":[],"_links":{"self":[{"href":"https:\/\/agora.xtec.cat\/escolanouclave\/wp-json\/wp\/v2\/posts\/1821","targetHints":{"allow":["GET"]}}],"collection":[{"href":"https:\/\/agora.xtec.cat\/escolanouclave\/wp-json\/wp\/v2\/posts"}],"about":[{"href":"https:\/\/agora.xtec.cat\/escolanouclave\/wp-json\/wp\/v2\/types\/post"}],"author":[{"embeddable":true,"href":"https:\/\/agora.xtec.cat\/escolanouclave\/wp-json\/wp\/v2\/users\/1"}],"replies":[{"embeddable":true,"href":"https:\/\/agora.xtec.cat\/escolanouclave\/wp-json\/wp\/v2\/comments?post=1821"}],"version-history":[{"count":2,"href":"https:\/\/agora.xtec.cat\/escolanouclave\/wp-json\/wp\/v2\/posts\/1821\/revisions"}],"predecessor-version":[{"id":1825,"href":"https:\/\/agora.xtec.cat\/escolanouclave\/wp-json\/wp\/v2\/posts\/1821\/revisions\/1825"}],"wp:featuredmedia":[{"embeddable":true,"href":"https:\/\/agora.xtec.cat\/escolanouclave\/wp-json\/wp\/v2\/media\/1823"}],"wp:attachment":[{"href":"https:\/\/agora.xtec.cat\/escolanouclave\/wp-json\/wp\/v2\/media?parent=1821"}],"wp:term":[{"taxonomy":"category","embeddable":true,"href":"https:\/\/agora.xtec.cat\/escolanouclave\/wp-json\/wp\/v2\/categories?post=1821"},{"taxonomy":"post_tag","embeddable":true,"href":"https:\/\/agora.xtec.cat\/escolanouclave\/wp-json\/wp\/v2\/tags?post=1821"}],"curies":[{"name":"wp","href":"https:\/\/api.w.org\/{rel}","templated":true}]}}