{"id":1808,"date":"2019-11-27T09:01:08","date_gmt":"2019-11-27T08:01:08","guid":{"rendered":"http:\/\/agora.xtec.cat\/escolanouclave\/?p=1808"},"modified":"2019-11-27T15:23:26","modified_gmt":"2019-11-27T14:23:26","slug":"setmana-europea-de-la-prevencio-de-residus","status":"publish","type":"post","link":"https:\/\/agora.xtec.cat\/escolanouclave\/secundaria-2\/setmana-europea-de-la-prevencio-de-residus\/","title":{"rendered":"Setmana Europea de la Prevenci\u00f3 de Residus"},"content":{"rendered":"<p><span style=\"font-weight: 400;\"> <a href=\"https:\/\/agora.xtec.cat\/escolanouclave\/wp-content\/uploads\/usu1363\/2019\/11\/EJp8WK4X0AIeGA1.jpg\"><img loading=\"lazy\" decoding=\"async\" class=\"wp-image-1811 alignright\" src=\"https:\/\/agora.xtec.cat\/escolanouclave\/wp-content\/uploads\/usu1363\/2019\/11\/EJp8WK4X0AIeGA1-1024x768.jpg\" alt=\"\" width=\"356\" height=\"267\" srcset=\"https:\/\/agora.xtec.cat\/escolanouclave\/wp-content\/uploads\/usu1363\/2019\/11\/EJp8WK4X0AIeGA1.jpg 1024w, https:\/\/agora.xtec.cat\/escolanouclave\/wp-content\/uploads\/usu1363\/2019\/11\/EJp8WK4X0AIeGA1-300x225.jpg 300w, https:\/\/agora.xtec.cat\/escolanouclave\/wp-content\/uploads\/usu1363\/2019\/11\/EJp8WK4X0AIeGA1-768x576.jpg 768w, https:\/\/agora.xtec.cat\/escolanouclave\/wp-content\/uploads\/usu1363\/2019\/11\/EJp8WK4X0AIeGA1-200x150.jpg 200w\" sizes=\"auto, (max-width: 356px) 100vw, 356px\" \/><\/a><\/span><\/p>\n<p><span style=\"font-weight: 400;\">Davant la bona acollida que va tenir la campanya de recollida de residus s\u00f2lids en diferents punts de la Serralada de Marina i els marges del riu Bes\u00f2s durant el curs 2018-2019, tant l&#8217;alumnat com el professorat va considerar necessari repetir-la en diverses ocasions durant el curs seg\u00fcent. \u00c9s per aquest motiu que aquest any es va decidir incloure la iniciativa en el programa de la Setmana Europea de la Prevenci\u00f3 de Residus, durant la qual els cursos d\u2019ESO s&#8217;han despla\u00e7at a la Serralada de Marina per fer una recollida de pl\u00e0stics, vidres i altres objectes. Durant aquestes jornades han estat retirades del bosc 15 bosses industrials plenes d&#8217;envasos de pl\u00e0stic, 15 capses plenes d&#8217;ampolles de vidres i nombrosos objectes voluminosos destinats al rebuig.<\/span><\/p>\n<p><span style=\"font-weight: 400;\"><a href=\"https:\/\/agora.xtec.cat\/escolanouclave\/wp-content\/uploads\/usu1363\/2019\/11\/EJ5RoLMWsAEUi8k.jpg\"><img loading=\"lazy\" decoding=\"async\" class=\"wp-image-1810 alignleft\" src=\"https:\/\/agora.xtec.cat\/escolanouclave\/wp-content\/uploads\/usu1363\/2019\/11\/EJ5RoLMWsAEUi8k-1024x768.jpg\" alt=\"\" width=\"313\" height=\"235\" srcset=\"https:\/\/agora.xtec.cat\/escolanouclave\/wp-content\/uploads\/usu1363\/2019\/11\/EJ5RoLMWsAEUi8k-1024x768.jpg 1024w, https:\/\/agora.xtec.cat\/escolanouclave\/wp-content\/uploads\/usu1363\/2019\/11\/EJ5RoLMWsAEUi8k-300x225.jpg 300w, https:\/\/agora.xtec.cat\/escolanouclave\/wp-content\/uploads\/usu1363\/2019\/11\/EJ5RoLMWsAEUi8k-768x576.jpg 768w, https:\/\/agora.xtec.cat\/escolanouclave\/wp-content\/uploads\/usu1363\/2019\/11\/EJ5RoLMWsAEUi8k-200x150.jpg 200w, https:\/\/agora.xtec.cat\/escolanouclave\/wp-content\/uploads\/usu1363\/2019\/11\/EJ5RoLMWsAEUi8k.jpg 1200w\" sizes=\"auto, (max-width: 313px) 100vw, 313px\" \/><\/a><\/span><\/p>\n<p>&nbsp;<\/p>\n<p>&nbsp;<\/p>\n<p><span style=\"font-weight: 400;\">A<\/span><span style=\"font-weight: 400;\">mb aquesta iniciativa es preten c<\/span><span style=\"font-family: inherit; font-size: 1em;\">onscienciar l\u2019alumnat de l\u2019impacte negatiu del pl\u00e0stic i altres residus en el medi natural, aix\u00ed com la dubtosa praxi d&#8217;alguns visitants del bosc. Tanmateix es pret\u00e9n <\/span><span style=\"font-weight: 400;\">potenciar la reducci\u00f3 del consum dels envasos aprofitant per a poder o<\/span><span style=\"font-family: inherit; font-size: 1em;\">ferir un servei a la comunitat tenint cura del paisatge i l\u2019entorn.<\/span><\/p>\n<p>&nbsp;<\/p>\n<p>&nbsp;<\/p>\n<p><a href=\"https:\/\/agora.xtec.cat\/escolanouclave\/wp-content\/uploads\/usu1363\/2019\/11\/banner_ewwr2019.jpg\"><img loading=\"lazy\" decoding=\"async\" class=\" wp-image-1816 aligncenter\" src=\"https:\/\/agora.xtec.cat\/escolanouclave\/wp-content\/uploads\/usu1363\/2019\/11\/banner_ewwr2019.jpg\" alt=\"\" width=\"991\" height=\"193\" srcset=\"https:\/\/agora.xtec.cat\/escolanouclave\/wp-content\/uploads\/usu1363\/2019\/11\/banner_ewwr2019.jpg 750w, https:\/\/agora.xtec.cat\/escolanouclave\/wp-content\/uploads\/usu1363\/2019\/11\/banner_ewwr2019-300x58.jpg 300w\" sizes=\"auto, (max-width: 991px) 100vw, 991px\" \/><\/a><\/p>\n","protected":false},"excerpt":{"rendered":"<p>Davant la bona acollida que va tenir la campanya de recollida de residus s\u00f2lids en diferents punts de la Serralada de Marina i els marges del riu Bes\u00f2s durant el curs 2018-2019, tant l&#8217;alumnat com el professorat va considerar necessari repetir-la en diverses ocasions durant el curs seg\u00fcent. \u00c9s per aquest motiu que aquest any [&hellip;]<\/p>\n","protected":false},"author":1,"featured_media":1809,"comment_status":"open","ping_status":"closed","sticky":false,"template":"","format":"standard","meta":{"_bbp_topic_count":0,"_bbp_reply_count":0,"_bbp_total_topic_count":0,"_bbp_total_reply_count":0,"_bbp_voice_count":0,"_bbp_anonymous_reply_count":0,"_bbp_topic_count_hidden":0,"_bbp_reply_count_hidden":0,"_bbp_forum_subforum_count":0,"site-sidebar-layout":"default","site-content-layout":"","ast-site-content-layout":"","site-content-style":"default","site-sidebar-style":"default","ast-global-header-display":"","ast-banner-title-visibility":"","ast-main-header-display":"","ast-hfb-above-header-display":"","ast-hfb-below-header-display":"","ast-hfb-mobile-header-display":"","site-post-title":"","ast-breadcrumbs-content":"","ast-featured-img":"","footer-sml-layout":"","theme-transparent-header-meta":"","adv-header-id-meta":"","stick-header-meta":"","header-above-stick-meta":"","header-main-stick-meta":"","header-below-stick-meta":"","astra-migrate-meta-layouts":"default","ast-page-background-enabled":"default","ast-page-background-meta":{"desktop":{"background-color":"var(--ast-global-color-4)","background-image":"","background-repeat":"repeat","background-position":"center center","background-size":"auto","background-attachment":"scroll","background-type":"","background-media":"","overlay-type":"","overlay-color":"","overlay-opacity":"","overlay-gradient":""},"tablet":{"background-color":"","background-image":"","background-repeat":"repeat","background-position":"center center","background-size":"auto","background-attachment":"scroll","background-type":"","background-media":"","overlay-type":"","overlay-color":"","overlay-opacity":"","overlay-gradient":""},"mobile":{"background-color":"","background-image":"","background-repeat":"repeat","background-position":"center center","background-size":"auto","background-attachment":"scroll","background-type":"","background-media":"","overlay-type":"","overlay-color":"","overlay-opacity":"","overlay-gradient":""}},"ast-content-background-meta":{"desktop":{"background-color":"var(--ast-global-color-5)","background-image":"","background-repeat":"repeat","background-position":"center center","background-size":"auto","background-attachment":"scroll","background-type":"","background-media":"","overlay-type":"","overlay-color":"","overlay-opacity":"","overlay-gradient":""},"tablet":{"background-color":"var(--ast-global-color-5)","background-image":"","background-repeat":"repeat","background-position":"center center","background-size":"auto","background-attachment":"scroll","background-type":"","background-media":"","overlay-type":"","overlay-color":"","overlay-opacity":"","overlay-gradient":""},"mobile":{"background-color":"var(--ast-global-color-5)","background-image":"","background-repeat":"repeat","background-position":"center center","background-size":"auto","background-attachment":"scroll","background-type":"","background-media":"","overlay-type":"","overlay-color":"","overlay-opacity":"","overlay-gradient":""}},"footnotes":""},"categories":[78,80,81,133,76],"tags":[206,205,83,204],"class_list":["post-1808","post","type-post","status-publish","format-standard","has-post-thumbnail","hentry","category-1r-eso","category-3r-eso","category-4t-eso","category-projecte-medi-ambient","category-secundaria-2","tag-ewwr2019","tag-ewwrcat","tag-infonodes","tag-mediambient"],"post_mailing_queue_ids":[],"_links":{"self":[{"href":"https:\/\/agora.xtec.cat\/escolanouclave\/wp-json\/wp\/v2\/posts\/1808","targetHints":{"allow":["GET"]}}],"collection":[{"href":"https:\/\/agora.xtec.cat\/escolanouclave\/wp-json\/wp\/v2\/posts"}],"about":[{"href":"https:\/\/agora.xtec.cat\/escolanouclave\/wp-json\/wp\/v2\/types\/post"}],"author":[{"embeddable":true,"href":"https:\/\/agora.xtec.cat\/escolanouclave\/wp-json\/wp\/v2\/users\/1"}],"replies":[{"embeddable":true,"href":"https:\/\/agora.xtec.cat\/escolanouclave\/wp-json\/wp\/v2\/comments?post=1808"}],"version-history":[{"count":4,"href":"https:\/\/agora.xtec.cat\/escolanouclave\/wp-json\/wp\/v2\/posts\/1808\/revisions"}],"predecessor-version":[{"id":1820,"href":"https:\/\/agora.xtec.cat\/escolanouclave\/wp-json\/wp\/v2\/posts\/1808\/revisions\/1820"}],"wp:featuredmedia":[{"embeddable":true,"href":"https:\/\/agora.xtec.cat\/escolanouclave\/wp-json\/wp\/v2\/media\/1809"}],"wp:attachment":[{"href":"https:\/\/agora.xtec.cat\/escolanouclave\/wp-json\/wp\/v2\/media?parent=1808"}],"wp:term":[{"taxonomy":"category","embeddable":true,"href":"https:\/\/agora.xtec.cat\/escolanouclave\/wp-json\/wp\/v2\/categories?post=1808"},{"taxonomy":"post_tag","embeddable":true,"href":"https:\/\/agora.xtec.cat\/escolanouclave\/wp-json\/wp\/v2\/tags?post=1808"}],"curies":[{"name":"wp","href":"https:\/\/api.w.org\/{rel}","templated":true}]}}