{"id":1740,"date":"2019-11-08T12:54:19","date_gmt":"2019-11-08T11:54:19","guid":{"rendered":"http:\/\/agora.xtec.cat\/escolanouclave\/?p=1740"},"modified":"2019-11-08T12:56:50","modified_gmt":"2019-11-08T11:56:50","slug":"visita-a-la-colonia-de-cal-vidal-puig-reig","status":"publish","type":"post","link":"https:\/\/agora.xtec.cat\/escolanouclave\/general\/visita-a-la-colonia-de-cal-vidal-puig-reig\/","title":{"rendered":"Visita a la Col\u00f2nia de Cal Vidal (Puig-Reig)"},"content":{"rendered":"<p><a href=\"https:\/\/agora.xtec.cat\/escolanouclave\/wp-content\/uploads\/usu1363\/2019\/11\/EIx1wCjW4AEzkWC.jpg\"><img loading=\"lazy\" decoding=\"async\" class=\"wp-image-1741 alignright\" src=\"https:\/\/agora.xtec.cat\/escolanouclave\/wp-content\/uploads\/usu1363\/2019\/11\/EIx1wCjW4AEzkWC-1024x768.jpg\" alt=\"\" width=\"484\" height=\"363\" srcset=\"https:\/\/agora.xtec.cat\/escolanouclave\/wp-content\/uploads\/usu1363\/2019\/11\/EIx1wCjW4AEzkWC-1024x768.jpg 1024w, https:\/\/agora.xtec.cat\/escolanouclave\/wp-content\/uploads\/usu1363\/2019\/11\/EIx1wCjW4AEzkWC-300x225.jpg 300w, https:\/\/agora.xtec.cat\/escolanouclave\/wp-content\/uploads\/usu1363\/2019\/11\/EIx1wCjW4AEzkWC-768x576.jpg 768w, https:\/\/agora.xtec.cat\/escolanouclave\/wp-content\/uploads\/usu1363\/2019\/11\/EIx1wCjW4AEzkWC-200x150.jpg 200w, https:\/\/agora.xtec.cat\/escolanouclave\/wp-content\/uploads\/usu1363\/2019\/11\/EIx1wCjW4AEzkWC.jpg 1200w\" sizes=\"auto, (max-width: 484px) 100vw, 484px\" \/><\/a>Els alumnes de 3r i 4t d\u2019ESO van poder realitzar el passat dijous 7 de novembre una visita a la col\u00f2nia industrial de Cal Vidal, a Puig-Reig (Bergued\u00e0), on van\u00a0 con\u00e8ixer un dels conjunts industrials m\u00e9s destacats del territori. La Col\u00f2nia Vidal \u00e9s una antiga col\u00f2nia t\u00e8xtil concebuda com un nucli autosuficient, amb habitatges per als obrers, esgl\u00e9sia, escola, botigues, etc. a la riba del riu Llobregat. Les col\u00f2nies industrials van ser un dels trets caracter\u00edstics de la Revoluci\u00f3 Industrial de Catalunya. Actualment hi mostra el Museu de la Col\u00f2nia Vidal de Puig-reig i forma part del Sistema Territorial del Museu de la Ci\u00e8ncia i de la T\u00e8cnica de Catalunya.<\/p>\n<p>El seu fundador\u00a0 va ser Ignasi Vidal i Balet, que al 1882\u00a0 va comprar els terrenys necessaris per a la construcci\u00f3 de la col\u00f2nia, que es va iniciar deu anys despr\u00e9s. El projecte constructiu va anar a c\u00e0rrec d&#8217;un dels seus propietaris, l&#8217;enginyer Vicen\u00e7 Vidal i Casacuberta, i es va allargar fins el 1901. La col\u00f2nia va estar en funcionament\u00a0 fins el 1980.<\/p>\n<p>&nbsp;<\/p>\n<p>Si voleu m\u00e9s informaci\u00f3 feu clic en el seg\u00fcent enlla\u00e7: <a href=\"https:\/\/www.museucoloniavidal.org\/\">Col\u00f2nia Vidal<\/a><\/p>\n","protected":false},"excerpt":{"rendered":"<p>Els alumnes de 3r i 4t d\u2019ESO van poder realitzar el passat dijous 7 de novembre una visita a la col\u00f2nia industrial de Cal Vidal, a Puig-Reig (Bergued\u00e0), on van\u00a0 con\u00e8ixer un dels conjunts industrials m\u00e9s destacats del territori. La Col\u00f2nia Vidal \u00e9s una antiga col\u00f2nia t\u00e8xtil concebuda com un nucli autosuficient, amb habitatges per [&hellip;]<\/p>\n","protected":false},"author":1,"featured_media":1741,"comment_status":"open","ping_status":"closed","sticky":false,"template":"","format":"standard","meta":{"_bbp_topic_count":0,"_bbp_reply_count":0,"_bbp_total_topic_count":0,"_bbp_total_reply_count":0,"_bbp_voice_count":0,"_bbp_anonymous_reply_count":0,"_bbp_topic_count_hidden":0,"_bbp_reply_count_hidden":0,"_bbp_forum_subforum_count":0,"site-sidebar-layout":"default","site-content-layout":"","ast-site-content-layout":"","site-content-style":"default","site-sidebar-style":"default","ast-global-header-display":"","ast-banner-title-visibility":"","ast-main-header-display":"","ast-hfb-above-header-display":"","ast-hfb-below-header-display":"","ast-hfb-mobile-header-display":"","site-post-title":"","ast-breadcrumbs-content":"","ast-featured-img":"","footer-sml-layout":"","theme-transparent-header-meta":"","adv-header-id-meta":"","stick-header-meta":"","header-above-stick-meta":"","header-main-stick-meta":"","header-below-stick-meta":"","astra-migrate-meta-layouts":"default","ast-page-background-enabled":"default","ast-page-background-meta":{"desktop":{"background-color":"var(--ast-global-color-4)","background-image":"","background-repeat":"repeat","background-position":"center center","background-size":"auto","background-attachment":"scroll","background-type":"","background-media":"","overlay-type":"","overlay-color":"","overlay-opacity":"","overlay-gradient":""},"tablet":{"background-color":"","background-image":"","background-repeat":"repeat","background-position":"center center","background-size":"auto","background-attachment":"scroll","background-type":"","background-media":"","overlay-type":"","overlay-color":"","overlay-opacity":"","overlay-gradient":""},"mobile":{"background-color":"","background-image":"","background-repeat":"repeat","background-position":"center center","background-size":"auto","background-attachment":"scroll","background-type":"","background-media":"","overlay-type":"","overlay-color":"","overlay-opacity":"","overlay-gradient":""}},"ast-content-background-meta":{"desktop":{"background-color":"var(--ast-global-color-5)","background-image":"","background-repeat":"repeat","background-position":"center center","background-size":"auto","background-attachment":"scroll","background-type":"","background-media":"","overlay-type":"","overlay-color":"","overlay-opacity":"","overlay-gradient":""},"tablet":{"background-color":"var(--ast-global-color-5)","background-image":"","background-repeat":"repeat","background-position":"center center","background-size":"auto","background-attachment":"scroll","background-type":"","background-media":"","overlay-type":"","overlay-color":"","overlay-opacity":"","overlay-gradient":""},"mobile":{"background-color":"var(--ast-global-color-5)","background-image":"","background-repeat":"repeat","background-position":"center center","background-size":"auto","background-attachment":"scroll","background-type":"","background-media":"","overlay-type":"","overlay-color":"","overlay-opacity":"","overlay-gradient":""}},"footnotes":""},"categories":[80,81,1],"tags":[83,196,73,197,105,198],"class_list":["post-1740","post","type-post","status-publish","format-standard","has-post-thumbnail","hentry","category-3r-eso","category-4t-eso","category-general","tag-infonodes","tag-cal-vidal","tag-ciencies-socials","tag-colonia-vidal","tag-historia","tag-patrimoni"],"post_mailing_queue_ids":[],"_links":{"self":[{"href":"https:\/\/agora.xtec.cat\/escolanouclave\/wp-json\/wp\/v2\/posts\/1740","targetHints":{"allow":["GET"]}}],"collection":[{"href":"https:\/\/agora.xtec.cat\/escolanouclave\/wp-json\/wp\/v2\/posts"}],"about":[{"href":"https:\/\/agora.xtec.cat\/escolanouclave\/wp-json\/wp\/v2\/types\/post"}],"author":[{"embeddable":true,"href":"https:\/\/agora.xtec.cat\/escolanouclave\/wp-json\/wp\/v2\/users\/1"}],"replies":[{"embeddable":true,"href":"https:\/\/agora.xtec.cat\/escolanouclave\/wp-json\/wp\/v2\/comments?post=1740"}],"version-history":[{"count":2,"href":"https:\/\/agora.xtec.cat\/escolanouclave\/wp-json\/wp\/v2\/posts\/1740\/revisions"}],"predecessor-version":[{"id":1743,"href":"https:\/\/agora.xtec.cat\/escolanouclave\/wp-json\/wp\/v2\/posts\/1740\/revisions\/1743"}],"wp:featuredmedia":[{"embeddable":true,"href":"https:\/\/agora.xtec.cat\/escolanouclave\/wp-json\/wp\/v2\/media\/1741"}],"wp:attachment":[{"href":"https:\/\/agora.xtec.cat\/escolanouclave\/wp-json\/wp\/v2\/media?parent=1740"}],"wp:term":[{"taxonomy":"category","embeddable":true,"href":"https:\/\/agora.xtec.cat\/escolanouclave\/wp-json\/wp\/v2\/categories?post=1740"},{"taxonomy":"post_tag","embeddable":true,"href":"https:\/\/agora.xtec.cat\/escolanouclave\/wp-json\/wp\/v2\/tags?post=1740"}],"curies":[{"name":"wp","href":"https:\/\/api.w.org\/{rel}","templated":true}]}}