{"id":1661,"date":"2019-10-23T16:38:33","date_gmt":"2019-10-23T14:38:33","guid":{"rendered":"http:\/\/agora.xtec.cat\/escolanouclave\/?p=1661"},"modified":"2019-10-23T23:38:56","modified_gmt":"2019-10-23T21:38:56","slug":"ia-caminada-escolar-familiar-anselm-clave","status":"publish","type":"post","link":"https:\/\/agora.xtec.cat\/escolanouclave\/general\/ia-caminada-escolar-familiar-anselm-clave\/","title":{"rendered":"I\u00aa Caminada Escolar Familiar Anselm Clav\u00e9"},"content":{"rendered":"<p><a href=\"https:\/\/agora.xtec.cat\/escolanouclave\/wp-content\/uploads\/usu1363\/2019\/10\/Foto-caminata.jpg\"><img loading=\"lazy\" decoding=\"async\" class=\"alignnone size-full wp-image-1651\" src=\"https:\/\/agora.xtec.cat\/escolanouclave\/wp-content\/uploads\/usu1363\/2019\/10\/Foto-caminata.jpg\" alt=\"\" width=\"240\" height=\"180\" srcset=\"https:\/\/agora.xtec.cat\/escolanouclave\/wp-content\/uploads\/usu1363\/2019\/10\/Foto-caminata.jpg 240w, https:\/\/agora.xtec.cat\/escolanouclave\/wp-content\/uploads\/usu1363\/2019\/10\/Foto-caminata-200x150.jpg 200w\" sizes=\"auto, (max-width: 240px) 100vw, 240px\" \/><\/a><\/p>\n<p>&nbsp;<\/p>\n<p>El passat dissabte 19 d&#8217;octubre va tenir lloc la 1a Caminada Escolar Familiar Anselm Clav\u00e9 per la Serralada de Marina, que va resultar tot un \u00e8xit pel seu nombre de participants. Amb aquesta iniciativa hem volgut fomentar la relaci\u00f3 entre nens i nenes, fam\u00edlies i professorat, amb una trobada on tots per igual hem pogut gaudir d&#8217;un entorn natural. La cohesi\u00f3 entre els diferents membres de la comunitat educativa \u00e9s un dels punts claus per assolir l&#8217;\u00e8xit tant en la formaci\u00f3 acad\u00e8mica com en l&#8217;\u00e0mbit personal. De ben segur que en farem m\u00e9s!!!<\/p>\n<p>&nbsp;<\/p>\n<p>&nbsp;<\/p>\n<p>&nbsp;<\/p>\n","protected":false},"excerpt":{"rendered":"<p>&nbsp; El passat dissabte 19 d&#8217;octubre va tenir lloc la 1a Caminada Escolar Familiar Anselm Clav\u00e9 per la Serralada de Marina, que va resultar tot un \u00e8xit pel seu nombre de participants. Amb aquesta iniciativa hem volgut fomentar la relaci\u00f3 entre nens i nenes, fam\u00edlies i professorat, amb una trobada on tots per igual hem [&hellip;]<\/p>\n","protected":false},"author":1,"featured_media":1651,"comment_status":"open","ping_status":"closed","sticky":false,"template":"","format":"standard","meta":{"_bbp_topic_count":0,"_bbp_reply_count":0,"_bbp_total_topic_count":0,"_bbp_total_reply_count":0,"_bbp_voice_count":0,"_bbp_anonymous_reply_count":0,"_bbp_topic_count_hidden":0,"_bbp_reply_count_hidden":0,"_bbp_forum_subforum_count":0,"site-sidebar-layout":"default","site-content-layout":"","ast-site-content-layout":"","site-content-style":"default","site-sidebar-style":"default","ast-global-header-display":"","ast-banner-title-visibility":"","ast-main-header-display":"","ast-hfb-above-header-display":"","ast-hfb-below-header-display":"","ast-hfb-mobile-header-display":"","site-post-title":"","ast-breadcrumbs-content":"","ast-featured-img":"","footer-sml-layout":"","theme-transparent-header-meta":"","adv-header-id-meta":"","stick-header-meta":"","header-above-stick-meta":"","header-main-stick-meta":"","header-below-stick-meta":"","astra-migrate-meta-layouts":"default","ast-page-background-enabled":"default","ast-page-background-meta":{"desktop":{"background-color":"var(--ast-global-color-4)","background-image":"","background-repeat":"repeat","background-position":"center center","background-size":"auto","background-attachment":"scroll","background-type":"","background-media":"","overlay-type":"","overlay-color":"","overlay-opacity":"","overlay-gradient":""},"tablet":{"background-color":"","background-image":"","background-repeat":"repeat","background-position":"center center","background-size":"auto","background-attachment":"scroll","background-type":"","background-media":"","overlay-type":"","overlay-color":"","overlay-opacity":"","overlay-gradient":""},"mobile":{"background-color":"","background-image":"","background-repeat":"repeat","background-position":"center center","background-size":"auto","background-attachment":"scroll","background-type":"","background-media":"","overlay-type":"","overlay-color":"","overlay-opacity":"","overlay-gradient":""}},"ast-content-background-meta":{"desktop":{"background-color":"var(--ast-global-color-5)","background-image":"","background-repeat":"repeat","background-position":"center center","background-size":"auto","background-attachment":"scroll","background-type":"","background-media":"","overlay-type":"","overlay-color":"","overlay-opacity":"","overlay-gradient":""},"tablet":{"background-color":"var(--ast-global-color-5)","background-image":"","background-repeat":"repeat","background-position":"center center","background-size":"auto","background-attachment":"scroll","background-type":"","background-media":"","overlay-type":"","overlay-color":"","overlay-opacity":"","overlay-gradient":""},"mobile":{"background-color":"var(--ast-global-color-5)","background-image":"","background-repeat":"repeat","background-position":"center center","background-size":"auto","background-attachment":"scroll","background-type":"","background-media":"","overlay-type":"","overlay-color":"","overlay-opacity":"","overlay-gradient":""}},"footnotes":""},"categories":[1,182],"tags":[181,83],"class_list":["post-1661","post","type-post","status-publish","format-standard","has-post-thumbnail","hentry","category-general","category-caminada","tag-femsalut","tag-infonodes"],"post_mailing_queue_ids":[],"_links":{"self":[{"href":"https:\/\/agora.xtec.cat\/escolanouclave\/wp-json\/wp\/v2\/posts\/1661","targetHints":{"allow":["GET"]}}],"collection":[{"href":"https:\/\/agora.xtec.cat\/escolanouclave\/wp-json\/wp\/v2\/posts"}],"about":[{"href":"https:\/\/agora.xtec.cat\/escolanouclave\/wp-json\/wp\/v2\/types\/post"}],"author":[{"embeddable":true,"href":"https:\/\/agora.xtec.cat\/escolanouclave\/wp-json\/wp\/v2\/users\/1"}],"replies":[{"embeddable":true,"href":"https:\/\/agora.xtec.cat\/escolanouclave\/wp-json\/wp\/v2\/comments?post=1661"}],"version-history":[{"count":3,"href":"https:\/\/agora.xtec.cat\/escolanouclave\/wp-json\/wp\/v2\/posts\/1661\/revisions"}],"predecessor-version":[{"id":1670,"href":"https:\/\/agora.xtec.cat\/escolanouclave\/wp-json\/wp\/v2\/posts\/1661\/revisions\/1670"}],"wp:featuredmedia":[{"embeddable":true,"href":"https:\/\/agora.xtec.cat\/escolanouclave\/wp-json\/wp\/v2\/media\/1651"}],"wp:attachment":[{"href":"https:\/\/agora.xtec.cat\/escolanouclave\/wp-json\/wp\/v2\/media?parent=1661"}],"wp:term":[{"taxonomy":"category","embeddable":true,"href":"https:\/\/agora.xtec.cat\/escolanouclave\/wp-json\/wp\/v2\/categories?post=1661"},{"taxonomy":"post_tag","embeddable":true,"href":"https:\/\/agora.xtec.cat\/escolanouclave\/wp-json\/wp\/v2\/tags?post=1661"}],"curies":[{"name":"wp","href":"https:\/\/api.w.org\/{rel}","templated":true}]}}