{"id":1629,"date":"2019-10-16T09:43:38","date_gmt":"2019-10-16T07:43:38","guid":{"rendered":"http:\/\/agora.xtec.cat\/escolanouclave\/?p=1629"},"modified":"2019-10-18T12:36:32","modified_gmt":"2019-10-18T10:36:32","slug":"retirem-el-plastic-dels-boscos","status":"publish","type":"post","link":"https:\/\/agora.xtec.cat\/escolanouclave\/general\/retirem-el-plastic-dels-boscos\/","title":{"rendered":"Retirem els residus dels boscos"},"content":{"rendered":"<p><span style=\"font-weight: 400;\"><a href=\"https:\/\/agora.xtec.cat\/escolanouclave\/wp-content\/uploads\/usu1363\/2019\/10\/D3tZvdZXsAAf5H8.jpg\"><img loading=\"lazy\" decoding=\"async\" class=\"wp-image-1631 alignright\" src=\"https:\/\/agora.xtec.cat\/escolanouclave\/wp-content\/uploads\/usu1363\/2019\/10\/D3tZvdZXsAAf5H8-1024x1024.jpg\" alt=\"\" width=\"328\" height=\"328\" srcset=\"https:\/\/agora.xtec.cat\/escolanouclave\/wp-content\/uploads\/usu1363\/2019\/10\/D3tZvdZXsAAf5H8-1024x1024.jpg 1024w, https:\/\/agora.xtec.cat\/escolanouclave\/wp-content\/uploads\/usu1363\/2019\/10\/D3tZvdZXsAAf5H8-150x150.jpg 150w, https:\/\/agora.xtec.cat\/escolanouclave\/wp-content\/uploads\/usu1363\/2019\/10\/D3tZvdZXsAAf5H8-300x300.jpg 300w, https:\/\/agora.xtec.cat\/escolanouclave\/wp-content\/uploads\/usu1363\/2019\/10\/D3tZvdZXsAAf5H8-768x768.jpg 768w, https:\/\/agora.xtec.cat\/escolanouclave\/wp-content\/uploads\/usu1363\/2019\/10\/D3tZvdZXsAAf5H8.jpg 1080w\" sizes=\"auto, (max-width: 328px) 100vw, 328px\" \/><\/a>Anualment la nostra escola organitza una setmana tem\u00e0tica centrada en un aspecte en concret, durant la qual tots els cursos del centre elaboren activitats relacionades amb el tema. Durant el curs 2018-2019, la tem\u00e0tica escollida va ser el Medi Ambient, i entre altres pr\u00e0ctiques els cursos d&#8217;ESO van dur a terme una s\u00e8rie d\u2019accions compreses en una campanya de recollida de residus s\u00f2lids en diferents punts de la Serralada de Marina i els marges del riu Bes\u00f2s, zones properes al nostre centre. Aquesta va concloure amb una visita a la deixalleria de Mollet del Vall\u00e8s on van ser dipositats tots els residus recollits. Davant la bona acollida per part de l\u2019alumnat, el claustre de professors va valorar positivament l&#8217;activitat i va considerar necessari repetir-la en diverses ocasions durant el curs seg\u00fcent. \u00c9s per aquest motiu que aquest any s\u2019ha decidit incloure la iniciativa en el programa de la Setmana Europea de la Prevenci\u00f3 de Residus (16-24 de novembre de 2019), durant la qual els quatre cursos d\u2019ESO es despla\u00e7aran a la Serralada de Marina per fer una recollida de pl\u00e0stics i vidres.<\/span><\/p>\n<p>Amb aquesta iniciativa es pret\u00e9n <span style=\"font-weight: 400;\">conscienciar l\u2019alumnat de l\u2019impacte negatiu del pl\u00e0stic en el medi natural, aix\u00ed com p<\/span><span style=\"font-weight: 400;\">otenciar la reducci\u00f3 del consum de pl\u00e0stics i alhora o<\/span><span style=\"font-weight: 400;\">ferir un servei a la comunitat tenint cura del paisatge i l\u2019entorn.<\/span><\/p>\n<p>Per veure les zones on es far\u00e0 la recollida cliqueu el seg\u00fcent enlla\u00e7: <a href=\"https:\/\/drive.google.com\/open?id=1j0XsRe_x72mRUCKXaurTFR-9lcNh1CPP&amp;usp=sharing\">Recollida de residus<\/a><\/p>\n<p><a href=\"https:\/\/agora.xtec.cat\/escolanouclave\/wp-content\/uploads\/usu1363\/2019\/10\/banner_ewwr2019.jpg\"><img loading=\"lazy\" decoding=\"async\" class=\"alignnone size-full wp-image-1639\" src=\"https:\/\/agora.xtec.cat\/escolanouclave\/wp-content\/uploads\/usu1363\/2019\/10\/banner_ewwr2019.jpg\" alt=\"\" width=\"750\" height=\"146\" srcset=\"https:\/\/agora.xtec.cat\/escolanouclave\/wp-content\/uploads\/usu1363\/2019\/10\/banner_ewwr2019.jpg 750w, https:\/\/agora.xtec.cat\/escolanouclave\/wp-content\/uploads\/usu1363\/2019\/10\/banner_ewwr2019-300x58.jpg 300w\" sizes=\"auto, (max-width: 750px) 100vw, 750px\" \/><\/a><\/p>\n","protected":false},"excerpt":{"rendered":"<p>Anualment la nostra escola organitza una setmana tem\u00e0tica centrada en un aspecte en concret, durant la qual tots els cursos del centre elaboren activitats relacionades amb el tema. Durant el curs 2018-2019, la tem\u00e0tica escollida va ser el Medi Ambient, i entre altres pr\u00e0ctiques els cursos d&#8217;ESO van dur a terme una s\u00e8rie d\u2019accions compreses [&hellip;]<\/p>\n","protected":false},"author":1,"featured_media":1641,"comment_status":"open","ping_status":"closed","sticky":false,"template":"","format":"standard","meta":{"_bbp_topic_count":0,"_bbp_reply_count":0,"_bbp_total_topic_count":0,"_bbp_total_reply_count":0,"_bbp_voice_count":0,"_bbp_anonymous_reply_count":0,"_bbp_topic_count_hidden":0,"_bbp_reply_count_hidden":0,"_bbp_forum_subforum_count":0,"site-sidebar-layout":"default","site-content-layout":"","ast-site-content-layout":"","site-content-style":"default","site-sidebar-style":"default","ast-global-header-display":"","ast-banner-title-visibility":"","ast-main-header-display":"","ast-hfb-above-header-display":"","ast-hfb-below-header-display":"","ast-hfb-mobile-header-display":"","site-post-title":"","ast-breadcrumbs-content":"","ast-featured-img":"","footer-sml-layout":"","theme-transparent-header-meta":"","adv-header-id-meta":"","stick-header-meta":"","header-above-stick-meta":"","header-main-stick-meta":"","header-below-stick-meta":"","astra-migrate-meta-layouts":"default","ast-page-background-enabled":"default","ast-page-background-meta":{"desktop":{"background-color":"var(--ast-global-color-4)","background-image":"","background-repeat":"repeat","background-position":"center center","background-size":"auto","background-attachment":"scroll","background-type":"","background-media":"","overlay-type":"","overlay-color":"","overlay-opacity":"","overlay-gradient":""},"tablet":{"background-color":"","background-image":"","background-repeat":"repeat","background-position":"center center","background-size":"auto","background-attachment":"scroll","background-type":"","background-media":"","overlay-type":"","overlay-color":"","overlay-opacity":"","overlay-gradient":""},"mobile":{"background-color":"","background-image":"","background-repeat":"repeat","background-position":"center center","background-size":"auto","background-attachment":"scroll","background-type":"","background-media":"","overlay-type":"","overlay-color":"","overlay-opacity":"","overlay-gradient":""}},"ast-content-background-meta":{"desktop":{"background-color":"var(--ast-global-color-5)","background-image":"","background-repeat":"repeat","background-position":"center center","background-size":"auto","background-attachment":"scroll","background-type":"","background-media":"","overlay-type":"","overlay-color":"","overlay-opacity":"","overlay-gradient":""},"tablet":{"background-color":"var(--ast-global-color-5)","background-image":"","background-repeat":"repeat","background-position":"center center","background-size":"auto","background-attachment":"scroll","background-type":"","background-media":"","overlay-type":"","overlay-color":"","overlay-opacity":"","overlay-gradient":""},"mobile":{"background-color":"var(--ast-global-color-5)","background-image":"","background-repeat":"repeat","background-position":"center center","background-size":"auto","background-attachment":"scroll","background-type":"","background-media":"","overlay-type":"","overlay-color":"","overlay-opacity":"","overlay-gradient":""}},"footnotes":""},"categories":[78,77,80,81,1,133,76],"tags":[184],"class_list":["post-1629","post","type-post","status-publish","format-standard","has-post-thumbnail","hentry","category-1r-eso","category-2n-eso","category-3r-eso","category-4t-eso","category-general","category-projecte-medi-ambient","category-secundaria-2","tag-medi-ambient"],"post_mailing_queue_ids":[],"_links":{"self":[{"href":"https:\/\/agora.xtec.cat\/escolanouclave\/wp-json\/wp\/v2\/posts\/1629","targetHints":{"allow":["GET"]}}],"collection":[{"href":"https:\/\/agora.xtec.cat\/escolanouclave\/wp-json\/wp\/v2\/posts"}],"about":[{"href":"https:\/\/agora.xtec.cat\/escolanouclave\/wp-json\/wp\/v2\/types\/post"}],"author":[{"embeddable":true,"href":"https:\/\/agora.xtec.cat\/escolanouclave\/wp-json\/wp\/v2\/users\/1"}],"replies":[{"embeddable":true,"href":"https:\/\/agora.xtec.cat\/escolanouclave\/wp-json\/wp\/v2\/comments?post=1629"}],"version-history":[{"count":3,"href":"https:\/\/agora.xtec.cat\/escolanouclave\/wp-json\/wp\/v2\/posts\/1629\/revisions"}],"predecessor-version":[{"id":1640,"href":"https:\/\/agora.xtec.cat\/escolanouclave\/wp-json\/wp\/v2\/posts\/1629\/revisions\/1640"}],"wp:featuredmedia":[{"embeddable":true,"href":"https:\/\/agora.xtec.cat\/escolanouclave\/wp-json\/wp\/v2\/media\/1641"}],"wp:attachment":[{"href":"https:\/\/agora.xtec.cat\/escolanouclave\/wp-json\/wp\/v2\/media?parent=1629"}],"wp:term":[{"taxonomy":"category","embeddable":true,"href":"https:\/\/agora.xtec.cat\/escolanouclave\/wp-json\/wp\/v2\/categories?post=1629"},{"taxonomy":"post_tag","embeddable":true,"href":"https:\/\/agora.xtec.cat\/escolanouclave\/wp-json\/wp\/v2\/tags?post=1629"}],"curies":[{"name":"wp","href":"https:\/\/api.w.org\/{rel}","templated":true}]}}