{"id":1588,"date":"2019-10-03T17:38:54","date_gmt":"2019-10-03T15:38:54","guid":{"rendered":"http:\/\/agora.xtec.cat\/escolanouclave\/?p=1588"},"modified":"2019-10-03T17:56:08","modified_gmt":"2019-10-03T15:56:08","slug":"ja-es-aqui-la-tardor","status":"publish","type":"post","link":"https:\/\/agora.xtec.cat\/escolanouclave\/general\/ja-es-aqui-la-tardor\/","title":{"rendered":"Ja \u00e9s aqu\u00ed la tardor!!"},"content":{"rendered":"<p>L&#8217;estiu ha acabat i la tardor ha comen\u00e7at!! Per aix\u00f2 &#8220;Els\u00a0Cargols&#8221; &#8220;Els Dofins&#8221; i &#8220;Els Elefants&#8221; estem fent una pila d&#8217;activitats: can\u00e7ons, poemes,\u00a0<span class=\"hiddenGreenError\">manualitats<\/span>, pintura&#8230; Els colors de la tardor ja omplen els passadissos de l&#8217;escola!! Ens agrada treballar de manera transversal, \u00e9s per aix\u00f2 que a totes les \u00e0rees\u00a0<span class=\"hiddenGrammarError\">hem<\/span>\u00a0introdu\u00eft\u00a0el tema. D&#8217;una manera\u00a0<span class=\"hiddenGrammarError\">manipulativa<\/span>, experimental i l\u00fadica gaudim d&#8217;aquesta estaci\u00f3 de l&#8217;any que ens porta castanyes, moniatos i\u00a0carabasses. La Maria Castanyera aviat ens visitar\u00e0 per\u00f2 no vindr\u00e0 sola!! Fantasmes i monstres l&#8217;acompanyaran!! Estigueu atents!!!<\/p>\n<p><a href=\"https:\/\/agora.xtec.cat\/escolanouclave\/wp-content\/uploads\/usu1363\/2019\/10\/tardor.jpg\"><img loading=\"lazy\" decoding=\"async\" class=\"wp-image-1590 aligncenter\" src=\"https:\/\/agora.xtec.cat\/escolanouclave\/wp-content\/uploads\/usu1363\/2019\/10\/tardor-1024x768.jpg\" alt=\"\" width=\"492\" height=\"369\" srcset=\"https:\/\/agora.xtec.cat\/escolanouclave\/wp-content\/uploads\/usu1363\/2019\/10\/tardor-1024x768.jpg 1024w, https:\/\/agora.xtec.cat\/escolanouclave\/wp-content\/uploads\/usu1363\/2019\/10\/tardor-300x225.jpg 300w, https:\/\/agora.xtec.cat\/escolanouclave\/wp-content\/uploads\/usu1363\/2019\/10\/tardor-768x576.jpg 768w, https:\/\/agora.xtec.cat\/escolanouclave\/wp-content\/uploads\/usu1363\/2019\/10\/tardor-200x150.jpg 200w\" sizes=\"auto, (max-width: 492px) 100vw, 492px\" \/><\/a><\/p>\n","protected":false},"excerpt":{"rendered":"<p>L&#8217;estiu ha acabat i la tardor ha comen\u00e7at!! Per aix\u00f2 &#8220;Els\u00a0Cargols&#8221; &#8220;Els Dofins&#8221; i &#8220;Els Elefants&#8221; estem fent una pila d&#8217;activitats: can\u00e7ons, poemes,\u00a0manualitats, pintura&#8230; Els colors de la tardor ja omplen els passadissos de l&#8217;escola!! Ens agrada treballar de manera transversal, \u00e9s per aix\u00f2 que a totes les \u00e0rees\u00a0hem\u00a0introdu\u00eft\u00a0el tema. D&#8217;una manera\u00a0manipulativa, experimental i l\u00fadica [&hellip;]<\/p>\n","protected":false},"author":11,"featured_media":1590,"comment_status":"open","ping_status":"closed","sticky":false,"template":"","format":"standard","meta":{"_bbp_topic_count":0,"_bbp_reply_count":0,"_bbp_total_topic_count":0,"_bbp_total_reply_count":0,"_bbp_voice_count":0,"_bbp_anonymous_reply_count":0,"_bbp_topic_count_hidden":0,"_bbp_reply_count_hidden":0,"_bbp_forum_subforum_count":0,"site-sidebar-layout":"default","site-content-layout":"","ast-site-content-layout":"","site-content-style":"default","site-sidebar-style":"default","ast-global-header-display":"","ast-banner-title-visibility":"","ast-main-header-display":"","ast-hfb-above-header-display":"","ast-hfb-below-header-display":"","ast-hfb-mobile-header-display":"","site-post-title":"","ast-breadcrumbs-content":"","ast-featured-img":"","footer-sml-layout":"","theme-transparent-header-meta":"","adv-header-id-meta":"","stick-header-meta":"","header-above-stick-meta":"","header-main-stick-meta":"","header-below-stick-meta":"","astra-migrate-meta-layouts":"default","ast-page-background-enabled":"default","ast-page-background-meta":{"desktop":{"background-color":"var(--ast-global-color-4)","background-image":"","background-repeat":"repeat","background-position":"center center","background-size":"auto","background-attachment":"scroll","background-type":"","background-media":"","overlay-type":"","overlay-color":"","overlay-opacity":"","overlay-gradient":""},"tablet":{"background-color":"","background-image":"","background-repeat":"repeat","background-position":"center center","background-size":"auto","background-attachment":"scroll","background-type":"","background-media":"","overlay-type":"","overlay-color":"","overlay-opacity":"","overlay-gradient":""},"mobile":{"background-color":"","background-image":"","background-repeat":"repeat","background-position":"center center","background-size":"auto","background-attachment":"scroll","background-type":"","background-media":"","overlay-type":"","overlay-color":"","overlay-opacity":"","overlay-gradient":""}},"ast-content-background-meta":{"desktop":{"background-color":"var(--ast-global-color-5)","background-image":"","background-repeat":"repeat","background-position":"center center","background-size":"auto","background-attachment":"scroll","background-type":"","background-media":"","overlay-type":"","overlay-color":"","overlay-opacity":"","overlay-gradient":""},"tablet":{"background-color":"var(--ast-global-color-5)","background-image":"","background-repeat":"repeat","background-position":"center center","background-size":"auto","background-attachment":"scroll","background-type":"","background-media":"","overlay-type":"","overlay-color":"","overlay-opacity":"","overlay-gradient":""},"mobile":{"background-color":"var(--ast-global-color-5)","background-image":"","background-repeat":"repeat","background-position":"center center","background-size":"auto","background-attachment":"scroll","background-type":"","background-media":"","overlay-type":"","overlay-color":"","overlay-opacity":"","overlay-gradient":""}},"footnotes":""},"categories":[1,2,3,8,98],"tags":[180,121,178,179,130,177],"class_list":["post-1588","post","type-post","status-publish","format-standard","has-post-thumbnail","hentry","category-general","category-infantil","category-p3","category-p4","category-p5-infantil","tag-autumn","tag-infantil","tag-p3","tag-p4","tag-p5","tag-tardor"],"post_mailing_queue_ids":[],"_links":{"self":[{"href":"https:\/\/agora.xtec.cat\/escolanouclave\/wp-json\/wp\/v2\/posts\/1588","targetHints":{"allow":["GET"]}}],"collection":[{"href":"https:\/\/agora.xtec.cat\/escolanouclave\/wp-json\/wp\/v2\/posts"}],"about":[{"href":"https:\/\/agora.xtec.cat\/escolanouclave\/wp-json\/wp\/v2\/types\/post"}],"author":[{"embeddable":true,"href":"https:\/\/agora.xtec.cat\/escolanouclave\/wp-json\/wp\/v2\/users\/11"}],"replies":[{"embeddable":true,"href":"https:\/\/agora.xtec.cat\/escolanouclave\/wp-json\/wp\/v2\/comments?post=1588"}],"version-history":[{"count":3,"href":"https:\/\/agora.xtec.cat\/escolanouclave\/wp-json\/wp\/v2\/posts\/1588\/revisions"}],"predecessor-version":[{"id":1597,"href":"https:\/\/agora.xtec.cat\/escolanouclave\/wp-json\/wp\/v2\/posts\/1588\/revisions\/1597"}],"wp:featuredmedia":[{"embeddable":true,"href":"https:\/\/agora.xtec.cat\/escolanouclave\/wp-json\/wp\/v2\/media\/1590"}],"wp:attachment":[{"href":"https:\/\/agora.xtec.cat\/escolanouclave\/wp-json\/wp\/v2\/media?parent=1588"}],"wp:term":[{"taxonomy":"category","embeddable":true,"href":"https:\/\/agora.xtec.cat\/escolanouclave\/wp-json\/wp\/v2\/categories?post=1588"},{"taxonomy":"post_tag","embeddable":true,"href":"https:\/\/agora.xtec.cat\/escolanouclave\/wp-json\/wp\/v2\/tags?post=1588"}],"curies":[{"name":"wp","href":"https:\/\/api.w.org\/{rel}","templated":true}]}}