{"id":1459,"date":"2019-09-04T12:03:16","date_gmt":"2019-09-04T10:03:16","guid":{"rendered":"http:\/\/agora.xtec.cat\/escolanouclave\/?p=1459"},"modified":"2019-09-04T12:06:47","modified_gmt":"2019-09-04T10:06:47","slug":"intelligencia-emocional","status":"publish","type":"post","link":"https:\/\/agora.xtec.cat\/escolanouclave\/general\/intelligencia-emocional\/","title":{"rendered":"Intel\u00b7lig\u00e8ncia emocional"},"content":{"rendered":"<p>El curs docent ja ha comen\u00e7at i el professorat s&#8217;estrena amb una formaci\u00f3 molt interessant sobre la intel\u2022lig\u00e8ncia emocional per oferir el millor de nosaltres i extreure el millor dels alumnes.<\/p>\n<p>L&#8217;educaci\u00f3 emocional \u00e9s una innovaci\u00f3 educativa que respon a unes necessitats socials no ateses en les mat\u00e8ries acad\u00e8miques ordin\u00e0ries, com ara el concepte d&#8217;emoci\u00f3, les teories de l&#8217;emoci\u00f3, la neuroci\u00e8ncia, la teoria de les intel\u00b7lig\u00e8ncies m\u00faltiples, la intel\u00b7lig\u00e8ncia emocional, els moviments de renovaci\u00f3 pedag\u00f2gica, l&#8217;educaci\u00f3 psicol\u00f2gica, l&#8217;educaci\u00f3 per la salut i les habilitats socials. El seu objectiu \u00e9s el desenvolupament de les compet\u00e8ncies emocionals com la consci\u00e8ncia emocional, la regulaci\u00f3 emocional, l&#8217;autogesti\u00f3, la intel\u00b7lig\u00e8ncia interpersonal i les habilitats de vida i benestar.<\/p>\n<p><a href=\"https:\/\/agora.xtec.cat\/escolanouclave\/wp-content\/uploads\/usu1363\/2019\/09\/EDjxTWYWkAYJQn7.jpg\"><img loading=\"lazy\" decoding=\"async\" class=\"alignnone size-large wp-image-1460\" src=\"https:\/\/agora.xtec.cat\/escolanouclave\/wp-content\/uploads\/usu1363\/2019\/09\/EDjxTWYWkAYJQn7-1024x566.jpg\" alt=\"\" width=\"1024\" height=\"566\" srcset=\"https:\/\/agora.xtec.cat\/escolanouclave\/wp-content\/uploads\/usu1363\/2019\/09\/EDjxTWYWkAYJQn7.jpg 1024w, https:\/\/agora.xtec.cat\/escolanouclave\/wp-content\/uploads\/usu1363\/2019\/09\/EDjxTWYWkAYJQn7-300x166.jpg 300w, https:\/\/agora.xtec.cat\/escolanouclave\/wp-content\/uploads\/usu1363\/2019\/09\/EDjxTWYWkAYJQn7-768x425.jpg 768w\" sizes=\"auto, (max-width: 1024px) 100vw, 1024px\" \/><\/a><\/p>\n","protected":false},"excerpt":{"rendered":"<p>El curs docent ja ha comen\u00e7at i el professorat s&#8217;estrena amb una formaci\u00f3 molt interessant sobre la intel\u2022lig\u00e8ncia emocional per oferir el millor de nosaltres i extreure el millor dels alumnes. L&#8217;educaci\u00f3 emocional \u00e9s una innovaci\u00f3 educativa que respon a unes necessitats socials no ateses en les mat\u00e8ries acad\u00e8miques ordin\u00e0ries, com ara el concepte d&#8217;emoci\u00f3, [&hellip;]<\/p>\n","protected":false},"author":1,"featured_media":1460,"comment_status":"open","ping_status":"closed","sticky":false,"template":"","format":"standard","meta":{"_bbp_topic_count":0,"_bbp_reply_count":0,"_bbp_total_topic_count":0,"_bbp_total_reply_count":0,"_bbp_voice_count":0,"_bbp_anonymous_reply_count":0,"_bbp_topic_count_hidden":0,"_bbp_reply_count_hidden":0,"_bbp_forum_subforum_count":0,"site-sidebar-layout":"default","site-content-layout":"","ast-site-content-layout":"","site-content-style":"default","site-sidebar-style":"default","ast-global-header-display":"","ast-banner-title-visibility":"","ast-main-header-display":"","ast-hfb-above-header-display":"","ast-hfb-below-header-display":"","ast-hfb-mobile-header-display":"","site-post-title":"","ast-breadcrumbs-content":"","ast-featured-img":"","footer-sml-layout":"","theme-transparent-header-meta":"","adv-header-id-meta":"","stick-header-meta":"","header-above-stick-meta":"","header-main-stick-meta":"","header-below-stick-meta":"","astra-migrate-meta-layouts":"default","ast-page-background-enabled":"default","ast-page-background-meta":{"desktop":{"background-color":"var(--ast-global-color-4)","background-image":"","background-repeat":"repeat","background-position":"center center","background-size":"auto","background-attachment":"scroll","background-type":"","background-media":"","overlay-type":"","overlay-color":"","overlay-opacity":"","overlay-gradient":""},"tablet":{"background-color":"","background-image":"","background-repeat":"repeat","background-position":"center center","background-size":"auto","background-attachment":"scroll","background-type":"","background-media":"","overlay-type":"","overlay-color":"","overlay-opacity":"","overlay-gradient":""},"mobile":{"background-color":"","background-image":"","background-repeat":"repeat","background-position":"center center","background-size":"auto","background-attachment":"scroll","background-type":"","background-media":"","overlay-type":"","overlay-color":"","overlay-opacity":"","overlay-gradient":""}},"ast-content-background-meta":{"desktop":{"background-color":"var(--ast-global-color-5)","background-image":"","background-repeat":"repeat","background-position":"center center","background-size":"auto","background-attachment":"scroll","background-type":"","background-media":"","overlay-type":"","overlay-color":"","overlay-opacity":"","overlay-gradient":""},"tablet":{"background-color":"var(--ast-global-color-5)","background-image":"","background-repeat":"repeat","background-position":"center center","background-size":"auto","background-attachment":"scroll","background-type":"","background-media":"","overlay-type":"","overlay-color":"","overlay-opacity":"","overlay-gradient":""},"mobile":{"background-color":"var(--ast-global-color-5)","background-image":"","background-repeat":"repeat","background-position":"center center","background-size":"auto","background-attachment":"scroll","background-type":"","background-media":"","overlay-type":"","overlay-color":"","overlay-opacity":"","overlay-gradient":""}},"footnotes":""},"categories":[1],"tags":[165],"class_list":["post-1459","post","type-post","status-publish","format-standard","has-post-thumbnail","hentry","category-general","tag-educacio-emocional"],"post_mailing_queue_ids":[],"_links":{"self":[{"href":"https:\/\/agora.xtec.cat\/escolanouclave\/wp-json\/wp\/v2\/posts\/1459","targetHints":{"allow":["GET"]}}],"collection":[{"href":"https:\/\/agora.xtec.cat\/escolanouclave\/wp-json\/wp\/v2\/posts"}],"about":[{"href":"https:\/\/agora.xtec.cat\/escolanouclave\/wp-json\/wp\/v2\/types\/post"}],"author":[{"embeddable":true,"href":"https:\/\/agora.xtec.cat\/escolanouclave\/wp-json\/wp\/v2\/users\/1"}],"replies":[{"embeddable":true,"href":"https:\/\/agora.xtec.cat\/escolanouclave\/wp-json\/wp\/v2\/comments?post=1459"}],"version-history":[{"count":1,"href":"https:\/\/agora.xtec.cat\/escolanouclave\/wp-json\/wp\/v2\/posts\/1459\/revisions"}],"predecessor-version":[{"id":1461,"href":"https:\/\/agora.xtec.cat\/escolanouclave\/wp-json\/wp\/v2\/posts\/1459\/revisions\/1461"}],"wp:featuredmedia":[{"embeddable":true,"href":"https:\/\/agora.xtec.cat\/escolanouclave\/wp-json\/wp\/v2\/media\/1460"}],"wp:attachment":[{"href":"https:\/\/agora.xtec.cat\/escolanouclave\/wp-json\/wp\/v2\/media?parent=1459"}],"wp:term":[{"taxonomy":"category","embeddable":true,"href":"https:\/\/agora.xtec.cat\/escolanouclave\/wp-json\/wp\/v2\/categories?post=1459"},{"taxonomy":"post_tag","embeddable":true,"href":"https:\/\/agora.xtec.cat\/escolanouclave\/wp-json\/wp\/v2\/tags?post=1459"}],"curies":[{"name":"wp","href":"https:\/\/api.w.org\/{rel}","templated":true}]}}