{"id":1409,"date":"2019-04-07T22:09:58","date_gmt":"2019-04-07T20:09:58","guid":{"rendered":"http:\/\/agora.xtec.cat\/escolanouclave\/?p=1409"},"modified":"2019-04-07T22:17:44","modified_gmt":"2019-04-07T20:17:44","slug":"ciutats-defensores-dels-drets-humans","status":"publish","type":"post","link":"https:\/\/agora.xtec.cat\/escolanouclave\/general\/ciutats-defensores-dels-drets-humans\/","title":{"rendered":"Ciutats Defensores dels Drets Humans"},"content":{"rendered":"<p><a href=\"https:\/\/agora.xtec.cat\/escolanouclave\/wp-content\/uploads\/usu1363\/2019\/04\/D18YgfcWwAAx8HX.jpg\"><img loading=\"lazy\" decoding=\"async\" class=\"size-full wp-image-1411 aligncenter\" src=\"https:\/\/agora.xtec.cat\/escolanouclave\/wp-content\/uploads\/usu1363\/2019\/04\/D18YgfcWwAAx8HX.jpg\" alt=\"\" width=\"811\" height=\"410\" srcset=\"https:\/\/agora.xtec.cat\/escolanouclave\/wp-content\/uploads\/usu1363\/2019\/04\/D18YgfcWwAAx8HX.jpg 811w, https:\/\/agora.xtec.cat\/escolanouclave\/wp-content\/uploads\/usu1363\/2019\/04\/D18YgfcWwAAx8HX-300x152.jpg 300w, https:\/\/agora.xtec.cat\/escolanouclave\/wp-content\/uploads\/usu1363\/2019\/04\/D18YgfcWwAAx8HX-768x388.jpg 768w\" sizes=\"auto, (max-width: 811px) 100vw, 811px\" \/><\/a><\/p>\n<p>Un any m\u00e9s Mollet del Vall\u00e8s ha participat en una nova edici\u00f3 del programa de <a href=\"http:\/\/ciutatsdretshumans.cat\/\">Ciutats Defensores dels Drets Humans<\/a>, format per xerrades i pon\u00e8ncies de diferents activistes d&#8217;arreu del m\u00f3n que denuncien la vulneraci\u00f3 dels drets humans en els seus pa\u00efsos. Aquest projecte pret\u00e9n fer arribar a la poblaci\u00f3 catalana la tasca desenvolupada pels defensors i defensores, que arrisquen la seva seguretat i la seva llibertat per denunciar els drets vulnerats. Els visitants participen en diversos actes (confer\u00e8ncies, reunions institucionals, activitats en centres educatius, trobades amb mitjans de comunicaci\u00f3, etc.), que els permeten exposar les seves reivindicacions i compartir la tasca que desenvolupen en els seus territoris.<br \/>\nEl passat dimecres 3 d&#8217;abril els alumnes de 1r i 2n d&#8217;ESO van poder sentir el testimoni de l&#8217;activista salvadorenca <a href=\"http:\/\/ciutatsdretshumans.cat\/defensores\/candy-chevez\">Candy Ch\u00e9vez<\/a>, llicenciada en Psicologia i membre de l&#8217;associaci\u00f3 <a href=\"http:\/\/www.tnt.org.sv\/wp\/\">Tiempos Nuevos Teatros<\/a>, que treballa per a la inclusi\u00f3 social de noies privades de llibertat a trav\u00e9s de la m\u00fasica. Candy Ch\u00e9vez va presentar a l&#8217;alumnat alguns dels principals problemes del Salvador, com ara les\u00a0<em>maras <\/em>(bandes de carrer\u00a0i de joves delinq\u00fcents presents a diversos pa\u00efsos d&#8217;Am\u00e8rica Llatina), la corrupci\u00f3 policial, la legalitzaci\u00f3 de la tinen\u00e7a d&#8217;armes i la poca col\u00b7laboraci\u00f3 internacional. Tot plegat, Ch\u00e9vez va fer una molt acurada descripci\u00f3 de la constant vulneraci\u00f3 dels drets humans en El Salvador i va animar els alumnes a que no abandonin els valors i segueixen formant-se en la defensa dels drets.<\/p>\n<p><a href=\"https:\/\/agora.xtec.cat\/escolanouclave\/wp-content\/uploads\/usu1363\/2019\/04\/D3OGk0SWwAEVE4C.jpg\"><img loading=\"lazy\" decoding=\"async\" class=\"alignnone size-large wp-image-1412\" src=\"https:\/\/agora.xtec.cat\/escolanouclave\/wp-content\/uploads\/usu1363\/2019\/04\/D3OGk0SWwAEVE4C-1024x768.jpg\" alt=\"\" width=\"1024\" height=\"768\" srcset=\"https:\/\/agora.xtec.cat\/escolanouclave\/wp-content\/uploads\/usu1363\/2019\/04\/D3OGk0SWwAEVE4C-1024x768.jpg 1024w, https:\/\/agora.xtec.cat\/escolanouclave\/wp-content\/uploads\/usu1363\/2019\/04\/D3OGk0SWwAEVE4C-300x225.jpg 300w, https:\/\/agora.xtec.cat\/escolanouclave\/wp-content\/uploads\/usu1363\/2019\/04\/D3OGk0SWwAEVE4C-768x576.jpg 768w, https:\/\/agora.xtec.cat\/escolanouclave\/wp-content\/uploads\/usu1363\/2019\/04\/D3OGk0SWwAEVE4C-200x150.jpg 200w, https:\/\/agora.xtec.cat\/escolanouclave\/wp-content\/uploads\/usu1363\/2019\/04\/D3OGk0SWwAEVE4C.jpg 1200w\" sizes=\"auto, (max-width: 1024px) 100vw, 1024px\" \/><\/a><\/p>\n","protected":false},"excerpt":{"rendered":"<p>Un any m\u00e9s Mollet del Vall\u00e8s ha participat en una nova edici\u00f3 del programa de Ciutats Defensores dels Drets Humans, format per xerrades i pon\u00e8ncies de diferents activistes d&#8217;arreu del m\u00f3n que denuncien la vulneraci\u00f3 dels drets humans en els seus pa\u00efsos. Aquest projecte pret\u00e9n fer arribar a la poblaci\u00f3 catalana la tasca desenvolupada pels [&hellip;]<\/p>\n","protected":false},"author":1,"featured_media":1411,"comment_status":"open","ping_status":"closed","sticky":false,"template":"","format":"standard","meta":{"_bbp_topic_count":0,"_bbp_reply_count":0,"_bbp_total_topic_count":0,"_bbp_total_reply_count":0,"_bbp_voice_count":0,"_bbp_anonymous_reply_count":0,"_bbp_topic_count_hidden":0,"_bbp_reply_count_hidden":0,"_bbp_forum_subforum_count":0,"site-sidebar-layout":"default","site-content-layout":"","ast-site-content-layout":"","site-content-style":"default","site-sidebar-style":"default","ast-global-header-display":"","ast-banner-title-visibility":"","ast-main-header-display":"","ast-hfb-above-header-display":"","ast-hfb-below-header-display":"","ast-hfb-mobile-header-display":"","site-post-title":"","ast-breadcrumbs-content":"","ast-featured-img":"","footer-sml-layout":"","theme-transparent-header-meta":"","adv-header-id-meta":"","stick-header-meta":"","header-above-stick-meta":"","header-main-stick-meta":"","header-below-stick-meta":"","astra-migrate-meta-layouts":"default","ast-page-background-enabled":"default","ast-page-background-meta":{"desktop":{"background-color":"var(--ast-global-color-4)","background-image":"","background-repeat":"repeat","background-position":"center center","background-size":"auto","background-attachment":"scroll","background-type":"","background-media":"","overlay-type":"","overlay-color":"","overlay-opacity":"","overlay-gradient":""},"tablet":{"background-color":"","background-image":"","background-repeat":"repeat","background-position":"center center","background-size":"auto","background-attachment":"scroll","background-type":"","background-media":"","overlay-type":"","overlay-color":"","overlay-opacity":"","overlay-gradient":""},"mobile":{"background-color":"","background-image":"","background-repeat":"repeat","background-position":"center center","background-size":"auto","background-attachment":"scroll","background-type":"","background-media":"","overlay-type":"","overlay-color":"","overlay-opacity":"","overlay-gradient":""}},"ast-content-background-meta":{"desktop":{"background-color":"var(--ast-global-color-5)","background-image":"","background-repeat":"repeat","background-position":"center center","background-size":"auto","background-attachment":"scroll","background-type":"","background-media":"","overlay-type":"","overlay-color":"","overlay-opacity":"","overlay-gradient":""},"tablet":{"background-color":"var(--ast-global-color-5)","background-image":"","background-repeat":"repeat","background-position":"center center","background-size":"auto","background-attachment":"scroll","background-type":"","background-media":"","overlay-type":"","overlay-color":"","overlay-opacity":"","overlay-gradient":""},"mobile":{"background-color":"var(--ast-global-color-5)","background-image":"","background-repeat":"repeat","background-position":"center center","background-size":"auto","background-attachment":"scroll","background-type":"","background-media":"","overlay-type":"","overlay-color":"","overlay-opacity":"","overlay-gradient":""}},"footnotes":""},"categories":[78,77,1],"tags":[83,163,161,162,94],"class_list":["post-1409","post","type-post","status-publish","format-standard","has-post-thumbnail","hentry","category-1r-eso","category-2n-eso","category-general","tag-infonodes","tag-ddhh","tag-drets-humans","tag-el-salvador","tag-valors"],"post_mailing_queue_ids":[],"_links":{"self":[{"href":"https:\/\/agora.xtec.cat\/escolanouclave\/wp-json\/wp\/v2\/posts\/1409","targetHints":{"allow":["GET"]}}],"collection":[{"href":"https:\/\/agora.xtec.cat\/escolanouclave\/wp-json\/wp\/v2\/posts"}],"about":[{"href":"https:\/\/agora.xtec.cat\/escolanouclave\/wp-json\/wp\/v2\/types\/post"}],"author":[{"embeddable":true,"href":"https:\/\/agora.xtec.cat\/escolanouclave\/wp-json\/wp\/v2\/users\/1"}],"replies":[{"embeddable":true,"href":"https:\/\/agora.xtec.cat\/escolanouclave\/wp-json\/wp\/v2\/comments?post=1409"}],"version-history":[{"count":3,"href":"https:\/\/agora.xtec.cat\/escolanouclave\/wp-json\/wp\/v2\/posts\/1409\/revisions"}],"predecessor-version":[{"id":1417,"href":"https:\/\/agora.xtec.cat\/escolanouclave\/wp-json\/wp\/v2\/posts\/1409\/revisions\/1417"}],"wp:featuredmedia":[{"embeddable":true,"href":"https:\/\/agora.xtec.cat\/escolanouclave\/wp-json\/wp\/v2\/media\/1411"}],"wp:attachment":[{"href":"https:\/\/agora.xtec.cat\/escolanouclave\/wp-json\/wp\/v2\/media?parent=1409"}],"wp:term":[{"taxonomy":"category","embeddable":true,"href":"https:\/\/agora.xtec.cat\/escolanouclave\/wp-json\/wp\/v2\/categories?post=1409"},{"taxonomy":"post_tag","embeddable":true,"href":"https:\/\/agora.xtec.cat\/escolanouclave\/wp-json\/wp\/v2\/tags?post=1409"}],"curies":[{"name":"wp","href":"https:\/\/api.w.org\/{rel}","templated":true}]}}