{"id":1302,"date":"2019-03-16T00:26:48","date_gmt":"2019-03-15T23:26:48","guid":{"rendered":"http:\/\/agora.xtec.cat\/escolanouclave\/?p=1302"},"modified":"2019-03-20T08:13:09","modified_gmt":"2019-03-20T07:13:09","slug":"robotica-educativa-i-pensament-computacional","status":"publish","type":"post","link":"https:\/\/agora.xtec.cat\/escolanouclave\/general\/robotica-educativa-i-pensament-computacional\/","title":{"rendered":"Rob\u00f2tica educativa i pensament computacional."},"content":{"rendered":"<p>&nbsp;<\/p>\n<p><span style=\"font-family: inherit; font-size: 1em;\">De fa uns anys en\u00e7\u00e0 la nostra escola ha anat incorporant, des d&#8217;educaci\u00f3 infantil fins l&#8217;ESO, el pensament computacional i la rob\u00f2tica educativa en el nostre projecte de centre.\u00a0<\/span>\u00c9s en aquesta l\u00ednia que els nostres alumnes treballen per cicles amb les seg\u00fcents aplicacions i sistemes rob\u00f2tics.<\/p>\n<p align=\"justify\"><b>Educaci\u00f3 <a href=\"https:\/\/agora.xtec.cat\/escolanouclave\/wp-content\/uploads\/usu1363\/2019\/03\/4.jpg\"><img loading=\"lazy\" decoding=\"async\" class=\"alignleft wp-image-1347 size-thumbnail\" src=\"https:\/\/agora.xtec.cat\/escolanouclave\/wp-content\/uploads\/usu1363\/2019\/03\/4-150x150.jpg\" alt=\"\" width=\"150\" height=\"150\" \/><\/a>infantil:<\/b> treball amb el nou i millorat <b>Bee-Bot<\/b><span style=\"font-family: Arial, sans-serif;\"><b>\u00ae<\/b><\/span><b> <\/b>que \u00e9s un punt de partida perfecte per a la iniciaci\u00f3 de l&#8217;ensenyament en rob\u00f2tica, el llenguatge direccional i la programaci\u00f3.<\/p>\n<p align=\"justify\"><b>Cicle inicial de prim\u00e0ria:<\/b> en aquest cicle es treballa fonamentalment el pensament computacional amb els cursos que ofereix el portal code.org i altres apps especifiques com ara <a href=\"http:\/\/lightbot.com\/flash.html\" target=\"_blank\" rel=\"noopener\"><b>Lightbot<\/b><sup><b>tm<\/b><\/sup><\/a><b> <\/b>o <a href=\"https:\/\/codespark.com\/\"><b>The Foos<\/b><\/a> i altres proposades per dins el projecte <b><a href=\"http:\/\/mschools.mobileworldcapital.com\/ca\/\" target=\"_blank\" rel=\"noopener\">mSchools<\/a>.<a href=\"https:\/\/agora.xtec.cat\/escolanouclave\/wp-content\/uploads\/usu1363\/2019\/03\/7.jpg\"><img loading=\"lazy\" decoding=\"async\" class=\"alignright wp-image-1350 size-thumbnail\" src=\"https:\/\/agora.xtec.cat\/escolanouclave\/wp-content\/uploads\/usu1363\/2019\/03\/7-150x150.jpg\" alt=\"\" width=\"150\" height=\"150\" \/><\/a><\/b><\/p>\n<p align=\"justify\"><b>Cicle<\/b><b>s<\/b><b> mitj\u00e0\u00a0<\/b><b>i superior <\/b><b>de prim\u00e0ria:<\/b> Amb el bagatge adquirit els nostres alumnes comencen en aquest cicle a vincular el que han apr\u00e9s a projectes d\u2019ordre m\u00e9s pr\u00e0ctic i manipulatiu, que for\u00e7osament exigeixen el treball amb grups m\u00e9s petits. La concreci\u00f3 d\u2019aquests aprenentatges la fem amb la introducci\u00f3 del llenguatge de programaci\u00f3 <a href=\"https:\/\/scratch.mit.edu\/\"><b>Scratch <\/b><\/a>i les seves extensions per al<b> <\/b>kit <a href=\"http:\/\/agora.xtec.cat\/escolanouclave\/general\/visita-a-la-biblioteca-can-mula\/\" target=\"_blank\" rel=\"noopener\"><span style=\"color: #000000;\"><span style=\"font-family: sans-serif;\"><b>LEGO WeDo 2.0<\/b><\/span><\/span><span style=\"color: #000000;\"><span style=\"font-family: 'Segoe UI';\"><b>\u00ae<\/b><\/span><\/span><\/a><b> <\/b><span style=\"color: #000000;\"><span style=\"font-family: sans-serif;\">i el robot programable <\/span><\/span><a href=\"https:\/\/meetedison.com\/\"><span style=\"color: #000000;\"><span style=\"font-family: sans-serif;\"><b>Edison<\/b><\/span><\/span><span style=\"color: #000000;\"><span style=\"font-family: 'Segoe UI';\"><b>\u00ae<\/b><\/span><\/span><span style=\"color: #000000;\"><span style=\"font-family: sans-serif;\"><b>.<\/b><\/span><\/span><\/a><\/p>\n<p align=\"justify\"><b>Educaci\u00f3 secund\u00e0ria obligat\u00f2ria:<\/b> Durant aquesta etapa la rob\u00f2tica i el pensament computacional s\u2019integren de manera coherent dins l\u2019\u00e0rea de tecnologia en tots quatre cursos.<\/p>\n","protected":false},"excerpt":{"rendered":"<p>&nbsp; De fa uns anys en\u00e7\u00e0 la nostra escola ha anat incorporant, des d&#8217;educaci\u00f3 infantil fins l&#8217;ESO, el pensament computacional i la rob\u00f2tica educativa en el nostre projecte de centre.\u00a0\u00c9s en aquesta l\u00ednia que els nostres alumnes treballen per cicles amb les seg\u00fcents aplicacions i sistemes rob\u00f2tics. Educaci\u00f3 infantil: treball amb el nou i millorat [&hellip;]<\/p>\n","protected":false},"author":1,"featured_media":1344,"comment_status":"open","ping_status":"closed","sticky":false,"template":"","format":"standard","meta":{"_bbp_topic_count":0,"_bbp_reply_count":0,"_bbp_total_topic_count":0,"_bbp_total_reply_count":0,"_bbp_voice_count":0,"_bbp_anonymous_reply_count":0,"_bbp_topic_count_hidden":0,"_bbp_reply_count_hidden":0,"_bbp_forum_subforum_count":0,"site-sidebar-layout":"default","site-content-layout":"","ast-site-content-layout":"","site-content-style":"default","site-sidebar-style":"default","ast-global-header-display":"","ast-banner-title-visibility":"","ast-main-header-display":"","ast-hfb-above-header-display":"","ast-hfb-below-header-display":"","ast-hfb-mobile-header-display":"","site-post-title":"","ast-breadcrumbs-content":"","ast-featured-img":"","footer-sml-layout":"","theme-transparent-header-meta":"","adv-header-id-meta":"","stick-header-meta":"","header-above-stick-meta":"","header-main-stick-meta":"","header-below-stick-meta":"","astra-migrate-meta-layouts":"default","ast-page-background-enabled":"default","ast-page-background-meta":{"desktop":{"background-color":"var(--ast-global-color-4)","background-image":"","background-repeat":"repeat","background-position":"center center","background-size":"auto","background-attachment":"scroll","background-type":"","background-media":"","overlay-type":"","overlay-color":"","overlay-opacity":"","overlay-gradient":""},"tablet":{"background-color":"","background-image":"","background-repeat":"repeat","background-position":"center center","background-size":"auto","background-attachment":"scroll","background-type":"","background-media":"","overlay-type":"","overlay-color":"","overlay-opacity":"","overlay-gradient":""},"mobile":{"background-color":"","background-image":"","background-repeat":"repeat","background-position":"center center","background-size":"auto","background-attachment":"scroll","background-type":"","background-media":"","overlay-type":"","overlay-color":"","overlay-opacity":"","overlay-gradient":""}},"ast-content-background-meta":{"desktop":{"background-color":"var(--ast-global-color-5)","background-image":"","background-repeat":"repeat","background-position":"center center","background-size":"auto","background-attachment":"scroll","background-type":"","background-media":"","overlay-type":"","overlay-color":"","overlay-opacity":"","overlay-gradient":""},"tablet":{"background-color":"var(--ast-global-color-5)","background-image":"","background-repeat":"repeat","background-position":"center center","background-size":"auto","background-attachment":"scroll","background-type":"","background-media":"","overlay-type":"","overlay-color":"","overlay-opacity":"","overlay-gradient":""},"mobile":{"background-color":"var(--ast-global-color-5)","background-image":"","background-repeat":"repeat","background-position":"center center","background-size":"auto","background-attachment":"scroll","background-type":"","background-media":"","overlay-type":"","overlay-color":"","overlay-opacity":"","overlay-gradient":""}},"footnotes":""},"categories":[1],"tags":[],"class_list":["post-1302","post","type-post","status-publish","format-standard","has-post-thumbnail","hentry","category-general"],"post_mailing_queue_ids":[],"_links":{"self":[{"href":"https:\/\/agora.xtec.cat\/escolanouclave\/wp-json\/wp\/v2\/posts\/1302","targetHints":{"allow":["GET"]}}],"collection":[{"href":"https:\/\/agora.xtec.cat\/escolanouclave\/wp-json\/wp\/v2\/posts"}],"about":[{"href":"https:\/\/agora.xtec.cat\/escolanouclave\/wp-json\/wp\/v2\/types\/post"}],"author":[{"embeddable":true,"href":"https:\/\/agora.xtec.cat\/escolanouclave\/wp-json\/wp\/v2\/users\/1"}],"replies":[{"embeddable":true,"href":"https:\/\/agora.xtec.cat\/escolanouclave\/wp-json\/wp\/v2\/comments?post=1302"}],"version-history":[{"count":3,"href":"https:\/\/agora.xtec.cat\/escolanouclave\/wp-json\/wp\/v2\/posts\/1302\/revisions"}],"predecessor-version":[{"id":1364,"href":"https:\/\/agora.xtec.cat\/escolanouclave\/wp-json\/wp\/v2\/posts\/1302\/revisions\/1364"}],"wp:featuredmedia":[{"embeddable":true,"href":"https:\/\/agora.xtec.cat\/escolanouclave\/wp-json\/wp\/v2\/media\/1344"}],"wp:attachment":[{"href":"https:\/\/agora.xtec.cat\/escolanouclave\/wp-json\/wp\/v2\/media?parent=1302"}],"wp:term":[{"taxonomy":"category","embeddable":true,"href":"https:\/\/agora.xtec.cat\/escolanouclave\/wp-json\/wp\/v2\/categories?post=1302"},{"taxonomy":"post_tag","embeddable":true,"href":"https:\/\/agora.xtec.cat\/escolanouclave\/wp-json\/wp\/v2\/tags?post=1302"}],"curies":[{"name":"wp","href":"https:\/\/api.w.org\/{rel}","templated":true}]}}