{"id":12120,"date":"2026-03-14T08:42:51","date_gmt":"2026-03-14T07:42:51","guid":{"rendered":"https:\/\/agora.xtec.cat\/escolanouclave\/?p=12120"},"modified":"2026-03-14T08:43:36","modified_gmt":"2026-03-14T07:43:36","slug":"projecte-xavi-molist","status":"publish","type":"post","link":"https:\/\/agora.xtec.cat\/escolanouclave\/portada\/projecte-xavi-molist\/","title":{"rendered":"Projecte: Xavi Molist."},"content":{"rendered":"\n<p>Aquest 2n trimestre, l&#8217;alumnat de 4t d&#8217;ESO ha treballat en un projecte de Llengua Castellana centrat en l\u2019elaboraci\u00f3 d\u2019una biografia sobre en <strong>Xavi Molist<\/strong>, un jugador de futbol sala que milita a Industrias Santa Coloma, \u00e9s fixe a la Selecci\u00f3 Catalana i ha debutat tamb\u00e9 amb la Selecci\u00f3 Espanyola. A m\u00e9s, t\u00e9 certificat d\u2019esportista d\u2019alt rendiment. En Xavi, nascut l\u2019any 2010 i format a les categories de base de la Uni\u00f3 FS Mollet, comparteix edat amb els nostres alumnes, fet que ha contribu\u00eft a generar una connexi\u00f3 especial amb el projecte.<\/p>\n\n\n\n<p>Una de les particularitats d\u2019aquesta iniciativa \u00e9s que la informaci\u00f3 utilitzada per construir la biografia no s\u2019ha extret d\u2019Internet. Els mateixos alumnes han dut a terme un proc\u00e9s de recerca propi: han contactat per correu electr\u00f2nic tant amb el mateix jugador com amb persones del seu entorn i han realitzat petites entrevistes per recollir informaci\u00f3 de primera m\u00e0 sobre la seva traject\u00f2ria esportiva i personal.<\/p>\n\n\n\n<p>Aquest proc\u00e9s ha perm\u00e8s a l\u2019alumnat treballar diverses compet\u00e8ncies educatives. D\u2019una banda, han desenvolupat habilitats d\u2019investigaci\u00f3 i selecci\u00f3 d\u2019informaci\u00f3, aprenent a formular preguntes, identificar dades rellevants i transformar-les en un relat biogr\u00e0fic coherent i estructurat. De l\u2019altra, el projecte s\u2019ha dut a terme en grup, fet que ha implicat organitzaci\u00f3, repartiment de tasques i presa de decisions compartides, elements clau per fomentar la responsabilitat i el treball cooperatiu.<\/p>\n\n\n\n<p>El coneixement de la traject\u00f2ria d\u2019un esportista jove i proper a la seva realitat tamb\u00e9 ha perm\u00e8s als estudiants reflexionar sobre valors vinculats a l\u2019esport, com l\u2019esfor\u00e7, la const\u00e0ncia i el comprom\u00eds. En aquest sentit, en Xavi Molist s\u2019ha convertit en un referent positiu per a l\u2019alumnat, que ha pogut identificar-se amb la seva experi\u00e8ncia i entendre millor els camins que poden portar a assolir objectius personals.<\/p>\n\n\n\n<p>El projecte va culminar el dimecres amb una trobada amb el protagonista. En Xavi Molist va visitar el nostre centre acompanyat de la seva mare, per participar en una entrevista col\u00b7lectiva amb els alumnes. Durant la sessi\u00f3, cada estudiant va tenir l\u2019oportunitat de formular-li una pregunta, escollida a partir dels seus propis interessos i curiositats.<\/p>\n\n\n\n<p>Aquesta iniciativa destaca tamb\u00e9 pel seu arrelament local: el projecte connecta l\u2019Escola Nou Clav\u00e9 amb la realitat esportiva del municipi, ja que en Xavi s\u2019ha format a la Uni\u00f3 FS Mollet, una entitat esportiva de refer\u00e8ncia a Mollet del Vall\u00e8s. Aix\u00ed, el Proyecto Xavi Molist combina aprenentatge, valors i vinculaci\u00f3 amb l\u2019entorn m\u00e9s proper.<\/p>\n\n\n\n<figure class=\"wp-block-gallery has-nested-images columns-default is-cropped wp-block-gallery-1 is-layout-flex wp-block-gallery-is-layout-flex\">\n<figure class=\"wp-block-image size-large\"><a href=\"https:\/\/agora.xtec.cat\/escolanouclave\/wp-content\/uploads\/usu1363\/2026\/03\/WhatsApp-Image-2026-03-11-at-19.00.39.jpeg\"><img loading=\"lazy\" decoding=\"async\" width=\"768\" height=\"1024\" data-id=\"12121\" src=\"https:\/\/agora.xtec.cat\/escolanouclave\/wp-content\/uploads\/usu1363\/2026\/03\/WhatsApp-Image-2026-03-11-at-19.00.39-768x1024.jpeg\" alt=\"\" class=\"wp-image-12121\" srcset=\"https:\/\/agora.xtec.cat\/escolanouclave\/wp-content\/uploads\/usu1363\/2026\/03\/WhatsApp-Image-2026-03-11-at-19.00.39-768x1024.jpeg 768w, https:\/\/agora.xtec.cat\/escolanouclave\/wp-content\/uploads\/usu1363\/2026\/03\/WhatsApp-Image-2026-03-11-at-19.00.39-225x300.jpeg 225w, https:\/\/agora.xtec.cat\/escolanouclave\/wp-content\/uploads\/usu1363\/2026\/03\/WhatsApp-Image-2026-03-11-at-19.00.39-1152x1536.jpeg 1152w, https:\/\/agora.xtec.cat\/escolanouclave\/wp-content\/uploads\/usu1363\/2026\/03\/WhatsApp-Image-2026-03-11-at-19.00.39.jpeg 1536w\" sizes=\"auto, (max-width: 768px) 100vw, 768px\" \/><\/a><\/figure>\n\n\n\n<figure class=\"wp-block-image size-large\"><a href=\"https:\/\/agora.xtec.cat\/escolanouclave\/wp-content\/uploads\/usu1363\/2026\/03\/WhatsApp-Image-2026-03-11-at-19.00.40-1.jpeg\"><img loading=\"lazy\" decoding=\"async\" width=\"768\" height=\"1024\" data-id=\"12122\" src=\"https:\/\/agora.xtec.cat\/escolanouclave\/wp-content\/uploads\/usu1363\/2026\/03\/WhatsApp-Image-2026-03-11-at-19.00.40-1-768x1024.jpeg\" alt=\"\" class=\"wp-image-12122\" srcset=\"https:\/\/agora.xtec.cat\/escolanouclave\/wp-content\/uploads\/usu1363\/2026\/03\/WhatsApp-Image-2026-03-11-at-19.00.40-1-768x1024.jpeg 768w, https:\/\/agora.xtec.cat\/escolanouclave\/wp-content\/uploads\/usu1363\/2026\/03\/WhatsApp-Image-2026-03-11-at-19.00.40-1-225x300.jpeg 225w, https:\/\/agora.xtec.cat\/escolanouclave\/wp-content\/uploads\/usu1363\/2026\/03\/WhatsApp-Image-2026-03-11-at-19.00.40-1-1152x1536.jpeg 1152w, https:\/\/agora.xtec.cat\/escolanouclave\/wp-content\/uploads\/usu1363\/2026\/03\/WhatsApp-Image-2026-03-11-at-19.00.40-1.jpeg 1536w\" sizes=\"auto, (max-width: 768px) 100vw, 768px\" \/><\/a><\/figure>\n\n\n\n<figure class=\"wp-block-image size-large\"><a href=\"https:\/\/agora.xtec.cat\/escolanouclave\/wp-content\/uploads\/usu1363\/2026\/03\/WhatsApp-Image-2026-03-11-at-19.00.46.jpeg\"><img loading=\"lazy\" decoding=\"async\" width=\"1024\" height=\"768\" data-id=\"12123\" src=\"https:\/\/agora.xtec.cat\/escolanouclave\/wp-content\/uploads\/usu1363\/2026\/03\/WhatsApp-Image-2026-03-11-at-19.00.46-1024x768.jpeg\" alt=\"\" class=\"wp-image-12123\" srcset=\"https:\/\/agora.xtec.cat\/escolanouclave\/wp-content\/uploads\/usu1363\/2026\/03\/WhatsApp-Image-2026-03-11-at-19.00.46-1024x768.jpeg 1024w, https:\/\/agora.xtec.cat\/escolanouclave\/wp-content\/uploads\/usu1363\/2026\/03\/WhatsApp-Image-2026-03-11-at-19.00.46-300x225.jpeg 300w, https:\/\/agora.xtec.cat\/escolanouclave\/wp-content\/uploads\/usu1363\/2026\/03\/WhatsApp-Image-2026-03-11-at-19.00.46-768x576.jpeg 768w, https:\/\/agora.xtec.cat\/escolanouclave\/wp-content\/uploads\/usu1363\/2026\/03\/WhatsApp-Image-2026-03-11-at-19.00.46-1536x1152.jpeg 1536w, https:\/\/agora.xtec.cat\/escolanouclave\/wp-content\/uploads\/usu1363\/2026\/03\/WhatsApp-Image-2026-03-11-at-19.00.46.jpeg 2048w\" sizes=\"auto, (max-width: 1024px) 100vw, 1024px\" \/><\/a><\/figure>\n\n\n\n<figure class=\"wp-block-image size-large\"><a href=\"https:\/\/agora.xtec.cat\/escolanouclave\/wp-content\/uploads\/usu1363\/2026\/03\/WhatsApp-Image-2026-03-11-at-19.08.36.jpeg\"><img loading=\"lazy\" decoding=\"async\" width=\"768\" height=\"1024\" data-id=\"12124\" src=\"https:\/\/agora.xtec.cat\/escolanouclave\/wp-content\/uploads\/usu1363\/2026\/03\/WhatsApp-Image-2026-03-11-at-19.08.36-768x1024.jpeg\" alt=\"\" class=\"wp-image-12124\" srcset=\"https:\/\/agora.xtec.cat\/escolanouclave\/wp-content\/uploads\/usu1363\/2026\/03\/WhatsApp-Image-2026-03-11-at-19.08.36-768x1024.jpeg 768w, https:\/\/agora.xtec.cat\/escolanouclave\/wp-content\/uploads\/usu1363\/2026\/03\/WhatsApp-Image-2026-03-11-at-19.08.36-225x300.jpeg 225w, https:\/\/agora.xtec.cat\/escolanouclave\/wp-content\/uploads\/usu1363\/2026\/03\/WhatsApp-Image-2026-03-11-at-19.08.36-1152x1536.jpeg 1152w, https:\/\/agora.xtec.cat\/escolanouclave\/wp-content\/uploads\/usu1363\/2026\/03\/WhatsApp-Image-2026-03-11-at-19.08.36.jpeg 1536w\" sizes=\"auto, (max-width: 768px) 100vw, 768px\" \/><\/a><\/figure>\n\n\n\n<figure class=\"wp-block-image size-large\"><a href=\"https:\/\/agora.xtec.cat\/escolanouclave\/wp-content\/uploads\/usu1363\/2026\/03\/WhatsApp-Image-2026-03-11-at-19.08.35.jpeg\"><img loading=\"lazy\" decoding=\"async\" width=\"1024\" height=\"768\" data-id=\"12125\" src=\"https:\/\/agora.xtec.cat\/escolanouclave\/wp-content\/uploads\/usu1363\/2026\/03\/WhatsApp-Image-2026-03-11-at-19.08.35-1024x768.jpeg\" alt=\"\" class=\"wp-image-12125\" srcset=\"https:\/\/agora.xtec.cat\/escolanouclave\/wp-content\/uploads\/usu1363\/2026\/03\/WhatsApp-Image-2026-03-11-at-19.08.35-1024x768.jpeg 1024w, https:\/\/agora.xtec.cat\/escolanouclave\/wp-content\/uploads\/usu1363\/2026\/03\/WhatsApp-Image-2026-03-11-at-19.08.35-300x225.jpeg 300w, https:\/\/agora.xtec.cat\/escolanouclave\/wp-content\/uploads\/usu1363\/2026\/03\/WhatsApp-Image-2026-03-11-at-19.08.35-768x576.jpeg 768w, https:\/\/agora.xtec.cat\/escolanouclave\/wp-content\/uploads\/usu1363\/2026\/03\/WhatsApp-Image-2026-03-11-at-19.08.35-1536x1152.jpeg 1536w, https:\/\/agora.xtec.cat\/escolanouclave\/wp-content\/uploads\/usu1363\/2026\/03\/WhatsApp-Image-2026-03-11-at-19.08.35.jpeg 2048w\" sizes=\"auto, (max-width: 1024px) 100vw, 1024px\" \/><\/a><\/figure>\n<\/figure>\n\n\n\n<p><\/p>\n","protected":false},"excerpt":{"rendered":"<p>Aquest 2n trimestre, l&#8217;alumnat de 4t d&#8217;ESO ha treballat en un projecte de Llengua Castellana centrat en l\u2019elaboraci\u00f3 d\u2019una biografia sobre en Xavi Molist, un jugador de futbol sala que milita a Industrias Santa Coloma, \u00e9s fixe a la Selecci\u00f3 Catalana i ha debutat tamb\u00e9 amb la Selecci\u00f3 Espanyola. A m\u00e9s, t\u00e9 certificat d\u2019esportista d\u2019alt [&hellip;]<\/p>\n","protected":false},"author":27,"featured_media":12125,"comment_status":"closed","ping_status":"open","sticky":false,"template":"","format":"standard","meta":{"_bbp_topic_count":0,"_bbp_reply_count":0,"_bbp_total_topic_count":0,"_bbp_total_reply_count":0,"_bbp_voice_count":0,"_bbp_anonymous_reply_count":0,"_bbp_topic_count_hidden":0,"_bbp_reply_count_hidden":0,"_bbp_forum_subforum_count":0,"site-sidebar-layout":"default","site-content-layout":"","ast-site-content-layout":"default","site-content-style":"default","site-sidebar-style":"default","ast-global-header-display":"","ast-banner-title-visibility":"","ast-main-header-display":"","ast-hfb-above-header-display":"","ast-hfb-below-header-display":"","ast-hfb-mobile-header-display":"","site-post-title":"","ast-breadcrumbs-content":"","ast-featured-img":"","footer-sml-layout":"","theme-transparent-header-meta":"","adv-header-id-meta":"","stick-header-meta":"","header-above-stick-meta":"","header-main-stick-meta":"","header-below-stick-meta":"","astra-migrate-meta-layouts":"set","ast-page-background-enabled":"default","ast-page-background-meta":{"desktop":{"background-color":"var(--ast-global-color-4)","background-image":"","background-repeat":"repeat","background-position":"center center","background-size":"auto","background-attachment":"scroll","background-type":"","background-media":"","overlay-type":"","overlay-color":"","overlay-opacity":"","overlay-gradient":""},"tablet":{"background-color":"","background-image":"","background-repeat":"repeat","background-position":"center center","background-size":"auto","background-attachment":"scroll","background-type":"","background-media":"","overlay-type":"","overlay-color":"","overlay-opacity":"","overlay-gradient":""},"mobile":{"background-color":"","background-image":"","background-repeat":"repeat","background-position":"center center","background-size":"auto","background-attachment":"scroll","background-type":"","background-media":"","overlay-type":"","overlay-color":"","overlay-opacity":"","overlay-gradient":""}},"ast-content-background-meta":{"desktop":{"background-color":"var(--ast-global-color-5)","background-image":"","background-repeat":"repeat","background-position":"center center","background-size":"auto","background-attachment":"scroll","background-type":"","background-media":"","overlay-type":"","overlay-color":"","overlay-opacity":"","overlay-gradient":""},"tablet":{"background-color":"var(--ast-global-color-5)","background-image":"","background-repeat":"repeat","background-position":"center center","background-size":"auto","background-attachment":"scroll","background-type":"","background-media":"","overlay-type":"","overlay-color":"","overlay-opacity":"","overlay-gradient":""},"mobile":{"background-color":"var(--ast-global-color-5)","background-image":"","background-repeat":"repeat","background-position":"center center","background-size":"auto","background-attachment":"scroll","background-type":"","background-media":"","overlay-type":"","overlay-color":"","overlay-opacity":"","overlay-gradient":""}},"footnotes":""},"categories":[81,4,75],"tags":[118],"class_list":["post-12120","post","type-post","status-publish","format-standard","has-post-thumbnail","hentry","category-4t-eso","category-portada","category-secundaria","tag-lengua-castellana"],"post_mailing_queue_ids":[],"_links":{"self":[{"href":"https:\/\/agora.xtec.cat\/escolanouclave\/wp-json\/wp\/v2\/posts\/12120","targetHints":{"allow":["GET"]}}],"collection":[{"href":"https:\/\/agora.xtec.cat\/escolanouclave\/wp-json\/wp\/v2\/posts"}],"about":[{"href":"https:\/\/agora.xtec.cat\/escolanouclave\/wp-json\/wp\/v2\/types\/post"}],"author":[{"embeddable":true,"href":"https:\/\/agora.xtec.cat\/escolanouclave\/wp-json\/wp\/v2\/users\/27"}],"replies":[{"embeddable":true,"href":"https:\/\/agora.xtec.cat\/escolanouclave\/wp-json\/wp\/v2\/comments?post=12120"}],"version-history":[{"count":1,"href":"https:\/\/agora.xtec.cat\/escolanouclave\/wp-json\/wp\/v2\/posts\/12120\/revisions"}],"predecessor-version":[{"id":12126,"href":"https:\/\/agora.xtec.cat\/escolanouclave\/wp-json\/wp\/v2\/posts\/12120\/revisions\/12126"}],"wp:featuredmedia":[{"embeddable":true,"href":"https:\/\/agora.xtec.cat\/escolanouclave\/wp-json\/wp\/v2\/media\/12125"}],"wp:attachment":[{"href":"https:\/\/agora.xtec.cat\/escolanouclave\/wp-json\/wp\/v2\/media?parent=12120"}],"wp:term":[{"taxonomy":"category","embeddable":true,"href":"https:\/\/agora.xtec.cat\/escolanouclave\/wp-json\/wp\/v2\/categories?post=12120"},{"taxonomy":"post_tag","embeddable":true,"href":"https:\/\/agora.xtec.cat\/escolanouclave\/wp-json\/wp\/v2\/tags?post=12120"}],"curies":[{"name":"wp","href":"https:\/\/api.w.org\/{rel}","templated":true}]}}