{"id":12098,"date":"2026-02-25T15:23:19","date_gmt":"2026-02-25T14:23:19","guid":{"rendered":"https:\/\/agora.xtec.cat\/escolanouclave\/?p=12098"},"modified":"2026-02-25T15:23:51","modified_gmt":"2026-02-25T14:23:51","slug":"docents-del-centre-participen-al-iii-congres-dofemco","status":"publish","type":"post","link":"https:\/\/agora.xtec.cat\/escolanouclave\/general\/docents-del-centre-participen-al-iii-congres-dofemco\/","title":{"rendered":"Docents del centre participen al III Congr\u00e9s DOFEMCO"},"content":{"rendered":"\n<p>Aquest cap de setmana, alguns docents del nostre centre han assistit al <strong>III Congr\u00e9s Internacional DOFEMCO<\/strong>, celebrat a l\u2019Auditori de la Fundaci\u00f3 Sanit\u00e0ria Mollet. La jornada ha estat un espai de trobada, reflexi\u00f3 i intercanvi d\u2019experi\u00e8ncies entre professionals de l\u2019educaci\u00f3 compromesos amb la innovaci\u00f3 pedag\u00f2gica, la perspectiva de g\u00e8nere i la transformaci\u00f3 educativa.<\/p>\n\n\n\n<p>El congr\u00e9s ha reunit mestres i professors de diferents etapes educatives amb l\u2019objectiu de compartir bones pr\u00e0ctiques i projectes que promouen una educaci\u00f3 m\u00e9s equitativa, inclusiva i compromesa socialment. La participaci\u00f3 del nostre professorat en aquest tipus d\u2019esdeveniments refor\u00e7a el nostre comprom\u00eds amb la formaci\u00f3 cont\u00ednua i la millora constant de la pr\u00e0ctica docent.<\/p>\n\n\n\n<h3 class=\"wp-block-heading\">Reconeixement al projecte \u201cVisibilitzem-les: 31 dies, 31 dones\u201d<\/h3>\n\n\n\n<p>En el marc del congr\u00e9s, el nostre centre tamb\u00e9 ha tingut l\u2019oportunitat de presentar un p\u00f2ster que recull l\u2019experi\u00e8ncia del projecte <strong>\u201cVisibilitzem-les: 31 dies, 31 dones\u201d<\/strong>, una iniciativa educativa que posa en valor el paper de les dones al llarg de la hist\u00f2ria i en diferents \u00e0mbits del coneixement, contribuint a trencar estereotips i a generar referents femenins positius per a l\u2019alumnat.<\/p>\n\n\n\n<p>El projecte ha estat <strong>guardonat com a millor experi\u00e8ncia a l\u2019aula o centre<\/strong>, un reconeixement que ens omple d\u2019orgull i que posa en valor la tasca del nostre equip docent i la implicaci\u00f3 de l\u2019alumnat.<\/p>\n\n\n\n<p>\u201cVisibilitzem-les\u201d \u00e9s una mostra clara de com l\u2019educaci\u00f3 pot esdevenir una eina de transformaci\u00f3 social, treballant la perspectiva de g\u00e8nere des d\u2019una mirada cr\u00edtica, transversal i competencial. Aquesta experi\u00e8ncia refor\u00e7a el nostre comprom\u00eds amb una escola que educa en la igualtat, la just\u00edcia social i el respecte per la diversitat.<\/p>\n\n\n\n<p>Volem felicitar tot el professorat implicat en el projecte i agrair a l\u2019organitzaci\u00f3 del congr\u00e9s l\u2019oportunitat de compartir i aprendre conjuntament.<\/p>\n\n\n\n<p>Seguim avan\u00e7ant, aprenent i transformant l\u2019educaci\u00f3!<\/p>\n\n\n\n<div class=\"wp-block-getwid-images-slider has-arrows-inside has-dots-inside has-images-center has-cropped-images\"><div class=\"wp-block-getwid-images-slider__wrapper\" data-effect=\"slide\" data-slides-show=\"1\" data-slides-show-laptop=\"1\" data-slides-show-tablet=\"1\" data-slides-show-mobile=\"1\" data-slides-scroll=\"1\" data-autoplay=\"false\" data-pause-hover=\"false\" data-autoplay-speed=\"6000\" data-infinite=\"true\" data-animation-speed=\"800\" data-center-mode=\"false\" data-variable-width=\"false\" data-arrows=\"inside\" data-dots=\"inside\" data-spacing=\"none\"><div class=\"wp-block-getwid-images-slider__item\"><figure><img loading=\"lazy\" decoding=\"async\" width=\"1600\" height=\"1200\" src=\"https:\/\/agora.xtec.cat\/escolanouclave\/wp-content\/uploads\/usu1363\/2026\/02\/1000041976.jpg\" data-id=\"12100\" data-link=\"https:\/\/agora.xtec.cat\/escolanouclave\/?attachment_id=12100\" data-original-link=\"https:\/\/agora.xtec.cat\/escolanouclave\/wp-content\/uploads\/usu1363\/2026\/02\/1000041976.jpg\" class=\"wp-block-getwid-images-slider__image wp-image-12100\" srcset=\"https:\/\/agora.xtec.cat\/escolanouclave\/wp-content\/uploads\/usu1363\/2026\/02\/1000041976.jpg 1600w, https:\/\/agora.xtec.cat\/escolanouclave\/wp-content\/uploads\/usu1363\/2026\/02\/1000041976-300x225.jpg 300w, https:\/\/agora.xtec.cat\/escolanouclave\/wp-content\/uploads\/usu1363\/2026\/02\/1000041976-1024x768.jpg 1024w, https:\/\/agora.xtec.cat\/escolanouclave\/wp-content\/uploads\/usu1363\/2026\/02\/1000041976-768x576.jpg 768w, https:\/\/agora.xtec.cat\/escolanouclave\/wp-content\/uploads\/usu1363\/2026\/02\/1000041976-1536x1152.jpg 1536w\" sizes=\"auto, (max-width: 1600px) 100vw, 1600px\" \/><\/figure><\/div><\/div><\/div>\n","protected":false},"excerpt":{"rendered":"<p>Aquest cap de setmana, alguns docents del nostre centre han assistit al III Congr\u00e9s Internacional DOFEMCO, celebrat a l\u2019Auditori de la Fundaci\u00f3 Sanit\u00e0ria Mollet. La jornada ha estat un espai de trobada, reflexi\u00f3 i intercanvi d\u2019experi\u00e8ncies entre professionals de l\u2019educaci\u00f3 compromesos amb la innovaci\u00f3 pedag\u00f2gica, la perspectiva de g\u00e8nere i la transformaci\u00f3 educativa. El congr\u00e9s [&hellip;]<\/p>\n","protected":false},"author":1,"featured_media":12100,"comment_status":"closed","ping_status":"open","sticky":false,"template":"","format":"standard","meta":{"_bbp_topic_count":0,"_bbp_reply_count":0,"_bbp_total_topic_count":0,"_bbp_total_reply_count":0,"_bbp_voice_count":0,"_bbp_anonymous_reply_count":0,"_bbp_topic_count_hidden":0,"_bbp_reply_count_hidden":0,"_bbp_forum_subforum_count":0,"site-sidebar-layout":"default","site-content-layout":"","ast-site-content-layout":"default","site-content-style":"default","site-sidebar-style":"default","ast-global-header-display":"","ast-banner-title-visibility":"","ast-main-header-display":"","ast-hfb-above-header-display":"","ast-hfb-below-header-display":"","ast-hfb-mobile-header-display":"","site-post-title":"","ast-breadcrumbs-content":"","ast-featured-img":"","footer-sml-layout":"","theme-transparent-header-meta":"","adv-header-id-meta":"","stick-header-meta":"","header-above-stick-meta":"","header-main-stick-meta":"","header-below-stick-meta":"","astra-migrate-meta-layouts":"set","ast-page-background-enabled":"default","ast-page-background-meta":{"desktop":{"background-color":"var(--ast-global-color-4)","background-image":"","background-repeat":"repeat","background-position":"center center","background-size":"auto","background-attachment":"scroll","background-type":"","background-media":"","overlay-type":"","overlay-color":"","overlay-opacity":"","overlay-gradient":""},"tablet":{"background-color":"","background-image":"","background-repeat":"repeat","background-position":"center center","background-size":"auto","background-attachment":"scroll","background-type":"","background-media":"","overlay-type":"","overlay-color":"","overlay-opacity":"","overlay-gradient":""},"mobile":{"background-color":"","background-image":"","background-repeat":"repeat","background-position":"center center","background-size":"auto","background-attachment":"scroll","background-type":"","background-media":"","overlay-type":"","overlay-color":"","overlay-opacity":"","overlay-gradient":""}},"ast-content-background-meta":{"desktop":{"background-color":"var(--ast-global-color-5)","background-image":"","background-repeat":"repeat","background-position":"center center","background-size":"auto","background-attachment":"scroll","background-type":"","background-media":"","overlay-type":"","overlay-color":"","overlay-opacity":"","overlay-gradient":""},"tablet":{"background-color":"var(--ast-global-color-5)","background-image":"","background-repeat":"repeat","background-position":"center center","background-size":"auto","background-attachment":"scroll","background-type":"","background-media":"","overlay-type":"","overlay-color":"","overlay-opacity":"","overlay-gradient":""},"mobile":{"background-color":"var(--ast-global-color-5)","background-image":"","background-repeat":"repeat","background-position":"center center","background-size":"auto","background-attachment":"scroll","background-type":"","background-media":"","overlay-type":"","overlay-color":"","overlay-opacity":"","overlay-gradient":""}},"footnotes":""},"categories":[1,4],"tags":[],"class_list":["post-12098","post","type-post","status-publish","format-standard","has-post-thumbnail","hentry","category-general","category-portada"],"post_mailing_queue_ids":[],"_links":{"self":[{"href":"https:\/\/agora.xtec.cat\/escolanouclave\/wp-json\/wp\/v2\/posts\/12098","targetHints":{"allow":["GET"]}}],"collection":[{"href":"https:\/\/agora.xtec.cat\/escolanouclave\/wp-json\/wp\/v2\/posts"}],"about":[{"href":"https:\/\/agora.xtec.cat\/escolanouclave\/wp-json\/wp\/v2\/types\/post"}],"author":[{"embeddable":true,"href":"https:\/\/agora.xtec.cat\/escolanouclave\/wp-json\/wp\/v2\/users\/1"}],"replies":[{"embeddable":true,"href":"https:\/\/agora.xtec.cat\/escolanouclave\/wp-json\/wp\/v2\/comments?post=12098"}],"version-history":[{"count":1,"href":"https:\/\/agora.xtec.cat\/escolanouclave\/wp-json\/wp\/v2\/posts\/12098\/revisions"}],"predecessor-version":[{"id":12101,"href":"https:\/\/agora.xtec.cat\/escolanouclave\/wp-json\/wp\/v2\/posts\/12098\/revisions\/12101"}],"wp:featuredmedia":[{"embeddable":true,"href":"https:\/\/agora.xtec.cat\/escolanouclave\/wp-json\/wp\/v2\/media\/12100"}],"wp:attachment":[{"href":"https:\/\/agora.xtec.cat\/escolanouclave\/wp-json\/wp\/v2\/media?parent=12098"}],"wp:term":[{"taxonomy":"category","embeddable":true,"href":"https:\/\/agora.xtec.cat\/escolanouclave\/wp-json\/wp\/v2\/categories?post=12098"},{"taxonomy":"post_tag","embeddable":true,"href":"https:\/\/agora.xtec.cat\/escolanouclave\/wp-json\/wp\/v2\/tags?post=12098"}],"curies":[{"name":"wp","href":"https:\/\/api.w.org\/{rel}","templated":true}]}}