{"id":12045,"date":"2026-01-29T13:49:10","date_gmt":"2026-01-29T12:49:10","guid":{"rendered":"https:\/\/agora.xtec.cat\/escolanouclave\/?p=12045"},"modified":"2026-01-29T13:58:56","modified_gmt":"2026-01-29T12:58:56","slug":"projecte-de-lhivern-a-educacio-infantil","status":"publish","type":"post","link":"https:\/\/agora.xtec.cat\/escolanouclave\/general\/projecte-de-lhivern-a-educacio-infantil\/","title":{"rendered":"Projecte de l&#8217;hivern a educaci\u00f3 infantil"},"content":{"rendered":"\n<p>Durant el segon trimestre, a l\u2019etapa d\u2019educaci\u00f3 infantil hem dut a terme el projecte de l\u2019hivern, una proposta vivencial i globalitzada que ha perm\u00e8s als infants descobrir aquesta estaci\u00f3 a trav\u00e9s de l\u2019experimentaci\u00f3, el joc i l\u2019expressi\u00f3 art\u00edstica.<\/p>\n\n\n\n<p>Un dels eixos principals del projecte ha estat l\u2019experimentaci\u00f3 amb el gel. Els infants han pogut tocar-lo, observar-lo, manipular-lo i comprovar com canvia amb el pas del temps i la temperatura. A partir d\u2019aquestes experi\u00e8ncies, han fet hip\u00f2tesis senzilles, han expressat sensacions (fred, lliscant, dur, mullat\u2026) i han descobert transformacions com el pas de s\u00f2lid a l\u00edquid d\u2019una manera totalment significativa.<\/p>\n\n\n\n<p>L\u2019activitat de pintar amb gel ha estat una de les m\u00e9s motivadores. Mitjan\u00e7ant gla\u00e7ons tenyits amb colors, els infants han explorat noves formes de pintar, experimentant amb textures, colors i moviments. Aquesta proposta ha afavorit la creativitat, la coordinaci\u00f3 motriu i el gaudi per l\u2019expressi\u00f3 art\u00edstica, alhora que despertava la curiositat i l\u2019inter\u00e8s per l\u2019entorn.<\/p>\n\n\n\n<p>Al llarg del projecte tamb\u00e9 s\u2019ha treballat de manera intencionada el vocabulari relacionat amb l\u2019hivern: el fred, la neu, el gel, els abrics, els guants, les bufandes, la pluja\u2026 A trav\u00e9s de contes, can\u00e7ons, converses d\u2019aula i jocs simb\u00f2lics, els infants han ampliat el seu llenguatge oral i han millorat la seva capacitat d\u2019expressar viv\u00e8ncies i emocions.<\/p>\n\n\n\n<p>Aquest projecte ha afavorit un aprenentatge significatiu, ja que parteix de l\u2019experi\u00e8ncia directa i del descobriment actiu. Els infants han estat protagonistes del seu propi aprenentatge, desenvolupant la curiositat, l\u2019observaci\u00f3, la comunicaci\u00f3 i el treball compartit en un ambient de confian\u00e7a i entusiasme.<\/p>\n\n\n\n<p>En definitiva, el projecte de l\u2019hivern ha estat una experi\u00e8ncia enriquidora que ha combinat ci\u00e8ncia, art i llenguatge, respectant el ritme dels infants i fomentant el plaer per aprendre a trav\u00e9s de l\u2019experimentaci\u00f3.<\/p>\n\n\n\n<div class=\"wp-block-getwid-images-slider has-arrows-inside has-dots-inside has-images-center has-cropped-images\"><div class=\"wp-block-getwid-images-slider__wrapper\" data-effect=\"slide\" data-slides-show=\"1\" data-slides-show-laptop=\"1\" data-slides-show-tablet=\"1\" data-slides-show-mobile=\"1\" data-slides-scroll=\"1\" data-autoplay=\"false\" data-pause-hover=\"false\" data-autoplay-speed=\"6000\" data-infinite=\"true\" data-animation-speed=\"800\" data-center-mode=\"false\" data-variable-width=\"false\" data-arrows=\"inside\" data-dots=\"inside\" data-spacing=\"none\"><div class=\"wp-block-getwid-images-slider__item\"><figure><img loading=\"lazy\" decoding=\"async\" width=\"1920\" height=\"1280\" src=\"https:\/\/agora.xtec.cat\/escolanouclave\/wp-content\/uploads\/usu1363\/2026\/01\/IMG_3079-scaled-e1769691480279.jpeg\" data-id=\"12049\" data-link=\"https:\/\/agora.xtec.cat\/escolanouclave\/general\/projecte-de-lhivern-a-educacio-infantil\/attachment\/img_3079\/\" data-original-link=\"https:\/\/agora.xtec.cat\/escolanouclave\/wp-content\/uploads\/usu1363\/2026\/01\/IMG_3079-scaled-e1769691480279.jpeg\" class=\"wp-block-getwid-images-slider__image wp-image-12049\" srcset=\"https:\/\/agora.xtec.cat\/escolanouclave\/wp-content\/uploads\/usu1363\/2026\/01\/IMG_3079-scaled-e1769691480279.jpeg 1920w, https:\/\/agora.xtec.cat\/escolanouclave\/wp-content\/uploads\/usu1363\/2026\/01\/IMG_3079-scaled-e1769691480279-300x200.jpeg 300w, https:\/\/agora.xtec.cat\/escolanouclave\/wp-content\/uploads\/usu1363\/2026\/01\/IMG_3079-scaled-e1769691480279-1024x683.jpeg 1024w, https:\/\/agora.xtec.cat\/escolanouclave\/wp-content\/uploads\/usu1363\/2026\/01\/IMG_3079-scaled-e1769691480279-768x512.jpeg 768w, https:\/\/agora.xtec.cat\/escolanouclave\/wp-content\/uploads\/usu1363\/2026\/01\/IMG_3079-scaled-e1769691480279-1536x1024.jpeg 1536w\" sizes=\"auto, (max-width: 1920px) 100vw, 1920px\" \/><\/figure><\/div><div class=\"wp-block-getwid-images-slider__item\"><figure><img loading=\"lazy\" decoding=\"async\" width=\"1920\" height=\"1420\" src=\"https:\/\/agora.xtec.cat\/escolanouclave\/wp-content\/uploads\/usu1363\/2026\/01\/IMG_3167-scaled-e1769691455514.jpeg\" data-id=\"12050\" data-link=\"https:\/\/agora.xtec.cat\/escolanouclave\/general\/projecte-de-lhivern-a-educacio-infantil\/attachment\/img_3167\/\" data-original-link=\"https:\/\/agora.xtec.cat\/escolanouclave\/wp-content\/uploads\/usu1363\/2026\/01\/IMG_3167-scaled-e1769691455514.jpeg\" class=\"wp-block-getwid-images-slider__image wp-image-12050\" srcset=\"https:\/\/agora.xtec.cat\/escolanouclave\/wp-content\/uploads\/usu1363\/2026\/01\/IMG_3167-scaled-e1769691455514.jpeg 1920w, https:\/\/agora.xtec.cat\/escolanouclave\/wp-content\/uploads\/usu1363\/2026\/01\/IMG_3167-scaled-e1769691455514-300x222.jpeg 300w, https:\/\/agora.xtec.cat\/escolanouclave\/wp-content\/uploads\/usu1363\/2026\/01\/IMG_3167-scaled-e1769691455514-1024x757.jpeg 1024w, https:\/\/agora.xtec.cat\/escolanouclave\/wp-content\/uploads\/usu1363\/2026\/01\/IMG_3167-scaled-e1769691455514-768x568.jpeg 768w, https:\/\/agora.xtec.cat\/escolanouclave\/wp-content\/uploads\/usu1363\/2026\/01\/IMG_3167-scaled-e1769691455514-1536x1136.jpeg 1536w\" sizes=\"auto, (max-width: 1920px) 100vw, 1920px\" \/><\/figure><\/div><div class=\"wp-block-getwid-images-slider__item\"><figure><img loading=\"lazy\" decoding=\"async\" width=\"1920\" height=\"1143\" src=\"https:\/\/agora.xtec.cat\/escolanouclave\/wp-content\/uploads\/usu1363\/2026\/01\/IMG_3255-scaled-e1769691385281.jpeg\" data-id=\"12052\" data-link=\"https:\/\/agora.xtec.cat\/escolanouclave\/general\/projecte-de-lhivern-a-educacio-infantil\/attachment\/img_3255\/\" data-original-link=\"https:\/\/agora.xtec.cat\/escolanouclave\/wp-content\/uploads\/usu1363\/2026\/01\/IMG_3255-scaled-e1769691385281.jpeg\" class=\"wp-block-getwid-images-slider__image wp-image-12052\" srcset=\"https:\/\/agora.xtec.cat\/escolanouclave\/wp-content\/uploads\/usu1363\/2026\/01\/IMG_3255-scaled-e1769691385281.jpeg 1920w, https:\/\/agora.xtec.cat\/escolanouclave\/wp-content\/uploads\/usu1363\/2026\/01\/IMG_3255-scaled-e1769691385281-300x179.jpeg 300w, https:\/\/agora.xtec.cat\/escolanouclave\/wp-content\/uploads\/usu1363\/2026\/01\/IMG_3255-scaled-e1769691385281-1024x610.jpeg 1024w, https:\/\/agora.xtec.cat\/escolanouclave\/wp-content\/uploads\/usu1363\/2026\/01\/IMG_3255-scaled-e1769691385281-768x457.jpeg 768w, https:\/\/agora.xtec.cat\/escolanouclave\/wp-content\/uploads\/usu1363\/2026\/01\/IMG_3255-scaled-e1769691385281-1536x914.jpeg 1536w\" sizes=\"auto, (max-width: 1920px) 100vw, 1920px\" \/><\/figure><\/div><div class=\"wp-block-getwid-images-slider__item\"><figure><img loading=\"lazy\" decoding=\"async\" width=\"1920\" height=\"1230\" src=\"https:\/\/agora.xtec.cat\/escolanouclave\/wp-content\/uploads\/usu1363\/2026\/01\/IMG_3261-scaled-e1769691356621.jpeg\" data-id=\"12053\" data-link=\"https:\/\/agora.xtec.cat\/escolanouclave\/general\/projecte-de-lhivern-a-educacio-infantil\/attachment\/img_3261\/\" data-original-link=\"https:\/\/agora.xtec.cat\/escolanouclave\/wp-content\/uploads\/usu1363\/2026\/01\/IMG_3261-scaled-e1769691356621.jpeg\" class=\"wp-block-getwid-images-slider__image wp-image-12053\" srcset=\"https:\/\/agora.xtec.cat\/escolanouclave\/wp-content\/uploads\/usu1363\/2026\/01\/IMG_3261-scaled-e1769691356621.jpeg 1920w, https:\/\/agora.xtec.cat\/escolanouclave\/wp-content\/uploads\/usu1363\/2026\/01\/IMG_3261-scaled-e1769691356621-300x192.jpeg 300w, https:\/\/agora.xtec.cat\/escolanouclave\/wp-content\/uploads\/usu1363\/2026\/01\/IMG_3261-scaled-e1769691356621-1024x656.jpeg 1024w, https:\/\/agora.xtec.cat\/escolanouclave\/wp-content\/uploads\/usu1363\/2026\/01\/IMG_3261-scaled-e1769691356621-768x492.jpeg 768w, https:\/\/agora.xtec.cat\/escolanouclave\/wp-content\/uploads\/usu1363\/2026\/01\/IMG_3261-scaled-e1769691356621-1536x984.jpeg 1536w\" sizes=\"auto, (max-width: 1920px) 100vw, 1920px\" \/><\/figure><\/div><div class=\"wp-block-getwid-images-slider__item\"><figure><img loading=\"lazy\" decoding=\"async\" width=\"2560\" height=\"1920\" src=\"https:\/\/agora.xtec.cat\/escolanouclave\/wp-content\/uploads\/usu1363\/2026\/01\/IMG_3186-scaled.jpeg\" data-id=\"12051\" data-link=\"https:\/\/agora.xtec.cat\/escolanouclave\/general\/projecte-de-lhivern-a-educacio-infantil\/attachment\/img_3186\/\" data-original-link=\"https:\/\/agora.xtec.cat\/escolanouclave\/wp-content\/uploads\/usu1363\/2026\/01\/IMG_3186-scaled.jpeg\" class=\"wp-block-getwid-images-slider__image wp-image-12051\" srcset=\"https:\/\/agora.xtec.cat\/escolanouclave\/wp-content\/uploads\/usu1363\/2026\/01\/IMG_3186-scaled.jpeg 2560w, https:\/\/agora.xtec.cat\/escolanouclave\/wp-content\/uploads\/usu1363\/2026\/01\/IMG_3186-300x225.jpeg 300w, https:\/\/agora.xtec.cat\/escolanouclave\/wp-content\/uploads\/usu1363\/2026\/01\/IMG_3186-1024x768.jpeg 1024w, https:\/\/agora.xtec.cat\/escolanouclave\/wp-content\/uploads\/usu1363\/2026\/01\/IMG_3186-768x576.jpeg 768w, https:\/\/agora.xtec.cat\/escolanouclave\/wp-content\/uploads\/usu1363\/2026\/01\/IMG_3186-1536x1152.jpeg 1536w, https:\/\/agora.xtec.cat\/escolanouclave\/wp-content\/uploads\/usu1363\/2026\/01\/IMG_3186-2048x1536.jpeg 2048w\" sizes=\"auto, (max-width: 2560px) 100vw, 2560px\" \/><\/figure><\/div><\/div><\/div>\n","protected":false},"excerpt":{"rendered":"<p>Durant el segon trimestre, a l\u2019etapa d\u2019educaci\u00f3 infantil hem dut a terme el projecte de l\u2019hivern, una proposta vivencial i globalitzada que ha perm\u00e8s als infants descobrir aquesta estaci\u00f3 a trav\u00e9s de l\u2019experimentaci\u00f3, el joc i l\u2019expressi\u00f3 art\u00edstica. Un dels eixos principals del projecte ha estat l\u2019experimentaci\u00f3 amb el gel. Els infants han pogut tocar-lo, [&hellip;]<\/p>\n","protected":false},"author":28,"featured_media":12049,"comment_status":"closed","ping_status":"open","sticky":false,"template":"","format":"standard","meta":{"_bbp_topic_count":0,"_bbp_reply_count":0,"_bbp_total_topic_count":0,"_bbp_total_reply_count":0,"_bbp_voice_count":0,"_bbp_anonymous_reply_count":0,"_bbp_topic_count_hidden":0,"_bbp_reply_count_hidden":0,"_bbp_forum_subforum_count":0,"site-sidebar-layout":"default","site-content-layout":"","ast-site-content-layout":"default","site-content-style":"default","site-sidebar-style":"default","ast-global-header-display":"","ast-banner-title-visibility":"","ast-main-header-display":"","ast-hfb-above-header-display":"","ast-hfb-below-header-display":"","ast-hfb-mobile-header-display":"","site-post-title":"","ast-breadcrumbs-content":"","ast-featured-img":"","footer-sml-layout":"","theme-transparent-header-meta":"","adv-header-id-meta":"","stick-header-meta":"","header-above-stick-meta":"","header-main-stick-meta":"","header-below-stick-meta":"","astra-migrate-meta-layouts":"set","ast-page-background-enabled":"default","ast-page-background-meta":{"desktop":{"background-color":"var(--ast-global-color-4)","background-image":"","background-repeat":"repeat","background-position":"center center","background-size":"auto","background-attachment":"scroll","background-type":"","background-media":"","overlay-type":"","overlay-color":"","overlay-opacity":"","overlay-gradient":""},"tablet":{"background-color":"","background-image":"","background-repeat":"repeat","background-position":"center center","background-size":"auto","background-attachment":"scroll","background-type":"","background-media":"","overlay-type":"","overlay-color":"","overlay-opacity":"","overlay-gradient":""},"mobile":{"background-color":"","background-image":"","background-repeat":"repeat","background-position":"center center","background-size":"auto","background-attachment":"scroll","background-type":"","background-media":"","overlay-type":"","overlay-color":"","overlay-opacity":"","overlay-gradient":""}},"ast-content-background-meta":{"desktop":{"background-color":"var(--ast-global-color-5)","background-image":"","background-repeat":"repeat","background-position":"center center","background-size":"auto","background-attachment":"scroll","background-type":"","background-media":"","overlay-type":"","overlay-color":"","overlay-opacity":"","overlay-gradient":""},"tablet":{"background-color":"var(--ast-global-color-5)","background-image":"","background-repeat":"repeat","background-position":"center center","background-size":"auto","background-attachment":"scroll","background-type":"","background-media":"","overlay-type":"","overlay-color":"","overlay-opacity":"","overlay-gradient":""},"mobile":{"background-color":"var(--ast-global-color-5)","background-image":"","background-repeat":"repeat","background-position":"center center","background-size":"auto","background-attachment":"scroll","background-type":"","background-media":"","overlay-type":"","overlay-color":"","overlay-opacity":"","overlay-gradient":""}},"footnotes":""},"categories":[1,2,4],"tags":[],"class_list":["post-12045","post","type-post","status-publish","format-standard","has-post-thumbnail","hentry","category-general","category-infantil","category-portada"],"post_mailing_queue_ids":[],"_links":{"self":[{"href":"https:\/\/agora.xtec.cat\/escolanouclave\/wp-json\/wp\/v2\/posts\/12045","targetHints":{"allow":["GET"]}}],"collection":[{"href":"https:\/\/agora.xtec.cat\/escolanouclave\/wp-json\/wp\/v2\/posts"}],"about":[{"href":"https:\/\/agora.xtec.cat\/escolanouclave\/wp-json\/wp\/v2\/types\/post"}],"author":[{"embeddable":true,"href":"https:\/\/agora.xtec.cat\/escolanouclave\/wp-json\/wp\/v2\/users\/28"}],"replies":[{"embeddable":true,"href":"https:\/\/agora.xtec.cat\/escolanouclave\/wp-json\/wp\/v2\/comments?post=12045"}],"version-history":[{"count":3,"href":"https:\/\/agora.xtec.cat\/escolanouclave\/wp-json\/wp\/v2\/posts\/12045\/revisions"}],"predecessor-version":[{"id":12055,"href":"https:\/\/agora.xtec.cat\/escolanouclave\/wp-json\/wp\/v2\/posts\/12045\/revisions\/12055"}],"wp:featuredmedia":[{"embeddable":true,"href":"https:\/\/agora.xtec.cat\/escolanouclave\/wp-json\/wp\/v2\/media\/12049"}],"wp:attachment":[{"href":"https:\/\/agora.xtec.cat\/escolanouclave\/wp-json\/wp\/v2\/media?parent=12045"}],"wp:term":[{"taxonomy":"category","embeddable":true,"href":"https:\/\/agora.xtec.cat\/escolanouclave\/wp-json\/wp\/v2\/categories?post=12045"},{"taxonomy":"post_tag","embeddable":true,"href":"https:\/\/agora.xtec.cat\/escolanouclave\/wp-json\/wp\/v2\/tags?post=12045"}],"curies":[{"name":"wp","href":"https:\/\/api.w.org\/{rel}","templated":true}]}}