{"id":11940,"date":"2025-11-25T10:43:11","date_gmt":"2025-11-25T09:43:11","guid":{"rendered":"https:\/\/agora.xtec.cat\/escolanouclave\/?p=11940"},"modified":"2025-12-19T09:16:53","modified_gmt":"2025-12-19T08:16:53","slug":"resultats-del-consell-escolar","status":"publish","type":"post","link":"https:\/\/agora.xtec.cat\/escolanouclave\/general\/resultats-del-consell-escolar\/","title":{"rendered":"Resultats del Consell Escolar"},"content":{"rendered":"\n<p>La setmana passada es van dur a terme les eleccions per a la renovaci\u00f3 parcial de Consell Escolar de l\u2019escola Nou Clav\u00e9.<\/p>\n\n\n\n<p>Pel sector Fam\u00edlies vam rebre dues \u00faniques candidatures, que van esdevenir les m\u00e9s votades:<\/p>\n\n\n\n<ul class=\"wp-block-list\">\n<li><strong>Cristina Garcia Albella<\/strong><\/li>\n\n\n\n<li><strong>Esther Paredes Pardo.<\/strong><\/li>\n<\/ul>\n\n\n\n<p>Pel sector docent vam rebre dues \u00faniques candidatures que coincideixen amb les places que a cobrir i van esdevenir les \u00e9s votades:<\/p>\n\n\n\n<ul class=\"wp-block-list\">\n<li><strong>Gl\u00f2ria Guzm\u00e1n Prieto<\/strong><\/li>\n\n\n\n<li><strong>Ignasi Vallesp\u00ed Mart\u00ednez<\/strong><\/li>\n<\/ul>\n\n\n\n<p>Pel que fa al sector alumnat vam rebre cinc candidatures, despr\u00e9s de fer la votaci\u00f3 els resultats s\u00f3n els seg\u00fcents:<\/p>\n\n\n\n<ul class=\"wp-block-list\">\n<li><strong>V\u00edctor Bol\u00edvar Li\u00e9bana: 17 vots<\/strong><\/li>\n\n\n\n<li><strong>Cristina Viloria Costar: 11 vots<\/strong><\/li>\n\n\n\n<li><strong>Jan Ruiz Jim\u00e9nez: 9 vots<\/strong><\/li>\n\n\n\n<li><strong>Pol Serrano Icart: 9 vots<\/strong><\/li>\n\n\n\n<li><strong>Jihad Essadiki Mhalhal: 6 vots<\/strong><\/li>\n\n\n\n<li>Vots nuls: 1<\/li>\n<\/ul>\n\n\n\n<p>Donem l\u2019enhorabona a <strong>V\u00edctor Bolivar Li\u00e9bana<\/strong> com a nou representant del sector de l\u2019alumnat del Consell Escolar.<\/p>\n\n\n\n<p>Al sector de personal PAE vam tenir una \u00fanica candidatura que coincideix amb la pla\u00e7a a cobrir i va ser la candidatura m\u00e9s votada:<\/p>\n\n\n\n<ul class=\"wp-block-list\">\n<li><strong>M\u00f3nica Cun\u00ed Fuentes<\/strong><\/li>\n<\/ul>\n\n\n\n<p>Amb aquestes incorporacions completem els membres del Consell  Escolar del Nou Clav\u00e9.<\/p>\n\n\n\n<p><\/p>\n","protected":false},"excerpt":{"rendered":"<p>La setmana passada es van dur a terme les eleccions per a la renovaci\u00f3 parcial de Consell Escolar de l\u2019escola Nou Clav\u00e9. Pel sector Fam\u00edlies vam rebre dues \u00faniques candidatures, que van esdevenir les m\u00e9s votades: Pel sector docent vam rebre dues \u00faniques candidatures que coincideixen amb les places que a cobrir i van esdevenir [&hellip;]<\/p>\n","protected":false},"author":27,"featured_media":11941,"comment_status":"closed","ping_status":"open","sticky":false,"template":"","format":"standard","meta":{"_bbp_topic_count":0,"_bbp_reply_count":0,"_bbp_total_topic_count":0,"_bbp_total_reply_count":0,"_bbp_voice_count":0,"_bbp_anonymous_reply_count":0,"_bbp_topic_count_hidden":0,"_bbp_reply_count_hidden":0,"_bbp_forum_subforum_count":0,"site-sidebar-layout":"default","site-content-layout":"","ast-site-content-layout":"default","site-content-style":"default","site-sidebar-style":"default","ast-global-header-display":"","ast-banner-title-visibility":"","ast-main-header-display":"","ast-hfb-above-header-display":"","ast-hfb-below-header-display":"","ast-hfb-mobile-header-display":"","site-post-title":"","ast-breadcrumbs-content":"","ast-featured-img":"","footer-sml-layout":"","theme-transparent-header-meta":"","adv-header-id-meta":"","stick-header-meta":"","header-above-stick-meta":"","header-main-stick-meta":"","header-below-stick-meta":"","astra-migrate-meta-layouts":"set","ast-page-background-enabled":"default","ast-page-background-meta":{"desktop":{"background-color":"var(--ast-global-color-4)","background-image":"","background-repeat":"repeat","background-position":"center center","background-size":"auto","background-attachment":"scroll","background-type":"","background-media":"","overlay-type":"","overlay-color":"","overlay-opacity":"","overlay-gradient":""},"tablet":{"background-color":"","background-image":"","background-repeat":"repeat","background-position":"center center","background-size":"auto","background-attachment":"scroll","background-type":"","background-media":"","overlay-type":"","overlay-color":"","overlay-opacity":"","overlay-gradient":""},"mobile":{"background-color":"","background-image":"","background-repeat":"repeat","background-position":"center center","background-size":"auto","background-attachment":"scroll","background-type":"","background-media":"","overlay-type":"","overlay-color":"","overlay-opacity":"","overlay-gradient":""}},"ast-content-background-meta":{"desktop":{"background-color":"var(--ast-global-color-5)","background-image":"","background-repeat":"repeat","background-position":"center center","background-size":"auto","background-attachment":"scroll","background-type":"","background-media":"","overlay-type":"","overlay-color":"","overlay-opacity":"","overlay-gradient":""},"tablet":{"background-color":"var(--ast-global-color-5)","background-image":"","background-repeat":"repeat","background-position":"center center","background-size":"auto","background-attachment":"scroll","background-type":"","background-media":"","overlay-type":"","overlay-color":"","overlay-opacity":"","overlay-gradient":""},"mobile":{"background-color":"var(--ast-global-color-5)","background-image":"","background-repeat":"repeat","background-position":"center center","background-size":"auto","background-attachment":"scroll","background-type":"","background-media":"","overlay-type":"","overlay-color":"","overlay-opacity":"","overlay-gradient":""}},"footnotes":""},"categories":[1,4],"tags":[],"class_list":["post-11940","post","type-post","status-publish","format-standard","has-post-thumbnail","hentry","category-general","category-portada"],"post_mailing_queue_ids":[],"_links":{"self":[{"href":"https:\/\/agora.xtec.cat\/escolanouclave\/wp-json\/wp\/v2\/posts\/11940","targetHints":{"allow":["GET"]}}],"collection":[{"href":"https:\/\/agora.xtec.cat\/escolanouclave\/wp-json\/wp\/v2\/posts"}],"about":[{"href":"https:\/\/agora.xtec.cat\/escolanouclave\/wp-json\/wp\/v2\/types\/post"}],"author":[{"embeddable":true,"href":"https:\/\/agora.xtec.cat\/escolanouclave\/wp-json\/wp\/v2\/users\/27"}],"replies":[{"embeddable":true,"href":"https:\/\/agora.xtec.cat\/escolanouclave\/wp-json\/wp\/v2\/comments?post=11940"}],"version-history":[{"count":2,"href":"https:\/\/agora.xtec.cat\/escolanouclave\/wp-json\/wp\/v2\/posts\/11940\/revisions"}],"predecessor-version":[{"id":11972,"href":"https:\/\/agora.xtec.cat\/escolanouclave\/wp-json\/wp\/v2\/posts\/11940\/revisions\/11972"}],"wp:featuredmedia":[{"embeddable":true,"href":"https:\/\/agora.xtec.cat\/escolanouclave\/wp-json\/wp\/v2\/media\/11941"}],"wp:attachment":[{"href":"https:\/\/agora.xtec.cat\/escolanouclave\/wp-json\/wp\/v2\/media?parent=11940"}],"wp:term":[{"taxonomy":"category","embeddable":true,"href":"https:\/\/agora.xtec.cat\/escolanouclave\/wp-json\/wp\/v2\/categories?post=11940"},{"taxonomy":"post_tag","embeddable":true,"href":"https:\/\/agora.xtec.cat\/escolanouclave\/wp-json\/wp\/v2\/tags?post=11940"}],"curies":[{"name":"wp","href":"https:\/\/api.w.org\/{rel}","templated":true}]}}