{"id":11779,"date":"2025-09-12T08:26:47","date_gmt":"2025-09-12T06:26:47","guid":{"rendered":"https:\/\/agora.xtec.cat\/escolanouclave\/?p=11779"},"modified":"2025-09-12T08:40:05","modified_gmt":"2025-09-12T06:40:05","slug":"i-sopar-de-germanor-de-lescola-nou-clave","status":"publish","type":"post","link":"https:\/\/agora.xtec.cat\/escolanouclave\/general\/i-sopar-de-germanor-de-lescola-nou-clave\/","title":{"rendered":"I Sopar de Germanor de l\u2019Escola Nou Clav\u00e9"},"content":{"rendered":"\n<div class=\"wp-block-columns is-layout-flex wp-container-core-columns-is-layout-1 wp-block-columns-is-layout-flex\">\n<div class=\"wp-block-column is-layout-flow wp-block-column-is-layout-flow\" style=\"flex-basis:33.33%\">\n<figure class=\"wp-block-image size-large is-resized\"><a href=\"https:\/\/agora.xtec.cat\/escolanouclave\/wp-content\/uploads\/usu1363\/2025\/09\/foto-sopar-1-scaled.jpg\"><img decoding=\"async\" src=\"https:\/\/agora.xtec.cat\/escolanouclave\/wp-content\/uploads\/usu1363\/2025\/09\/foto-sopar-1-473x1024.jpg\" alt=\"\" class=\"wp-image-11781\" style=\"aspect-ratio:1;object-fit:cover;width:502px;height:auto\"\/><\/a><\/figure>\n<\/div>\n\n\n\n<div class=\"wp-block-column is-layout-flow wp-block-column-is-layout-flow\" style=\"flex-basis:66.66%\">\n<p>El passat 10 de setembre vam viure un moment molt especial: el primer Sopar de Germanor de l\u2019Escola Nou Clav\u00e9.<\/p>\n\n\n\n<p>Amb gran il\u00b7lusi\u00f3, fam\u00edlies, amistats i personal del centre vam compartir un sopar a la fresca que, sens dubte, es convertir\u00e0 en una tradici\u00f3 dins la nostra comunitat educativa. L\u2019ambient va ser d\u2019alegria i de retrobament, i va reflectir l\u2019esperit de cooperaci\u00f3 i conviv\u00e8ncia que ens defineix com a escola.<\/p>\n\n\n\n<p>Volem donar les gr\u00e0cies a totes les persones que, durant el proc\u00e9s de consolidaci\u00f3 de la Cooperativa, han estat al nostre costat donant-nos suport i confian\u00e7a. Sense vosaltres, aquest projecte no hauria estat possible.<\/p>\n\n\n\n<p>Tamb\u00e9 volem fer un reconeixement especial a les nostres fam\u00edlies i amistats, que ens han ajudat i acompanyat sempre amb const\u00e0ncia i entusiasme.<\/p>\n\n\n\n<p>A l\u2019Escola Nou Clav\u00e9 ens sentim orgullosos de ser molt m\u00e9s que un centre educatiu: som una gran fam\u00edlia que creix i s\u2019enforteix cada dia.<\/p>\n<\/div>\n<\/div>\n","protected":false},"excerpt":{"rendered":"<p>El passat 10 de setembre vam viure un moment molt especial: el primer Sopar de Germanor de l\u2019Escola Nou Clav\u00e9. Amb gran il\u00b7lusi\u00f3, fam\u00edlies, amistats i personal del centre vam compartir un sopar a la fresca que, sens dubte, es convertir\u00e0 en una tradici\u00f3 dins la nostra comunitat educativa. L\u2019ambient va ser d\u2019alegria i de [&hellip;]<\/p>\n","protected":false},"author":1,"featured_media":11781,"comment_status":"closed","ping_status":"open","sticky":false,"template":"","format":"standard","meta":{"_bbp_topic_count":0,"_bbp_reply_count":0,"_bbp_total_topic_count":0,"_bbp_total_reply_count":0,"_bbp_voice_count":0,"_bbp_anonymous_reply_count":0,"_bbp_topic_count_hidden":0,"_bbp_reply_count_hidden":0,"_bbp_forum_subforum_count":0,"site-sidebar-layout":"default","site-content-layout":"","ast-site-content-layout":"default","site-content-style":"default","site-sidebar-style":"default","ast-global-header-display":"","ast-banner-title-visibility":"","ast-main-header-display":"","ast-hfb-above-header-display":"","ast-hfb-below-header-display":"","ast-hfb-mobile-header-display":"","site-post-title":"","ast-breadcrumbs-content":"","ast-featured-img":"","footer-sml-layout":"","theme-transparent-header-meta":"","adv-header-id-meta":"","stick-header-meta":"","header-above-stick-meta":"","header-main-stick-meta":"","header-below-stick-meta":"","astra-migrate-meta-layouts":"set","ast-page-background-enabled":"default","ast-page-background-meta":{"desktop":{"background-color":"var(--ast-global-color-4)","background-image":"","background-repeat":"repeat","background-position":"center center","background-size":"auto","background-attachment":"scroll","background-type":"","background-media":"","overlay-type":"","overlay-color":"","overlay-opacity":"","overlay-gradient":""},"tablet":{"background-color":"","background-image":"","background-repeat":"repeat","background-position":"center center","background-size":"auto","background-attachment":"scroll","background-type":"","background-media":"","overlay-type":"","overlay-color":"","overlay-opacity":"","overlay-gradient":""},"mobile":{"background-color":"","background-image":"","background-repeat":"repeat","background-position":"center center","background-size":"auto","background-attachment":"scroll","background-type":"","background-media":"","overlay-type":"","overlay-color":"","overlay-opacity":"","overlay-gradient":""}},"ast-content-background-meta":{"desktop":{"background-color":"var(--ast-global-color-5)","background-image":"","background-repeat":"repeat","background-position":"center center","background-size":"auto","background-attachment":"scroll","background-type":"","background-media":"","overlay-type":"","overlay-color":"","overlay-opacity":"","overlay-gradient":""},"tablet":{"background-color":"var(--ast-global-color-5)","background-image":"","background-repeat":"repeat","background-position":"center center","background-size":"auto","background-attachment":"scroll","background-type":"","background-media":"","overlay-type":"","overlay-color":"","overlay-opacity":"","overlay-gradient":""},"mobile":{"background-color":"var(--ast-global-color-5)","background-image":"","background-repeat":"repeat","background-position":"center center","background-size":"auto","background-attachment":"scroll","background-type":"","background-media":"","overlay-type":"","overlay-color":"","overlay-opacity":"","overlay-gradient":""}},"footnotes":""},"categories":[1,4],"tags":[],"class_list":["post-11779","post","type-post","status-publish","format-standard","has-post-thumbnail","hentry","category-general","category-portada"],"post_mailing_queue_ids":[],"_links":{"self":[{"href":"https:\/\/agora.xtec.cat\/escolanouclave\/wp-json\/wp\/v2\/posts\/11779","targetHints":{"allow":["GET"]}}],"collection":[{"href":"https:\/\/agora.xtec.cat\/escolanouclave\/wp-json\/wp\/v2\/posts"}],"about":[{"href":"https:\/\/agora.xtec.cat\/escolanouclave\/wp-json\/wp\/v2\/types\/post"}],"author":[{"embeddable":true,"href":"https:\/\/agora.xtec.cat\/escolanouclave\/wp-json\/wp\/v2\/users\/1"}],"replies":[{"embeddable":true,"href":"https:\/\/agora.xtec.cat\/escolanouclave\/wp-json\/wp\/v2\/comments?post=11779"}],"version-history":[{"count":4,"href":"https:\/\/agora.xtec.cat\/escolanouclave\/wp-json\/wp\/v2\/posts\/11779\/revisions"}],"predecessor-version":[{"id":11785,"href":"https:\/\/agora.xtec.cat\/escolanouclave\/wp-json\/wp\/v2\/posts\/11779\/revisions\/11785"}],"wp:featuredmedia":[{"embeddable":true,"href":"https:\/\/agora.xtec.cat\/escolanouclave\/wp-json\/wp\/v2\/media\/11781"}],"wp:attachment":[{"href":"https:\/\/agora.xtec.cat\/escolanouclave\/wp-json\/wp\/v2\/media?parent=11779"}],"wp:term":[{"taxonomy":"category","embeddable":true,"href":"https:\/\/agora.xtec.cat\/escolanouclave\/wp-json\/wp\/v2\/categories?post=11779"},{"taxonomy":"post_tag","embeddable":true,"href":"https:\/\/agora.xtec.cat\/escolanouclave\/wp-json\/wp\/v2\/tags?post=11779"}],"curies":[{"name":"wp","href":"https:\/\/api.w.org\/{rel}","templated":true}]}}