{"id":11507,"date":"2025-04-08T17:11:09","date_gmt":"2025-04-08T15:11:09","guid":{"rendered":"https:\/\/agora.xtec.cat\/escolanouclave\/?p=11507"},"modified":"2025-04-08T17:12:11","modified_gmt":"2025-04-08T15:12:11","slug":"visita-al-menhir-de-mollet-de-valles","status":"publish","type":"post","link":"https:\/\/agora.xtec.cat\/escolanouclave\/general\/visita-al-menhir-de-mollet-de-valles\/","title":{"rendered":"Visita al Menhir de Mollet de Vall\u00e8s"},"content":{"rendered":"<p class=\"\" style=\"text-align: justify\" data-start=\"446\" data-end=\"824\"><img loading=\"lazy\" decoding=\"async\" class=\" wp-image-11508 alignleft\" src=\"https:\/\/agora.xtec.cat\/escolanouclave\/wp-content\/uploads\/usu1363\/2025\/04\/menhir.jpg\" alt=\"\" width=\"430\" height=\"413\" srcset=\"https:\/\/agora.xtec.cat\/escolanouclave\/wp-content\/uploads\/usu1363\/2025\/04\/menhir.jpg 735w, https:\/\/agora.xtec.cat\/escolanouclave\/wp-content\/uploads\/usu1363\/2025\/04\/menhir-300x288.jpg 300w\" sizes=\"auto, (max-width: 430px) 100vw, 430px\" \/>Aquest passat dimecres 2 d\u2019abril, l\u2019alumnat de 1r d\u2019ESO de l\u2019Escola Anselm Clav\u00e9 va sortir de l\u2019aula per fer una immersi\u00f3 directa a la hist\u00f2ria m\u00e9s antiga del nostre territori. L\u2019objectiu? Con\u00e8ixer de ben a prop el menhir de Mollet, una de les peces m\u00e9s emblem\u00e0tiques del patrimoni prehist\u00f2ric de la ciutat i un aut\u00e8ntic testimoni del passat megal\u00edtic de la comarca.<\/p>\n<p class=\"\" style=\"text-align: justify\" data-start=\"826\" data-end=\"1355\">La visita es va fer a peu, amb ganes i motxilles carregades de curiositat. Un cop al lloc, i acompanyats del professorat i d\u2019explicacions adaptades, els alumnes van poder observar de ben a prop aquest bloc de pedra vertical, d\u2019origen neol\u00edtic, que es calcula que t\u00e9 m\u00e9s de 4.000 anys d\u2019antiguitat. El menhir de Mollet, descobert fa poc m\u00e9s de trenta anys durant unes obres, destaca per les seves dimensions (gaireb\u00e9 5 metres de llarg\u00e0ria) i per les incisions gravades, possiblement amb significat simb\u00f2lic o religi\u00f3s.<\/p>\n<p class=\"\" style=\"text-align: justify\" data-start=\"1357\" data-end=\"1749\">A trav\u00e9s de din\u00e0miques i preguntes, es va reflexionar sobre com vivien les comunitats prehist\u00f2riques, com podien moure pedres tan grans sense tecnologia moderna, i quin significat tenien aquests monuments en la seva cultura. La visita va ser tamb\u00e9 una oportunitat per con\u00e8ixer el patrimoni local i veure com Mollet no nom\u00e9s t\u00e9 present, sin\u00f3 tamb\u00e9 una hist\u00f2ria molt profunda i valuosa.<\/p>\n<p class=\"\" style=\"text-align: justify\" data-start=\"1751\" data-end=\"2202\">Els alumnes van prendre apunts, van fer fotografies i van compartir impressions. Alguns es van sorprendre de saber que tenim restes tan antigues tan a prop de casa. Altres es van interessar pels materials, les t\u00e8cniques de construcci\u00f3 i la possible funci\u00f3 ritual del menhir. En definitiva, va ser una experi\u00e8ncia vivencial, que connecta perfectament amb el treball fet a classe sobre la prehist\u00f2ria i la formaci\u00f3 de les primeres societats humanes.<\/p>\n<p class=\"\" style=\"text-align: justify\" data-start=\"2204\" data-end=\"2525\">Aquesta sortida \u00e9s un exemple de com l\u2019aprenentatge es pot fer fora de les parets de l\u2019aula, despertant l\u2019inter\u00e8s, la reflexi\u00f3 i la connexi\u00f3 amb l\u2019entorn. El menhir de Mollet ja no ser\u00e0 nom\u00e9s una fotografia en un llibre de text, sin\u00f3 una viv\u00e8ncia compartida que quedar\u00e0 a la mem\u00f2ria de l&#8217;alumnat de 1r d\u2019ESO.<\/p>\n","protected":false},"excerpt":{"rendered":"<p>Aquest passat dimecres 2 d\u2019abril, l\u2019alumnat de 1r d\u2019ESO de l\u2019Escola Anselm Clav\u00e9 va sortir de l\u2019aula per fer una immersi\u00f3 directa a la hist\u00f2ria m\u00e9s antiga del nostre territori. L\u2019objectiu? Con\u00e8ixer de ben a prop el menhir de Mollet, una de les peces m\u00e9s emblem\u00e0tiques del patrimoni prehist\u00f2ric de la ciutat i un aut\u00e8ntic [&hellip;]<\/p>\n","protected":false},"author":27,"featured_media":11508,"comment_status":"closed","ping_status":"closed","sticky":false,"template":"","format":"standard","meta":{"_bbp_topic_count":0,"_bbp_reply_count":0,"_bbp_total_topic_count":0,"_bbp_total_reply_count":0,"_bbp_voice_count":0,"_bbp_anonymous_reply_count":0,"_bbp_topic_count_hidden":0,"_bbp_reply_count_hidden":0,"_bbp_forum_subforum_count":0,"site-sidebar-layout":"default","site-content-layout":"","ast-site-content-layout":"","site-content-style":"default","site-sidebar-style":"default","ast-global-header-display":"","ast-banner-title-visibility":"","ast-main-header-display":"","ast-hfb-above-header-display":"","ast-hfb-below-header-display":"","ast-hfb-mobile-header-display":"","site-post-title":"","ast-breadcrumbs-content":"","ast-featured-img":"","footer-sml-layout":"","theme-transparent-header-meta":"","adv-header-id-meta":"","stick-header-meta":"","header-above-stick-meta":"","header-main-stick-meta":"","header-below-stick-meta":"","astra-migrate-meta-layouts":"default","ast-page-background-enabled":"default","ast-page-background-meta":{"desktop":{"background-color":"var(--ast-global-color-4)","background-image":"","background-repeat":"repeat","background-position":"center center","background-size":"auto","background-attachment":"scroll","background-type":"","background-media":"","overlay-type":"","overlay-color":"","overlay-opacity":"","overlay-gradient":""},"tablet":{"background-color":"","background-image":"","background-repeat":"repeat","background-position":"center center","background-size":"auto","background-attachment":"scroll","background-type":"","background-media":"","overlay-type":"","overlay-color":"","overlay-opacity":"","overlay-gradient":""},"mobile":{"background-color":"","background-image":"","background-repeat":"repeat","background-position":"center center","background-size":"auto","background-attachment":"scroll","background-type":"","background-media":"","overlay-type":"","overlay-color":"","overlay-opacity":"","overlay-gradient":""}},"ast-content-background-meta":{"desktop":{"background-color":"var(--ast-global-color-5)","background-image":"","background-repeat":"repeat","background-position":"center center","background-size":"auto","background-attachment":"scroll","background-type":"","background-media":"","overlay-type":"","overlay-color":"","overlay-opacity":"","overlay-gradient":""},"tablet":{"background-color":"var(--ast-global-color-5)","background-image":"","background-repeat":"repeat","background-position":"center center","background-size":"auto","background-attachment":"scroll","background-type":"","background-media":"","overlay-type":"","overlay-color":"","overlay-opacity":"","overlay-gradient":""},"mobile":{"background-color":"var(--ast-global-color-5)","background-image":"","background-repeat":"repeat","background-position":"center center","background-size":"auto","background-attachment":"scroll","background-type":"","background-media":"","overlay-type":"","overlay-color":"","overlay-opacity":"","overlay-gradient":""}},"footnotes":""},"categories":[1],"tags":[],"class_list":["post-11507","post","type-post","status-publish","format-standard","has-post-thumbnail","hentry","category-general"],"post_mailing_queue_ids":[],"_links":{"self":[{"href":"https:\/\/agora.xtec.cat\/escolanouclave\/wp-json\/wp\/v2\/posts\/11507","targetHints":{"allow":["GET"]}}],"collection":[{"href":"https:\/\/agora.xtec.cat\/escolanouclave\/wp-json\/wp\/v2\/posts"}],"about":[{"href":"https:\/\/agora.xtec.cat\/escolanouclave\/wp-json\/wp\/v2\/types\/post"}],"author":[{"embeddable":true,"href":"https:\/\/agora.xtec.cat\/escolanouclave\/wp-json\/wp\/v2\/users\/27"}],"replies":[{"embeddable":true,"href":"https:\/\/agora.xtec.cat\/escolanouclave\/wp-json\/wp\/v2\/comments?post=11507"}],"version-history":[{"count":2,"href":"https:\/\/agora.xtec.cat\/escolanouclave\/wp-json\/wp\/v2\/posts\/11507\/revisions"}],"predecessor-version":[{"id":11510,"href":"https:\/\/agora.xtec.cat\/escolanouclave\/wp-json\/wp\/v2\/posts\/11507\/revisions\/11510"}],"wp:featuredmedia":[{"embeddable":true,"href":"https:\/\/agora.xtec.cat\/escolanouclave\/wp-json\/wp\/v2\/media\/11508"}],"wp:attachment":[{"href":"https:\/\/agora.xtec.cat\/escolanouclave\/wp-json\/wp\/v2\/media?parent=11507"}],"wp:term":[{"taxonomy":"category","embeddable":true,"href":"https:\/\/agora.xtec.cat\/escolanouclave\/wp-json\/wp\/v2\/categories?post=11507"},{"taxonomy":"post_tag","embeddable":true,"href":"https:\/\/agora.xtec.cat\/escolanouclave\/wp-json\/wp\/v2\/tags?post=11507"}],"curies":[{"name":"wp","href":"https:\/\/api.w.org\/{rel}","templated":true}]}}