{"id":11479,"date":"2025-02-13T16:31:54","date_gmt":"2025-02-13T15:31:54","guid":{"rendered":"https:\/\/agora.xtec.cat\/escolanouclave\/?p=11479"},"modified":"2025-02-13T16:31:54","modified_gmt":"2025-02-13T15:31:54","slug":"xocolatada-solidaria-2025","status":"publish","type":"post","link":"https:\/\/agora.xtec.cat\/escolanouclave\/general\/xocolatada-solidaria-2025\/","title":{"rendered":"Xocolatada Solid\u00e0ria 2025"},"content":{"rendered":"<p>Un any m\u00e9s, l\u2019escola s\u2019ha adherit a la xocolatada solid\u00e0ria que es celebra en diferents indrets de Catalunya per commemorar el Dia Internacional per la Lluita Contra el C\u00e0ncer Infantil. La recaptaci\u00f3 obtinguda es destina a projectes per la investigaci\u00f3, el diagn\u00f2stic i el tractament del c\u00e0ncer infantil. Precisament, el gran valor que t\u00e9 aquest moviment solidari \u00e9s que, darrere d\u2019ell, es troben la for\u00e7a i la tenacitat de moltes fam\u00edlies que han viscut en primera persona la crueltat del c\u00e0ncer infantil, aix\u00ed com la gran oportunitat per educar i conscienciar el nostre alumnat.<\/p>\n<p>Per al Laboratori de Recerca del C\u00e0ncer Infantil de l\u2019Hospital Sant Joan de D\u00e9u \u00e9s imprescindible rebre el suport de la societat per avan\u00e7ar. La investigaci\u00f3 \u00e9s la que ha perm\u00e8s que, actualment, el 80% dels infants amb c\u00e0ncer puguin superar-lo. Per\u00f2 tamb\u00e9, segueix sent la \u00fanica esperan\u00e7a per aconseguir que, algun dia, no haguem de veure marxar el 20% que encara no ho aconsegueix.<\/p>\n<p>La xocolatada solid\u00e0ria de l\u2019Escola Aselm Clav\u00e9 \u00e9s un recordatori poder\u00f3s dels valors de la generositat i la compassi\u00f3 que defineixen la nostra comunitat. En un m\u00f3n sovint dominat per les presses i les preocupacions quotidianes, aquest esdeveniment va posar de manifest la capacitat de la gent per unir-se i fer la difer\u00e8ncia en les vides dels altres.<\/p>\n<p>Aix\u00ed, amb un gest tan senzill com compartir una tassa de xocolata, l\u2019escola i les fam\u00edlies han demostrat que la solidaritat \u00e9s el millor ingredient per a una societat m\u00e9s justa i humana. Que la dol\u00e7a uni\u00f3 de les persones pot fer miracles i que, junts, podem lluitar contra el c\u00e0ncer infantil i tots els desafiaments que ens plantegi la vida.<\/p>\n<p><strong>Des d&#8217;aqu\u00ed, volem agra\u00efr la involucraci\u00f3 de tota la comunitat educativa de l&#8217;Anselm Clav\u00e9 i, en especial, de les fam\u00edlies que un any m\u00e9s van col\u00b7laborar durant la jornada.<\/strong><\/p>\n<p><img loading=\"lazy\" decoding=\"async\" class=\"alignnone  wp-image-11481\" src=\"https:\/\/agora.xtec.cat\/escolanouclave\/wp-content\/uploads\/usu1363\/2025\/02\/WhatsApp-Image-2025-02-12-at-14.48.52-1024x768.jpeg\" alt=\"\" width=\"419\" height=\"314\" srcset=\"https:\/\/agora.xtec.cat\/escolanouclave\/wp-content\/uploads\/usu1363\/2025\/02\/WhatsApp-Image-2025-02-12-at-14.48.52-1024x768.jpeg 1024w, https:\/\/agora.xtec.cat\/escolanouclave\/wp-content\/uploads\/usu1363\/2025\/02\/WhatsApp-Image-2025-02-12-at-14.48.52-300x225.jpeg 300w, https:\/\/agora.xtec.cat\/escolanouclave\/wp-content\/uploads\/usu1363\/2025\/02\/WhatsApp-Image-2025-02-12-at-14.48.52-768x576.jpeg 768w, https:\/\/agora.xtec.cat\/escolanouclave\/wp-content\/uploads\/usu1363\/2025\/02\/WhatsApp-Image-2025-02-12-at-14.48.52-1536x1152.jpeg 1536w, https:\/\/agora.xtec.cat\/escolanouclave\/wp-content\/uploads\/usu1363\/2025\/02\/WhatsApp-Image-2025-02-12-at-14.48.52-200x150.jpeg 200w, https:\/\/agora.xtec.cat\/escolanouclave\/wp-content\/uploads\/usu1363\/2025\/02\/WhatsApp-Image-2025-02-12-at-14.48.52.jpeg 2048w\" sizes=\"auto, (max-width: 419px) 100vw, 419px\" \/><img loading=\"lazy\" decoding=\"async\" class=\"alignnone  wp-image-11482\" src=\"https:\/\/agora.xtec.cat\/escolanouclave\/wp-content\/uploads\/usu1363\/2025\/02\/WhatsApp-Image-2025-02-12-at-14.48.52-1-1024x768.jpeg\" alt=\"\" width=\"416\" height=\"312\" srcset=\"https:\/\/agora.xtec.cat\/escolanouclave\/wp-content\/uploads\/usu1363\/2025\/02\/WhatsApp-Image-2025-02-12-at-14.48.52-1-1024x768.jpeg 1024w, https:\/\/agora.xtec.cat\/escolanouclave\/wp-content\/uploads\/usu1363\/2025\/02\/WhatsApp-Image-2025-02-12-at-14.48.52-1-300x225.jpeg 300w, https:\/\/agora.xtec.cat\/escolanouclave\/wp-content\/uploads\/usu1363\/2025\/02\/WhatsApp-Image-2025-02-12-at-14.48.52-1-768x576.jpeg 768w, https:\/\/agora.xtec.cat\/escolanouclave\/wp-content\/uploads\/usu1363\/2025\/02\/WhatsApp-Image-2025-02-12-at-14.48.52-1-1536x1152.jpeg 1536w, https:\/\/agora.xtec.cat\/escolanouclave\/wp-content\/uploads\/usu1363\/2025\/02\/WhatsApp-Image-2025-02-12-at-14.48.52-1-200x150.jpeg 200w, https:\/\/agora.xtec.cat\/escolanouclave\/wp-content\/uploads\/usu1363\/2025\/02\/WhatsApp-Image-2025-02-12-at-14.48.52-1.jpeg 2048w\" sizes=\"auto, (max-width: 416px) 100vw, 416px\" \/><\/p>\n<p><img loading=\"lazy\" decoding=\"async\" class=\"alignnone  wp-image-11483\" src=\"https:\/\/agora.xtec.cat\/escolanouclave\/wp-content\/uploads\/usu1363\/2025\/02\/WhatsApp-Image-2025-02-12-at-16.08.23-1024x768.jpeg\" alt=\"\" width=\"416\" height=\"312\" srcset=\"https:\/\/agora.xtec.cat\/escolanouclave\/wp-content\/uploads\/usu1363\/2025\/02\/WhatsApp-Image-2025-02-12-at-16.08.23-1024x768.jpeg 1024w, https:\/\/agora.xtec.cat\/escolanouclave\/wp-content\/uploads\/usu1363\/2025\/02\/WhatsApp-Image-2025-02-12-at-16.08.23-300x225.jpeg 300w, https:\/\/agora.xtec.cat\/escolanouclave\/wp-content\/uploads\/usu1363\/2025\/02\/WhatsApp-Image-2025-02-12-at-16.08.23-768x576.jpeg 768w, https:\/\/agora.xtec.cat\/escolanouclave\/wp-content\/uploads\/usu1363\/2025\/02\/WhatsApp-Image-2025-02-12-at-16.08.23-1536x1152.jpeg 1536w, https:\/\/agora.xtec.cat\/escolanouclave\/wp-content\/uploads\/usu1363\/2025\/02\/WhatsApp-Image-2025-02-12-at-16.08.23-200x150.jpeg 200w, https:\/\/agora.xtec.cat\/escolanouclave\/wp-content\/uploads\/usu1363\/2025\/02\/WhatsApp-Image-2025-02-12-at-16.08.23.jpeg 2040w\" sizes=\"auto, (max-width: 416px) 100vw, 416px\" \/><img loading=\"lazy\" decoding=\"async\" class=\"alignnone  wp-image-11484\" src=\"https:\/\/agora.xtec.cat\/escolanouclave\/wp-content\/uploads\/usu1363\/2025\/02\/WhatsApp-Image-2025-02-12-at-16.44.29-1024x768.jpeg\" alt=\"\" width=\"420\" height=\"315\" srcset=\"https:\/\/agora.xtec.cat\/escolanouclave\/wp-content\/uploads\/usu1363\/2025\/02\/WhatsApp-Image-2025-02-12-at-16.44.29-1024x768.jpeg 1024w, https:\/\/agora.xtec.cat\/escolanouclave\/wp-content\/uploads\/usu1363\/2025\/02\/WhatsApp-Image-2025-02-12-at-16.44.29-300x225.jpeg 300w, https:\/\/agora.xtec.cat\/escolanouclave\/wp-content\/uploads\/usu1363\/2025\/02\/WhatsApp-Image-2025-02-12-at-16.44.29-768x576.jpeg 768w, https:\/\/agora.xtec.cat\/escolanouclave\/wp-content\/uploads\/usu1363\/2025\/02\/WhatsApp-Image-2025-02-12-at-16.44.29-1536x1152.jpeg 1536w, https:\/\/agora.xtec.cat\/escolanouclave\/wp-content\/uploads\/usu1363\/2025\/02\/WhatsApp-Image-2025-02-12-at-16.44.29-200x150.jpeg 200w, https:\/\/agora.xtec.cat\/escolanouclave\/wp-content\/uploads\/usu1363\/2025\/02\/WhatsApp-Image-2025-02-12-at-16.44.29.jpeg 1600w\" sizes=\"auto, (max-width: 420px) 100vw, 420px\" \/><\/p>\n","protected":false},"excerpt":{"rendered":"<p>Un any m\u00e9s, l\u2019escola s\u2019ha adherit a la xocolatada solid\u00e0ria que es celebra en diferents indrets de Catalunya per commemorar el Dia Internacional per la Lluita Contra el C\u00e0ncer Infantil. La recaptaci\u00f3 obtinguda es destina a projectes per la investigaci\u00f3, el diagn\u00f2stic i el tractament del c\u00e0ncer infantil. Precisament, el gran valor que t\u00e9 aquest [&hellip;]<\/p>\n","protected":false},"author":27,"featured_media":11480,"comment_status":"closed","ping_status":"closed","sticky":false,"template":"","format":"standard","meta":{"_bbp_topic_count":0,"_bbp_reply_count":0,"_bbp_total_topic_count":0,"_bbp_total_reply_count":0,"_bbp_voice_count":0,"_bbp_anonymous_reply_count":0,"_bbp_topic_count_hidden":0,"_bbp_reply_count_hidden":0,"_bbp_forum_subforum_count":0,"site-sidebar-layout":"default","site-content-layout":"","ast-site-content-layout":"","site-content-style":"default","site-sidebar-style":"default","ast-global-header-display":"","ast-banner-title-visibility":"","ast-main-header-display":"","ast-hfb-above-header-display":"","ast-hfb-below-header-display":"","ast-hfb-mobile-header-display":"","site-post-title":"","ast-breadcrumbs-content":"","ast-featured-img":"","footer-sml-layout":"","theme-transparent-header-meta":"","adv-header-id-meta":"","stick-header-meta":"","header-above-stick-meta":"","header-main-stick-meta":"","header-below-stick-meta":"","astra-migrate-meta-layouts":"default","ast-page-background-enabled":"default","ast-page-background-meta":{"desktop":{"background-color":"var(--ast-global-color-4)","background-image":"","background-repeat":"repeat","background-position":"center center","background-size":"auto","background-attachment":"scroll","background-type":"","background-media":"","overlay-type":"","overlay-color":"","overlay-opacity":"","overlay-gradient":""},"tablet":{"background-color":"","background-image":"","background-repeat":"repeat","background-position":"center center","background-size":"auto","background-attachment":"scroll","background-type":"","background-media":"","overlay-type":"","overlay-color":"","overlay-opacity":"","overlay-gradient":""},"mobile":{"background-color":"","background-image":"","background-repeat":"repeat","background-position":"center center","background-size":"auto","background-attachment":"scroll","background-type":"","background-media":"","overlay-type":"","overlay-color":"","overlay-opacity":"","overlay-gradient":""}},"ast-content-background-meta":{"desktop":{"background-color":"var(--ast-global-color-5)","background-image":"","background-repeat":"repeat","background-position":"center center","background-size":"auto","background-attachment":"scroll","background-type":"","background-media":"","overlay-type":"","overlay-color":"","overlay-opacity":"","overlay-gradient":""},"tablet":{"background-color":"var(--ast-global-color-5)","background-image":"","background-repeat":"repeat","background-position":"center center","background-size":"auto","background-attachment":"scroll","background-type":"","background-media":"","overlay-type":"","overlay-color":"","overlay-opacity":"","overlay-gradient":""},"mobile":{"background-color":"var(--ast-global-color-5)","background-image":"","background-repeat":"repeat","background-position":"center center","background-size":"auto","background-attachment":"scroll","background-type":"","background-media":"","overlay-type":"","overlay-color":"","overlay-opacity":"","overlay-gradient":""}},"footnotes":""},"categories":[1],"tags":[1107,111,1042,1110],"class_list":["post-11479","post","type-post","status-publish","format-standard","has-post-thumbnail","hentry","category-general","tag-escola-activa","tag-escola-anselm-clave","tag-somanselmclave","tag-xocolatada-solidaria"],"post_mailing_queue_ids":[],"_links":{"self":[{"href":"https:\/\/agora.xtec.cat\/escolanouclave\/wp-json\/wp\/v2\/posts\/11479","targetHints":{"allow":["GET"]}}],"collection":[{"href":"https:\/\/agora.xtec.cat\/escolanouclave\/wp-json\/wp\/v2\/posts"}],"about":[{"href":"https:\/\/agora.xtec.cat\/escolanouclave\/wp-json\/wp\/v2\/types\/post"}],"author":[{"embeddable":true,"href":"https:\/\/agora.xtec.cat\/escolanouclave\/wp-json\/wp\/v2\/users\/27"}],"replies":[{"embeddable":true,"href":"https:\/\/agora.xtec.cat\/escolanouclave\/wp-json\/wp\/v2\/comments?post=11479"}],"version-history":[{"count":1,"href":"https:\/\/agora.xtec.cat\/escolanouclave\/wp-json\/wp\/v2\/posts\/11479\/revisions"}],"predecessor-version":[{"id":11485,"href":"https:\/\/agora.xtec.cat\/escolanouclave\/wp-json\/wp\/v2\/posts\/11479\/revisions\/11485"}],"wp:featuredmedia":[{"embeddable":true,"href":"https:\/\/agora.xtec.cat\/escolanouclave\/wp-json\/wp\/v2\/media\/11480"}],"wp:attachment":[{"href":"https:\/\/agora.xtec.cat\/escolanouclave\/wp-json\/wp\/v2\/media?parent=11479"}],"wp:term":[{"taxonomy":"category","embeddable":true,"href":"https:\/\/agora.xtec.cat\/escolanouclave\/wp-json\/wp\/v2\/categories?post=11479"},{"taxonomy":"post_tag","embeddable":true,"href":"https:\/\/agora.xtec.cat\/escolanouclave\/wp-json\/wp\/v2\/tags?post=11479"}],"curies":[{"name":"wp","href":"https:\/\/api.w.org\/{rel}","templated":true}]}}