{"id":11425,"date":"2025-01-20T22:20:35","date_gmt":"2025-01-20T21:20:35","guid":{"rendered":"https:\/\/agora.xtec.cat\/escolanouclave\/?p=11425"},"modified":"2025-01-20T22:36:54","modified_gmt":"2025-01-20T21:36:54","slug":"mini-ac-tallers-gratuits-a-lescola-per-infants-dentre-1-i-6-anys","status":"publish","type":"post","link":"https:\/\/agora.xtec.cat\/escolanouclave\/general\/mini-ac-tallers-gratuits-a-lescola-per-infants-dentre-1-i-6-anys\/","title":{"rendered":"MINI AC: Tallers gratu\u00efts per infants d&#8217;entre 1 i 6 anys de totes les escoles"},"content":{"rendered":"<div class=\"gmail_attr\" dir=\"ltr\">Benvolgudes fam\u00edlies!<\/div>\n<div dir=\"ltr\">\n<div dir=\"ltr\">\n<div><span style=\"color: #202124;font-family: arial, sans-serif\">\u00a0<\/span><\/div>\n<div><span style=\"font-family: arial, sans-serif\">Us convidem a participar al\u00a0<b><u>MINI AC<\/u><\/b>, una iniciativa de l&#8217;<u>Escola Anselm Clav\u00e9<\/u>\u00a0en la que us proposem diversos tallers\u00a0<b><u>gratu\u00efts<\/u><\/b>per fer en fam\u00edlia.<\/span><\/div>\n<div><\/div>\n<div>\n<div><span style=\"font-family: arial, sans-serif\"><b>QUINES ACTIVITATS ES FARAN?<\/b><\/span><\/div>\n<div><\/div>\n<div>M\u00fasica, contacontes i arts pl\u00e0stiques.<\/div>\n<div><\/div>\n<div><span style=\"font-family: arial, sans-serif\"><b>A QUI VAN DIRIGIDES LES ACTIVITATS?<\/b><\/span><\/div>\n<\/div>\n<div><\/div>\n<div>\n<div>A infants d&#8217;entre 1 i 6 anys de totes les escoles (acompanyats per una persona adulta).<\/div>\n<div><\/div>\n<div><b>QUINES SESSIONS ES DURAN A TERME?<\/b><\/div>\n<div><\/div>\n<div>\n<ul>\n<li><span style=\"font-family: arial, sans-serif\">Dimarts 28 de gener &#8211;\u00a0<b>M\u00fasica i moviment<\/b><\/span><\/li>\n<li>Dimecres 12 de febrer &#8211;\u00a0<b>Storytelling: contaconte en angl\u00e8s<\/b><\/li>\n<li>Dijous 6 de mar\u00e7 &#8211;\u00a0<b>CreArt: manualitats\u00a0<\/b><\/li>\n<\/ul>\n<\/div>\n<div><b>QUIN SER\u00c0 L&#8217;HORARI DE LES ACTIVITATS?<\/b><\/div>\n<div><\/div>\n<div>Totes les activitats es comen\u00e7aran a les 17:15h i tindran una durada aproximada de 45 minuts.<\/div>\n<\/div>\n<div><\/div>\n<div>\n<div><span style=\"font-family: arial, sans-serif\"><b>Si voleu passar una estona divertida i diferent, apunteu-vos a tants tallers com vulgueu a trav\u00e9s d&#8217;aquest <\/b><\/span><a href=\"https:\/\/docs.google.com\/forms\/d\/e\/1FAIpQLScYMX7oI9zm_s86OA-neeMlNUv99y7Lcy1UM-P1vIhdQ1l9hQ\/viewform\"><span style=\"font-family: arial, sans-serif;color: #ff0000\"><b>ENLLA\u00c7<\/b><\/span><\/a><\/div>\n<\/div>\n<\/div>\n<\/div>\n<div><\/div>\n<div><\/div>\n<div><img loading=\"lazy\" decoding=\"async\" class=\"alignnone wp-image-11428\" src=\"https:\/\/agora.xtec.cat\/escolanouclave\/wp-content\/uploads\/usu1363\/2025\/01\/MINI-ANSELM-724x1024.png\" alt=\"\" width=\"400\" height=\"566\" srcset=\"https:\/\/agora.xtec.cat\/escolanouclave\/wp-content\/uploads\/usu1363\/2025\/01\/MINI-ANSELM-724x1024.png 724w, https:\/\/agora.xtec.cat\/escolanouclave\/wp-content\/uploads\/usu1363\/2025\/01\/MINI-ANSELM-212x300.png 212w, https:\/\/agora.xtec.cat\/escolanouclave\/wp-content\/uploads\/usu1363\/2025\/01\/MINI-ANSELM-768x1086.png 768w, https:\/\/agora.xtec.cat\/escolanouclave\/wp-content\/uploads\/usu1363\/2025\/01\/MINI-ANSELM-1086x1536.png 1086w, https:\/\/agora.xtec.cat\/escolanouclave\/wp-content\/uploads\/usu1363\/2025\/01\/MINI-ANSELM.png 1414w\" sizes=\"auto, (max-width: 400px) 100vw, 400px\" \/><img loading=\"lazy\" decoding=\"async\" class=\"alignnone wp-image-11430\" src=\"https:\/\/agora.xtec.cat\/escolanouclave\/wp-content\/uploads\/usu1363\/2025\/01\/WhatsApp-Image-2025-01-20-at-22.19.14-724x1024.jpeg\" alt=\"\" width=\"400\" height=\"565\" srcset=\"https:\/\/agora.xtec.cat\/escolanouclave\/wp-content\/uploads\/usu1363\/2025\/01\/WhatsApp-Image-2025-01-20-at-22.19.14-724x1024.jpeg 724w, https:\/\/agora.xtec.cat\/escolanouclave\/wp-content\/uploads\/usu1363\/2025\/01\/WhatsApp-Image-2025-01-20-at-22.19.14-212x300.jpeg 212w, https:\/\/agora.xtec.cat\/escolanouclave\/wp-content\/uploads\/usu1363\/2025\/01\/WhatsApp-Image-2025-01-20-at-22.19.14-768x1086.jpeg 768w, https:\/\/agora.xtec.cat\/escolanouclave\/wp-content\/uploads\/usu1363\/2025\/01\/WhatsApp-Image-2025-01-20-at-22.19.14-1086x1536.jpeg 1086w, https:\/\/agora.xtec.cat\/escolanouclave\/wp-content\/uploads\/usu1363\/2025\/01\/WhatsApp-Image-2025-01-20-at-22.19.14.jpeg 1131w\" sizes=\"auto, (max-width: 400px) 100vw, 400px\" \/><\/div>\n<div><\/div>\n<div><\/div>\n<div dir=\"ltr\">\n<div dir=\"ltr\">\n<div><\/div>\n<div>US HI ESPEREM!!!<\/div>\n<\/div>\n<\/div>\n","protected":false},"excerpt":{"rendered":"<p>Benvolgudes fam\u00edlies! \u00a0 Us convidem a participar al\u00a0MINI AC, una iniciativa de l&#8217;Escola Anselm Clav\u00e9\u00a0en la que us proposem diversos tallers\u00a0gratu\u00eftsper fer en fam\u00edlia. QUINES ACTIVITATS ES FARAN? M\u00fasica, contacontes i arts pl\u00e0stiques. A QUI VAN DIRIGIDES LES ACTIVITATS? A infants d&#8217;entre 1 i 6 anys de totes les escoles (acompanyats per una persona adulta). [&hellip;]<\/p>\n","protected":false},"author":27,"featured_media":11427,"comment_status":"closed","ping_status":"closed","sticky":false,"template":"","format":"standard","meta":{"_bbp_topic_count":0,"_bbp_reply_count":0,"_bbp_total_topic_count":0,"_bbp_total_reply_count":0,"_bbp_voice_count":0,"_bbp_anonymous_reply_count":0,"_bbp_topic_count_hidden":0,"_bbp_reply_count_hidden":0,"_bbp_forum_subforum_count":0,"site-sidebar-layout":"default","site-content-layout":"","ast-site-content-layout":"","site-content-style":"default","site-sidebar-style":"default","ast-global-header-display":"","ast-banner-title-visibility":"","ast-main-header-display":"","ast-hfb-above-header-display":"","ast-hfb-below-header-display":"","ast-hfb-mobile-header-display":"","site-post-title":"","ast-breadcrumbs-content":"","ast-featured-img":"","footer-sml-layout":"","theme-transparent-header-meta":"","adv-header-id-meta":"","stick-header-meta":"","header-above-stick-meta":"","header-main-stick-meta":"","header-below-stick-meta":"","astra-migrate-meta-layouts":"default","ast-page-background-enabled":"default","ast-page-background-meta":{"desktop":{"background-color":"var(--ast-global-color-4)","background-image":"","background-repeat":"repeat","background-position":"center center","background-size":"auto","background-attachment":"scroll","background-type":"","background-media":"","overlay-type":"","overlay-color":"","overlay-opacity":"","overlay-gradient":""},"tablet":{"background-color":"","background-image":"","background-repeat":"repeat","background-position":"center center","background-size":"auto","background-attachment":"scroll","background-type":"","background-media":"","overlay-type":"","overlay-color":"","overlay-opacity":"","overlay-gradient":""},"mobile":{"background-color":"","background-image":"","background-repeat":"repeat","background-position":"center center","background-size":"auto","background-attachment":"scroll","background-type":"","background-media":"","overlay-type":"","overlay-color":"","overlay-opacity":"","overlay-gradient":""}},"ast-content-background-meta":{"desktop":{"background-color":"var(--ast-global-color-5)","background-image":"","background-repeat":"repeat","background-position":"center center","background-size":"auto","background-attachment":"scroll","background-type":"","background-media":"","overlay-type":"","overlay-color":"","overlay-opacity":"","overlay-gradient":""},"tablet":{"background-color":"var(--ast-global-color-5)","background-image":"","background-repeat":"repeat","background-position":"center center","background-size":"auto","background-attachment":"scroll","background-type":"","background-media":"","overlay-type":"","overlay-color":"","overlay-opacity":"","overlay-gradient":""},"mobile":{"background-color":"var(--ast-global-color-5)","background-image":"","background-repeat":"repeat","background-position":"center center","background-size":"auto","background-attachment":"scroll","background-type":"","background-media":"","overlay-type":"","overlay-color":"","overlay-opacity":"","overlay-gradient":""}},"footnotes":""},"categories":[1],"tags":[1107,1109,1050],"class_list":["post-11425","post","type-post","status-publish","format-standard","has-post-thumbnail","hentry","category-general","tag-escola-activa","tag-mini-ac","tag-som-anselm-clave"],"post_mailing_queue_ids":[],"_links":{"self":[{"href":"https:\/\/agora.xtec.cat\/escolanouclave\/wp-json\/wp\/v2\/posts\/11425","targetHints":{"allow":["GET"]}}],"collection":[{"href":"https:\/\/agora.xtec.cat\/escolanouclave\/wp-json\/wp\/v2\/posts"}],"about":[{"href":"https:\/\/agora.xtec.cat\/escolanouclave\/wp-json\/wp\/v2\/types\/post"}],"author":[{"embeddable":true,"href":"https:\/\/agora.xtec.cat\/escolanouclave\/wp-json\/wp\/v2\/users\/27"}],"replies":[{"embeddable":true,"href":"https:\/\/agora.xtec.cat\/escolanouclave\/wp-json\/wp\/v2\/comments?post=11425"}],"version-history":[{"count":3,"href":"https:\/\/agora.xtec.cat\/escolanouclave\/wp-json\/wp\/v2\/posts\/11425\/revisions"}],"predecessor-version":[{"id":11433,"href":"https:\/\/agora.xtec.cat\/escolanouclave\/wp-json\/wp\/v2\/posts\/11425\/revisions\/11433"}],"wp:featuredmedia":[{"embeddable":true,"href":"https:\/\/agora.xtec.cat\/escolanouclave\/wp-json\/wp\/v2\/media\/11427"}],"wp:attachment":[{"href":"https:\/\/agora.xtec.cat\/escolanouclave\/wp-json\/wp\/v2\/media?parent=11425"}],"wp:term":[{"taxonomy":"category","embeddable":true,"href":"https:\/\/agora.xtec.cat\/escolanouclave\/wp-json\/wp\/v2\/categories?post=11425"},{"taxonomy":"post_tag","embeddable":true,"href":"https:\/\/agora.xtec.cat\/escolanouclave\/wp-json\/wp\/v2\/tags?post=11425"}],"curies":[{"name":"wp","href":"https:\/\/api.w.org\/{rel}","templated":true}]}}