{"id":11331,"date":"2024-10-28T16:44:18","date_gmt":"2024-10-28T15:44:18","guid":{"rendered":"https:\/\/agora.xtec.cat\/escolanouclave\/?p=11331"},"modified":"2024-10-28T16:45:21","modified_gmt":"2024-10-28T15:45:21","slug":"1a-sessio-de-la-formacio-per-la-implementacio-i-seguiment-de-projectes-erasmus","status":"publish","type":"post","link":"https:\/\/agora.xtec.cat\/escolanouclave\/general\/1a-sessio-de-la-formacio-per-la-implementacio-i-seguiment-de-projectes-erasmus\/","title":{"rendered":"1a Sessi\u00f3 de la Formaci\u00f3 per la implementaci\u00f3 i seguiment de projectes Erasmus+"},"content":{"rendered":"<p style=\"text-align: center;\"><a href=\"https:\/\/agora.xtec.cat\/escolanouclave\/general\/1a-sessio-de-la-formacio-per-la-implementacio-i-seguiment-de-projectes-erasmus\/attachment\/seminari01-foto\/\" rel=\"attachment wp-att-11332\"><img loading=\"lazy\" decoding=\"async\" class=\"alignnone wp-image-11332\" src=\"https:\/\/agora.xtec.cat\/escolanouclave\/wp-content\/uploads\/usu1363\/2024\/10\/seminari01-foto-1024x710.jpg\" alt=\"Seminari Erasmus 01 fotografia\" width=\"447\" height=\"310\" srcset=\"https:\/\/agora.xtec.cat\/escolanouclave\/wp-content\/uploads\/usu1363\/2024\/10\/seminari01-foto-1024x710.jpg 1024w, https:\/\/agora.xtec.cat\/escolanouclave\/wp-content\/uploads\/usu1363\/2024\/10\/seminari01-foto-300x208.jpg 300w, https:\/\/agora.xtec.cat\/escolanouclave\/wp-content\/uploads\/usu1363\/2024\/10\/seminari01-foto-768x533.jpg 768w, https:\/\/agora.xtec.cat\/escolanouclave\/wp-content\/uploads\/usu1363\/2024\/10\/seminari01-foto-1536x1065.jpg 1536w, https:\/\/agora.xtec.cat\/escolanouclave\/wp-content\/uploads\/usu1363\/2024\/10\/seminari01-foto-2048x1420.jpg 2048w\" sizes=\"auto, (max-width: 447px) 100vw, 447px\" \/><\/a><\/p>\n<p>El passat dimarts 22 d&#8217;octubre el grup impulsor del programa Erasmus+ del centre va assistir a la primera sessi\u00f3 de la <strong>Formaci\u00f3 per la implementaci\u00f3 i seguiment de projectes Erasmus+ KA122 i KA 121<\/strong>. Aquesta formaci\u00f3 ajuda a tots els centres que disponen de finan\u00e7ament europeu Erasmus+ guiant-los en el desenvolupament i administraci\u00f3 del programa.<\/p>\n<p>El curs va realitzar-se a l&#8217;edifici de l&#8217;Escola Oficial d&#8217;Idiomes de Drassanes a Barcelona.<\/p>\n<p>Seguim apostant per la internacionalitzaci\u00f3 del centre i el programa Erasmus+ ens perment apropar l&#8217;alumnat a la resta del continent.<\/p>\n","protected":false},"excerpt":{"rendered":"<p>El passat dimarts 22 d&#8217;octubre el grup impulsor del programa Erasmus+ del centre va assistir a la primera sessi\u00f3 de la Formaci\u00f3 per la implementaci\u00f3 i seguiment de projectes Erasmus+ KA122 i KA 121. Aquesta formaci\u00f3 ajuda a tots els centres que disponen de finan\u00e7ament europeu Erasmus+ guiant-los en el desenvolupament i administraci\u00f3 del programa. [&hellip;]<\/p>\n","protected":false},"author":1,"featured_media":11332,"comment_status":"closed","ping_status":"closed","sticky":false,"template":"","format":"standard","meta":{"_bbp_topic_count":0,"_bbp_reply_count":0,"_bbp_total_topic_count":0,"_bbp_total_reply_count":0,"_bbp_voice_count":0,"_bbp_anonymous_reply_count":0,"_bbp_topic_count_hidden":0,"_bbp_reply_count_hidden":0,"_bbp_forum_subforum_count":0,"site-sidebar-layout":"default","site-content-layout":"","ast-site-content-layout":"","site-content-style":"default","site-sidebar-style":"default","ast-global-header-display":"","ast-banner-title-visibility":"","ast-main-header-display":"","ast-hfb-above-header-display":"","ast-hfb-below-header-display":"","ast-hfb-mobile-header-display":"","site-post-title":"","ast-breadcrumbs-content":"","ast-featured-img":"","footer-sml-layout":"","theme-transparent-header-meta":"","adv-header-id-meta":"","stick-header-meta":"","header-above-stick-meta":"","header-main-stick-meta":"","header-below-stick-meta":"","astra-migrate-meta-layouts":"default","ast-page-background-enabled":"default","ast-page-background-meta":{"desktop":{"background-color":"var(--ast-global-color-4)","background-image":"","background-repeat":"repeat","background-position":"center center","background-size":"auto","background-attachment":"scroll","background-type":"","background-media":"","overlay-type":"","overlay-color":"","overlay-opacity":"","overlay-gradient":""},"tablet":{"background-color":"","background-image":"","background-repeat":"repeat","background-position":"center center","background-size":"auto","background-attachment":"scroll","background-type":"","background-media":"","overlay-type":"","overlay-color":"","overlay-opacity":"","overlay-gradient":""},"mobile":{"background-color":"","background-image":"","background-repeat":"repeat","background-position":"center center","background-size":"auto","background-attachment":"scroll","background-type":"","background-media":"","overlay-type":"","overlay-color":"","overlay-opacity":"","overlay-gradient":""}},"ast-content-background-meta":{"desktop":{"background-color":"var(--ast-global-color-5)","background-image":"","background-repeat":"repeat","background-position":"center center","background-size":"auto","background-attachment":"scroll","background-type":"","background-media":"","overlay-type":"","overlay-color":"","overlay-opacity":"","overlay-gradient":""},"tablet":{"background-color":"var(--ast-global-color-5)","background-image":"","background-repeat":"repeat","background-position":"center center","background-size":"auto","background-attachment":"scroll","background-type":"","background-media":"","overlay-type":"","overlay-color":"","overlay-opacity":"","overlay-gradient":""},"mobile":{"background-color":"var(--ast-global-color-5)","background-image":"","background-repeat":"repeat","background-position":"center center","background-size":"auto","background-attachment":"scroll","background-type":"","background-media":"","overlay-type":"","overlay-color":"","overlay-opacity":"","overlay-gradient":""}},"footnotes":""},"categories":[1103,1],"tags":[],"class_list":["post-11331","post","type-post","status-publish","format-standard","has-post-thumbnail","hentry","category-erasmus","category-general"],"post_mailing_queue_ids":[],"_links":{"self":[{"href":"https:\/\/agora.xtec.cat\/escolanouclave\/wp-json\/wp\/v2\/posts\/11331","targetHints":{"allow":["GET"]}}],"collection":[{"href":"https:\/\/agora.xtec.cat\/escolanouclave\/wp-json\/wp\/v2\/posts"}],"about":[{"href":"https:\/\/agora.xtec.cat\/escolanouclave\/wp-json\/wp\/v2\/types\/post"}],"author":[{"embeddable":true,"href":"https:\/\/agora.xtec.cat\/escolanouclave\/wp-json\/wp\/v2\/users\/1"}],"replies":[{"embeddable":true,"href":"https:\/\/agora.xtec.cat\/escolanouclave\/wp-json\/wp\/v2\/comments?post=11331"}],"version-history":[{"count":2,"href":"https:\/\/agora.xtec.cat\/escolanouclave\/wp-json\/wp\/v2\/posts\/11331\/revisions"}],"predecessor-version":[{"id":11334,"href":"https:\/\/agora.xtec.cat\/escolanouclave\/wp-json\/wp\/v2\/posts\/11331\/revisions\/11334"}],"wp:featuredmedia":[{"embeddable":true,"href":"https:\/\/agora.xtec.cat\/escolanouclave\/wp-json\/wp\/v2\/media\/11332"}],"wp:attachment":[{"href":"https:\/\/agora.xtec.cat\/escolanouclave\/wp-json\/wp\/v2\/media?parent=11331"}],"wp:term":[{"taxonomy":"category","embeddable":true,"href":"https:\/\/agora.xtec.cat\/escolanouclave\/wp-json\/wp\/v2\/categories?post=11331"},{"taxonomy":"post_tag","embeddable":true,"href":"https:\/\/agora.xtec.cat\/escolanouclave\/wp-json\/wp\/v2\/tags?post=11331"}],"curies":[{"name":"wp","href":"https:\/\/api.w.org\/{rel}","templated":true}]}}