{"id":11178,"date":"2024-05-09T09:45:21","date_gmt":"2024-05-09T07:45:21","guid":{"rendered":"https:\/\/agora.xtec.cat\/escolanouclave\/?p=11178"},"modified":"2024-05-09T09:50:03","modified_gmt":"2024-05-09T07:50:03","slug":"taller-de-contaminacio-luminica","status":"publish","type":"post","link":"https:\/\/agora.xtec.cat\/escolanouclave\/general\/taller-de-contaminacio-luminica\/","title":{"rendered":"Taller de contaminaci\u00f3 lum\u00ednica"},"content":{"rendered":"<p>Aquesta setmana l&#8217;alumnat de 6\u00e8 de prim\u00e0ria i 1r d&#8217;ESO ha particitat en el pilotatge d&#8217;un taller sobre contaminaci\u00f3 lum\u00ednica impulsat pel Departament d&#8217;Acci\u00f3 Clim\u00e0tica de la Generalitat de Catalunya.<\/p>\n<p>El taller pret\u00e9n donar a con\u00e8ixer qu\u00e8 \u00e9s la contaminaci\u00f3 lum\u00ednica i com afecta al medi ambient, al descans de les persones i la visi\u00f3 del cel nocturn. A trav\u00e9s d\u2019una metodologia basada en l\u2019experimentaci\u00f3 i el joc, l\u2019alumnat descobrir\u00e0 les propietats de la llum, les fonts de contaminaci\u00f3 lum\u00ednica, els seus impactes ambientals i socials, aix\u00ed com les principals accions de prevenci\u00f3.<\/p>\n<p>Durant la primera part de l\u2019activitat es van treballar els principals conceptes i continguts te\u00f2rics relacionats amb la contaminaci\u00f3 lum\u00ednica, estructurats en 3 apartats i treballats a trav\u00e9s de l&#8217;experimentaci\u00f3. El el primer apartat es va treballar el concepte d\u2019ona, qu\u00e8 \u00e9s la llum, com veu l\u2019ull hum\u00e0 i com veuen els animals. En el seg\u00fcent apartat es va treballar el concepte llum artificial, la generaci\u00f3 i el consum d\u2019electricitat i la contaminaci\u00f3 atmosf\u00e8rica. Per \u00faltim, al tercer apartat s&#8217;ha centrat en el concepte de contaminaci\u00f3 lum\u00ednica, les mol\u00e8sties a les persones, els impactes sobre la fauna i la il\u00b7luminaci\u00f3 exterior sostenible.<\/p>\n<p>Durant la segona part de l\u2019activitat, l&#8217;alumnat ha hagut de resoldre diferents situacions relacionades amb la contaminaci\u00f3 lum\u00ednica en entorns urbans, a partir dels conceptes te\u00f2rics treballats. Aquestes situacions han estat presentades a partir del joc digital interactiu \u201cAjuda\u2019ns a salvar la nit\u201d<\/p>\n<table style=\"border-collapse: collapse; width: 100%;\">\n<tbody>\n<tr>\n<td style=\"width: 50%;\"><a href=\"https:\/\/agora.xtec.cat\/escolanouclave\/general\/taller-de-contaminacio-luminica\/attachment\/captura-de-pantalla-2024-05-09-094404\/\" rel=\"attachment wp-att-11182\"><img loading=\"lazy\" decoding=\"async\" class=\"alignnone size-full wp-image-11182\" src=\"https:\/\/agora.xtec.cat\/escolanouclave\/wp-content\/uploads\/usu1363\/2024\/05\/Captura-de-pantalla-2024-05-09-094404.png\" alt=\"\" width=\"739\" height=\"555\" srcset=\"https:\/\/agora.xtec.cat\/escolanouclave\/wp-content\/uploads\/usu1363\/2024\/05\/Captura-de-pantalla-2024-05-09-094404.png 739w, https:\/\/agora.xtec.cat\/escolanouclave\/wp-content\/uploads\/usu1363\/2024\/05\/Captura-de-pantalla-2024-05-09-094404-300x225.png 300w, https:\/\/agora.xtec.cat\/escolanouclave\/wp-content\/uploads\/usu1363\/2024\/05\/Captura-de-pantalla-2024-05-09-094404-200x150.png 200w\" sizes=\"auto, (max-width: 739px) 100vw, 739px\" \/><\/a><\/td>\n<td style=\"width: 50%;\"><a href=\"https:\/\/agora.xtec.cat\/escolanouclave\/general\/taller-de-contaminacio-luminica\/attachment\/captura-de-pantalla-2024-05-09-094351\/\" rel=\"attachment wp-att-11181\"><img loading=\"lazy\" decoding=\"async\" class=\"alignnone size-full wp-image-11181\" src=\"https:\/\/agora.xtec.cat\/escolanouclave\/wp-content\/uploads\/usu1363\/2024\/05\/Captura-de-pantalla-2024-05-09-094351.png\" alt=\"\" width=\"752\" height=\"522\" srcset=\"https:\/\/agora.xtec.cat\/escolanouclave\/wp-content\/uploads\/usu1363\/2024\/05\/Captura-de-pantalla-2024-05-09-094351.png 752w, https:\/\/agora.xtec.cat\/escolanouclave\/wp-content\/uploads\/usu1363\/2024\/05\/Captura-de-pantalla-2024-05-09-094351-300x208.png 300w\" sizes=\"auto, (max-width: 752px) 100vw, 752px\" \/><\/a><\/td>\n<\/tr>\n<tr>\n<td style=\"width: 50%;\"><a href=\"https:\/\/agora.xtec.cat\/escolanouclave\/general\/taller-de-contaminacio-luminica\/attachment\/captura-de-pantalla-2024-05-09-094336\/\" rel=\"attachment wp-att-11180\"><img loading=\"lazy\" decoding=\"async\" class=\"alignnone size-full wp-image-11180\" src=\"https:\/\/agora.xtec.cat\/escolanouclave\/wp-content\/uploads\/usu1363\/2024\/05\/Captura-de-pantalla-2024-05-09-094336.png\" alt=\"\" width=\"710\" height=\"537\" srcset=\"https:\/\/agora.xtec.cat\/escolanouclave\/wp-content\/uploads\/usu1363\/2024\/05\/Captura-de-pantalla-2024-05-09-094336.png 710w, https:\/\/agora.xtec.cat\/escolanouclave\/wp-content\/uploads\/usu1363\/2024\/05\/Captura-de-pantalla-2024-05-09-094336-300x227.png 300w, https:\/\/agora.xtec.cat\/escolanouclave\/wp-content\/uploads\/usu1363\/2024\/05\/Captura-de-pantalla-2024-05-09-094336-200x150.png 200w\" sizes=\"auto, (max-width: 710px) 100vw, 710px\" \/><\/a><\/td>\n<td style=\"width: 50%;\"><a href=\"https:\/\/agora.xtec.cat\/escolanouclave\/general\/taller-de-contaminacio-luminica\/attachment\/captura-de-pantalla-2024-05-09-094207\/\" rel=\"attachment wp-att-11179\"><img loading=\"lazy\" decoding=\"async\" class=\"alignnone size-full wp-image-11179\" src=\"https:\/\/agora.xtec.cat\/escolanouclave\/wp-content\/uploads\/usu1363\/2024\/05\/Captura-de-pantalla-2024-05-09-094207.png\" alt=\"\" width=\"732\" height=\"618\" srcset=\"https:\/\/agora.xtec.cat\/escolanouclave\/wp-content\/uploads\/usu1363\/2024\/05\/Captura-de-pantalla-2024-05-09-094207.png 732w, https:\/\/agora.xtec.cat\/escolanouclave\/wp-content\/uploads\/usu1363\/2024\/05\/Captura-de-pantalla-2024-05-09-094207-300x253.png 300w\" sizes=\"auto, (max-width: 732px) 100vw, 732px\" \/><\/a><\/td>\n<\/tr>\n<\/tbody>\n<\/table>\n","protected":false},"excerpt":{"rendered":"<p>Aquesta setmana l&#8217;alumnat de 6\u00e8 de prim\u00e0ria i 1r d&#8217;ESO ha particitat en el pilotatge d&#8217;un taller sobre contaminaci\u00f3 lum\u00ednica impulsat pel Departament d&#8217;Acci\u00f3 Clim\u00e0tica de la Generalitat de Catalunya. El taller pret\u00e9n donar a con\u00e8ixer qu\u00e8 \u00e9s la contaminaci\u00f3 lum\u00ednica i com afecta al medi ambient, al descans de les persones i la visi\u00f3 [&hellip;]<\/p>\n","protected":false},"author":1,"featured_media":11180,"comment_status":"closed","ping_status":"closed","sticky":false,"template":"","format":"standard","meta":{"_bbp_topic_count":0,"_bbp_reply_count":0,"_bbp_total_topic_count":0,"_bbp_total_reply_count":0,"_bbp_voice_count":0,"_bbp_anonymous_reply_count":0,"_bbp_topic_count_hidden":0,"_bbp_reply_count_hidden":0,"_bbp_forum_subforum_count":0,"site-sidebar-layout":"default","site-content-layout":"","ast-site-content-layout":"","site-content-style":"default","site-sidebar-style":"default","ast-global-header-display":"","ast-banner-title-visibility":"","ast-main-header-display":"","ast-hfb-above-header-display":"","ast-hfb-below-header-display":"","ast-hfb-mobile-header-display":"","site-post-title":"","ast-breadcrumbs-content":"","ast-featured-img":"","footer-sml-layout":"","theme-transparent-header-meta":"","adv-header-id-meta":"","stick-header-meta":"","header-above-stick-meta":"","header-main-stick-meta":"","header-below-stick-meta":"","astra-migrate-meta-layouts":"default","ast-page-background-enabled":"default","ast-page-background-meta":{"desktop":{"background-color":"var(--ast-global-color-4)","background-image":"","background-repeat":"repeat","background-position":"center center","background-size":"auto","background-attachment":"scroll","background-type":"","background-media":"","overlay-type":"","overlay-color":"","overlay-opacity":"","overlay-gradient":""},"tablet":{"background-color":"","background-image":"","background-repeat":"repeat","background-position":"center center","background-size":"auto","background-attachment":"scroll","background-type":"","background-media":"","overlay-type":"","overlay-color":"","overlay-opacity":"","overlay-gradient":""},"mobile":{"background-color":"","background-image":"","background-repeat":"repeat","background-position":"center center","background-size":"auto","background-attachment":"scroll","background-type":"","background-media":"","overlay-type":"","overlay-color":"","overlay-opacity":"","overlay-gradient":""}},"ast-content-background-meta":{"desktop":{"background-color":"var(--ast-global-color-5)","background-image":"","background-repeat":"repeat","background-position":"center center","background-size":"auto","background-attachment":"scroll","background-type":"","background-media":"","overlay-type":"","overlay-color":"","overlay-opacity":"","overlay-gradient":""},"tablet":{"background-color":"var(--ast-global-color-5)","background-image":"","background-repeat":"repeat","background-position":"center center","background-size":"auto","background-attachment":"scroll","background-type":"","background-media":"","overlay-type":"","overlay-color":"","overlay-opacity":"","overlay-gradient":""},"mobile":{"background-color":"var(--ast-global-color-5)","background-image":"","background-repeat":"repeat","background-position":"center center","background-size":"auto","background-attachment":"scroll","background-type":"","background-media":"","overlay-type":"","overlay-color":"","overlay-opacity":"","overlay-gradient":""}},"footnotes":""},"categories":[78,15,1093,1,133],"tags":[],"class_list":["post-11178","post","type-post","status-publish","format-standard","has-post-thumbnail","hentry","category-1r-eso","category-6e","category-escola-verda","category-general","category-projecte-medi-ambient"],"post_mailing_queue_ids":[],"_links":{"self":[{"href":"https:\/\/agora.xtec.cat\/escolanouclave\/wp-json\/wp\/v2\/posts\/11178","targetHints":{"allow":["GET"]}}],"collection":[{"href":"https:\/\/agora.xtec.cat\/escolanouclave\/wp-json\/wp\/v2\/posts"}],"about":[{"href":"https:\/\/agora.xtec.cat\/escolanouclave\/wp-json\/wp\/v2\/types\/post"}],"author":[{"embeddable":true,"href":"https:\/\/agora.xtec.cat\/escolanouclave\/wp-json\/wp\/v2\/users\/1"}],"replies":[{"embeddable":true,"href":"https:\/\/agora.xtec.cat\/escolanouclave\/wp-json\/wp\/v2\/comments?post=11178"}],"version-history":[{"count":3,"href":"https:\/\/agora.xtec.cat\/escolanouclave\/wp-json\/wp\/v2\/posts\/11178\/revisions"}],"predecessor-version":[{"id":11185,"href":"https:\/\/agora.xtec.cat\/escolanouclave\/wp-json\/wp\/v2\/posts\/11178\/revisions\/11185"}],"wp:featuredmedia":[{"embeddable":true,"href":"https:\/\/agora.xtec.cat\/escolanouclave\/wp-json\/wp\/v2\/media\/11180"}],"wp:attachment":[{"href":"https:\/\/agora.xtec.cat\/escolanouclave\/wp-json\/wp\/v2\/media?parent=11178"}],"wp:term":[{"taxonomy":"category","embeddable":true,"href":"https:\/\/agora.xtec.cat\/escolanouclave\/wp-json\/wp\/v2\/categories?post=11178"},{"taxonomy":"post_tag","embeddable":true,"href":"https:\/\/agora.xtec.cat\/escolanouclave\/wp-json\/wp\/v2\/tags?post=11178"}],"curies":[{"name":"wp","href":"https:\/\/api.w.org\/{rel}","templated":true}]}}