{"id":11090,"date":"2024-02-21T08:50:38","date_gmt":"2024-02-21T07:50:38","guid":{"rendered":"https:\/\/agora.xtec.cat\/escolanouclave\/?p=11090"},"modified":"2024-02-21T09:01:49","modified_gmt":"2024-02-21T08:01:49","slug":"1r-deso-proporcionalitat-i-perspectiva","status":"publish","type":"post","link":"https:\/\/agora.xtec.cat\/escolanouclave\/general\/1r-deso-proporcionalitat-i-perspectiva\/","title":{"rendered":"1r d&#8217;ESO. Exposici\u00f3: Proporcionalitat i perspectiva."},"content":{"rendered":"<p dir=\"ltr\"><img loading=\"lazy\" decoding=\"async\" class=\"wp-image-11091 alignleft\" src=\"https:\/\/agora.xtec.cat\/escolanouclave\/wp-content\/uploads\/usu1363\/2024\/02\/Plantilla-cartell-exposicio-724x1024.jpg\" alt=\"\" width=\"376\" height=\"532\" srcset=\"https:\/\/agora.xtec.cat\/escolanouclave\/wp-content\/uploads\/usu1363\/2024\/02\/Plantilla-cartell-exposicio-724x1024.jpg 724w, https:\/\/agora.xtec.cat\/escolanouclave\/wp-content\/uploads\/usu1363\/2024\/02\/Plantilla-cartell-exposicio-212x300.jpg 212w, https:\/\/agora.xtec.cat\/escolanouclave\/wp-content\/uploads\/usu1363\/2024\/02\/Plantilla-cartell-exposicio-768x1086.jpg 768w, https:\/\/agora.xtec.cat\/escolanouclave\/wp-content\/uploads\/usu1363\/2024\/02\/Plantilla-cartell-exposicio-1086x1536.jpg 1086w, https:\/\/agora.xtec.cat\/escolanouclave\/wp-content\/uploads\/usu1363\/2024\/02\/Plantilla-cartell-exposicio.jpg 1414w\" sizes=\"auto, (max-width: 376px) 100vw, 376px\" \/>El 14 de febrer es va inaugurar el cicle d&#8217;exposicions que durant tot el curs permetran exhibir els resultats de diferents projectes vinculats al programa d&#8217;innovaci\u00f3 pedag\u00f2gica Apadrinem el nostre patrimoni: el Museu Abell\u00f3. El grup encarregat d&#8217;iniciar aquest cicle ha estat l&#8217;alumnat de 1r d&#8217;ESO, que fins el dia 21 exposa la mostra &#8220;Proporcionalitat i perspectiva.&#8221;<\/p>\n<p dir=\"ltr\">Aquest \u00e9s el resultat final d&#8217;un projecte durant el qual l&#8217;alumnat ha treballat els conceptes de la proporcionalitat i la perspectiva a partir de l&#8217;observaci\u00f3 i l&#8217;estudi de la fa\u00e7ana i l&#8217;espai interior del Museu Abell\u00f3. D&#8217;entre les activitats proposades, vinculades a les \u00e0rees de tecnologia, matem\u00e0tiques, lleng\u00fces i educaci\u00f3 visual i<\/p>\n<p dir=\"ltr\">pl\u00e0stica, l&#8217;alumnat ha descrit les diferents plantes i recreat digitalment els diferents espais que el configuren, aix\u00ed com una reproducci\u00f3 en relleu de la fa\u00e7ana principal, sempre fent servir les escales pertinents. Tanmateix, s&#8217;ha posat en pr\u00e0ctica la creaci\u00f3 de composicions amb perspectiva a trav\u00e9s del dibuix amb punt de fuga, realitzat al natural.<\/p>\n<p dir=\"ltr\">El 15 de febrer es va organitzar una sessi\u00f3 per a les fam\u00edlies , que van ser convidades a participar d&#8217;una activitat condu\u00efda\u00a0 per l&#8217;alumnat. Per comen\u00e7ar, les fam\u00edlies van haver de superar un repte matem\u00e0tic sobre la ra\u00f3 i la proporcionalitat per esbrinar l&#8217;al\u00e7ada del museu i que es va desenvolupar al terrat de la instituci\u00f3. A continuaci\u00f3, les fam\u00edlies van ser convidades a fer un passeig pel museu, i per acabar, una visita a la mostra que realitzada per l&#8217;alumnat. Altres grups de l&#8217;escola han realitzat una visita guiada a c\u00e0rrec de l&#8217;alumnat de 1r d&#8217;ESO.<\/p>\n<p dir=\"ltr\">\n<p dir=\"ltr\">Si voleu con\u00e8ixer altres aspectes del programa, accediu a l&#8217;<a href=\"https:\/\/sites.google.com\/escolaanselmclave.com\/apadrinemmuseuabello\/inici\">ESPAI WEB<\/a>.<\/p>\n<p dir=\"ltr\">\r\n\t<div class=\"slideshow_container slideshow_container_style-light\" style=\"height: 800px; \" data-slideshow-id=\"11094\" data-style-name=\"style-light\" data-style-version=\"2.3.1\" >\r\n\r\n\t\t\t\t\t<div class=\"slideshow_loading_icon\"><\/div>\r\n\t\t\r\n\t\t<div class=\"slideshow_content\" style=\"display: none;\">\r\n\r\n\t\t\t<div class=\"slideshow_view\">\r\n\t\t\t\t<div class=\"slideshow_slide slideshow_slide_image\">\r\n\t\t\t\t\t\t\t\t\t\t\t<img src=\"https:\/\/agora.xtec.cat\/escolanouclave\/wp-content\/uploads\/usu1363\/2024\/02\/IMG_20240215_201600_885.webp\" alt=\"IMG_20240215_201600_885\" width=\"1440\" height=\"1440\" \/>\r\n\t\t\t\t\t\t\t\t\t\t<div class=\"slideshow_description_box slideshow_transparent\">\r\n\t\t\t\t\t\t<div class=\"slideshow_title\">IMG_20240215_201600_885<\/div>\t\t\t\t\t\t\t\t\t\t\t<\/div>\r\n\t\t\t\t<\/div>\r\n\r\n\t\t\t\t\t\t<div style=\"clear: both;\"><\/div><\/div><div class=\"slideshow_view\">\r\n\t\t\t\t<div class=\"slideshow_slide slideshow_slide_image\">\r\n\t\t\t\t\t\t\t\t\t\t\t<img src=\"https:\/\/agora.xtec.cat\/escolanouclave\/wp-content\/uploads\/usu1363\/2024\/02\/IMG_20240215_201600_737.webp\" alt=\"IMG_20240215_201600_737\" width=\"1440\" height=\"1440\" \/>\r\n\t\t\t\t\t\t\t\t\t\t<div class=\"slideshow_description_box slideshow_transparent\">\r\n\t\t\t\t\t\t<div class=\"slideshow_title\">IMG_20240215_201600_737<\/div>\t\t\t\t\t\t\t\t\t\t\t<\/div>\r\n\t\t\t\t<\/div>\r\n\r\n\t\t\t\t\t\t<div style=\"clear: both;\"><\/div><\/div><div class=\"slideshow_view\">\r\n\t\t\t\t<div class=\"slideshow_slide slideshow_slide_image\">\r\n\t\t\t\t\t\t\t\t\t\t\t<img src=\"https:\/\/agora.xtec.cat\/escolanouclave\/wp-content\/uploads\/usu1363\/2024\/02\/IMG_20240215_201559_940.webp\" alt=\"IMG_20240215_201559_940\" width=\"1152\" height=\"1152\" \/>\r\n\t\t\t\t\t\t\t\t\t\t<div class=\"slideshow_description_box slideshow_transparent\">\r\n\t\t\t\t\t\t<div class=\"slideshow_title\">IMG_20240215_201559_940<\/div>\t\t\t\t\t\t\t\t\t\t\t<\/div>\r\n\t\t\t\t<\/div>\r\n\r\n\t\t\t\t\t\t<div style=\"clear: both;\"><\/div><\/div><div class=\"slideshow_view\">\r\n\t\t\t\t<div class=\"slideshow_slide slideshow_slide_image\">\r\n\t\t\t\t\t\t\t\t\t\t\t<img src=\"https:\/\/agora.xtec.cat\/escolanouclave\/wp-content\/uploads\/usu1363\/2024\/02\/IMG_20240215_201601_047.webp\" alt=\"IMG_20240215_201601_047\" width=\"1440\" height=\"1439\" \/>\r\n\t\t\t\t\t\t\t\t\t\t<div class=\"slideshow_description_box slideshow_transparent\">\r\n\t\t\t\t\t\t<div class=\"slideshow_title\">IMG_20240215_201601_047<\/div>\t\t\t\t\t\t\t\t\t\t\t<\/div>\r\n\t\t\t\t<\/div>\r\n\r\n\t\t\t\t\t\t<div style=\"clear: both;\"><\/div><\/div><div class=\"slideshow_view\">\r\n\t\t\t\t<div class=\"slideshow_slide slideshow_slide_image\">\r\n\t\t\t\t\t\t\t\t\t\t\t<img src=\"https:\/\/agora.xtec.cat\/escolanouclave\/wp-content\/uploads\/usu1363\/2024\/02\/IMG_20240215_201600_625.webp\" alt=\"IMG_20240215_201600_625\" width=\"1440\" height=\"1440\" \/>\r\n\t\t\t\t\t\t\t\t\t\t<div class=\"slideshow_description_box slideshow_transparent\">\r\n\t\t\t\t\t\t<div class=\"slideshow_title\">IMG_20240215_201600_625<\/div>\t\t\t\t\t\t\t\t\t\t\t<\/div>\r\n\t\t\t\t<\/div>\r\n\r\n\t\t\t\t\t\t<div style=\"clear: both;\"><\/div><\/div><div class=\"slideshow_view\">\r\n\t\t\t\t<div class=\"slideshow_slide slideshow_slide_image\">\r\n\t\t\t\t\t\t\t\t\t\t\t<img src=\"https:\/\/agora.xtec.cat\/escolanouclave\/wp-content\/uploads\/usu1363\/2024\/02\/IMG_20240215_201559_874.webp\" alt=\"IMG_20240215_201559_874\" width=\"1440\" height=\"1440\" \/>\r\n\t\t\t\t\t\t\t\t\t\t<div class=\"slideshow_description_box slideshow_transparent\">\r\n\t\t\t\t\t\t<div class=\"slideshow_title\">IMG_20240215_201559_874<\/div>\t\t\t\t\t\t\t\t\t\t\t<\/div>\r\n\t\t\t\t<\/div>\r\n\r\n\t\t\t\t\t\t<div style=\"clear: both;\"><\/div><\/div><div class=\"slideshow_view\">\r\n\t\t\t\t<div class=\"slideshow_slide slideshow_slide_image\">\r\n\t\t\t\t\t\t\t\t\t\t\t<img src=\"https:\/\/agora.xtec.cat\/escolanouclave\/wp-content\/uploads\/usu1363\/2024\/02\/IMG_20240215_201559_725-e1708502502220.webp\" alt=\"IMG_20240215_201559_725\" width=\"1440\" height=\"974\" \/>\r\n\t\t\t\t\t\t\t\t\t\t<div class=\"slideshow_description_box slideshow_transparent\">\r\n\t\t\t\t\t\t<div class=\"slideshow_title\">IMG_20240215_201559_725<\/div>\t\t\t\t\t\t\t\t\t\t\t<\/div>\r\n\t\t\t\t<\/div>\r\n\r\n\t\t\t\t\t\t<div style=\"clear: both;\"><\/div><\/div>\r\n\t\t<\/div>\r\n\r\n\t\t<div class=\"slideshow_controlPanel slideshow_transparent\" style=\"display: none;\"><ul><li class=\"slideshow_togglePlay\" data-play-text=\"Visualitza\" data-pause-text=\"Pausa\"><\/li><\/ul><\/div>\r\n\r\n\t\t<div class=\"slideshow_button slideshow_previous slideshow_transparent\" role=\"button\" data-previous-text=\"Anterior\" style=\"display: none;\"><\/div>\r\n\t\t<div class=\"slideshow_button slideshow_next slideshow_transparent\" role=\"button\" data-next-text=\"Seg\u00fcent\" style=\"display: none;\"><\/div>\r\n\r\n\t\t<div class=\"slideshow_pagination\" style=\"display: none;\" data-go-to-text=\"V\u00e9s a la diapositiva\"><div class=\"slideshow_pagination_center\"><\/div><\/div>\r\n\r\n\t\t<!-- WordPress Slideshow Version 2.3.1 -->\r\n\r\n\t\t\t<\/div>\r\n\r\n<\/p>\n<p dir=\"ltr\">\n","protected":false},"excerpt":{"rendered":"<p>El 14 de febrer es va inaugurar el cicle d&#8217;exposicions que durant tot el curs permetran exhibir els resultats de diferents projectes vinculats al programa d&#8217;innovaci\u00f3 pedag\u00f2gica Apadrinem el nostre patrimoni: el Museu Abell\u00f3. El grup encarregat d&#8217;iniciar aquest cicle ha estat l&#8217;alumnat de 1r d&#8217;ESO, que fins el dia 21 exposa la mostra &#8220;Proporcionalitat [&hellip;]<\/p>\n","protected":false},"author":27,"featured_media":11092,"comment_status":"closed","ping_status":"closed","sticky":false,"template":"","format":"standard","meta":{"_bbp_topic_count":0,"_bbp_reply_count":0,"_bbp_total_topic_count":0,"_bbp_total_reply_count":0,"_bbp_voice_count":0,"_bbp_anonymous_reply_count":0,"_bbp_topic_count_hidden":0,"_bbp_reply_count_hidden":0,"_bbp_forum_subforum_count":0,"site-sidebar-layout":"default","site-content-layout":"","ast-site-content-layout":"","site-content-style":"default","site-sidebar-style":"default","ast-global-header-display":"","ast-banner-title-visibility":"","ast-main-header-display":"","ast-hfb-above-header-display":"","ast-hfb-below-header-display":"","ast-hfb-mobile-header-display":"","site-post-title":"","ast-breadcrumbs-content":"","ast-featured-img":"","footer-sml-layout":"","theme-transparent-header-meta":"","adv-header-id-meta":"","stick-header-meta":"","header-above-stick-meta":"","header-main-stick-meta":"","header-below-stick-meta":"","astra-migrate-meta-layouts":"default","ast-page-background-enabled":"default","ast-page-background-meta":{"desktop":{"background-color":"var(--ast-global-color-4)","background-image":"","background-repeat":"repeat","background-position":"center center","background-size":"auto","background-attachment":"scroll","background-type":"","background-media":"","overlay-type":"","overlay-color":"","overlay-opacity":"","overlay-gradient":""},"tablet":{"background-color":"","background-image":"","background-repeat":"repeat","background-position":"center center","background-size":"auto","background-attachment":"scroll","background-type":"","background-media":"","overlay-type":"","overlay-color":"","overlay-opacity":"","overlay-gradient":""},"mobile":{"background-color":"","background-image":"","background-repeat":"repeat","background-position":"center center","background-size":"auto","background-attachment":"scroll","background-type":"","background-media":"","overlay-type":"","overlay-color":"","overlay-opacity":"","overlay-gradient":""}},"ast-content-background-meta":{"desktop":{"background-color":"var(--ast-global-color-5)","background-image":"","background-repeat":"repeat","background-position":"center center","background-size":"auto","background-attachment":"scroll","background-type":"","background-media":"","overlay-type":"","overlay-color":"","overlay-opacity":"","overlay-gradient":""},"tablet":{"background-color":"var(--ast-global-color-5)","background-image":"","background-repeat":"repeat","background-position":"center center","background-size":"auto","background-attachment":"scroll","background-type":"","background-media":"","overlay-type":"","overlay-color":"","overlay-opacity":"","overlay-gradient":""},"mobile":{"background-color":"var(--ast-global-color-5)","background-image":"","background-repeat":"repeat","background-position":"center center","background-size":"auto","background-attachment":"scroll","background-type":"","background-media":"","overlay-type":"","overlay-color":"","overlay-opacity":"","overlay-gradient":""}},"footnotes":""},"categories":[1],"tags":[],"class_list":["post-11090","post","type-post","status-publish","format-standard","has-post-thumbnail","hentry","category-general"],"post_mailing_queue_ids":[],"_links":{"self":[{"href":"https:\/\/agora.xtec.cat\/escolanouclave\/wp-json\/wp\/v2\/posts\/11090","targetHints":{"allow":["GET"]}}],"collection":[{"href":"https:\/\/agora.xtec.cat\/escolanouclave\/wp-json\/wp\/v2\/posts"}],"about":[{"href":"https:\/\/agora.xtec.cat\/escolanouclave\/wp-json\/wp\/v2\/types\/post"}],"author":[{"embeddable":true,"href":"https:\/\/agora.xtec.cat\/escolanouclave\/wp-json\/wp\/v2\/users\/27"}],"replies":[{"embeddable":true,"href":"https:\/\/agora.xtec.cat\/escolanouclave\/wp-json\/wp\/v2\/comments?post=11090"}],"version-history":[{"count":3,"href":"https:\/\/agora.xtec.cat\/escolanouclave\/wp-json\/wp\/v2\/posts\/11090\/revisions"}],"predecessor-version":[{"id":11102,"href":"https:\/\/agora.xtec.cat\/escolanouclave\/wp-json\/wp\/v2\/posts\/11090\/revisions\/11102"}],"wp:featuredmedia":[{"embeddable":true,"href":"https:\/\/agora.xtec.cat\/escolanouclave\/wp-json\/wp\/v2\/media\/11092"}],"wp:attachment":[{"href":"https:\/\/agora.xtec.cat\/escolanouclave\/wp-json\/wp\/v2\/media?parent=11090"}],"wp:term":[{"taxonomy":"category","embeddable":true,"href":"https:\/\/agora.xtec.cat\/escolanouclave\/wp-json\/wp\/v2\/categories?post=11090"},{"taxonomy":"post_tag","embeddable":true,"href":"https:\/\/agora.xtec.cat\/escolanouclave\/wp-json\/wp\/v2\/tags?post=11090"}],"curies":[{"name":"wp","href":"https:\/\/api.w.org\/{rel}","templated":true}]}}