{"id":10883,"date":"2023-11-27T14:12:12","date_gmt":"2023-11-27T13:12:12","guid":{"rendered":"https:\/\/agora.xtec.cat\/escolanouclave\/?p=10883"},"modified":"2023-11-27T16:37:28","modified_gmt":"2023-11-27T15:37:28","slug":"el-programa-de-radio-de-4t","status":"publish","type":"post","link":"https:\/\/agora.xtec.cat\/escolanouclave\/general\/el-programa-de-radio-de-4t\/","title":{"rendered":"El programa de r\u00e0dio de 4t de prim\u00e0ria"},"content":{"rendered":"<p><a href=\"https:\/\/agora.xtec.cat\/escolanouclave\/wp-content\/uploads\/usu1363\/2023\/11\/WhatsApp-Image-2023-11-27-at-14.10.14.jpeg\"><img loading=\"lazy\" decoding=\"async\" class=\"wp-image-10894 alignleft\" src=\"https:\/\/agora.xtec.cat\/escolanouclave\/wp-content\/uploads\/usu1363\/2023\/11\/WhatsApp-Image-2023-11-27-at-14.10.14.jpeg\" alt=\"\" width=\"258\" height=\"344\" srcset=\"https:\/\/agora.xtec.cat\/escolanouclave\/wp-content\/uploads\/usu1363\/2023\/11\/WhatsApp-Image-2023-11-27-at-14.10.14.jpeg 768w, https:\/\/agora.xtec.cat\/escolanouclave\/wp-content\/uploads\/usu1363\/2023\/11\/WhatsApp-Image-2023-11-27-at-14.10.14-225x300.jpeg 225w\" sizes=\"auto, (max-width: 258px) 100vw, 258px\" \/><\/a><\/p>\n<p><span style=\"font-weight: 400\">L\u2019alumnat de 4t de prim\u00e0ria us vol presentar el seu treball fet des de l\u2019assignatura d\u2019EngresCA\u2019T.\u00a0<\/span><\/p>\n<p><span style=\"font-weight: 400\">Per tal de fomentar la parla en catal\u00e0 i l\u2019expressi\u00f3 oral en p\u00fablic, hem elaborat un programa de r\u00e0dio sobre el passat mes d\u2019Octubre.\u00a0<\/span><\/p>\n<p><span style=\"font-weight: 400\">Primerament, vam visualizar v\u00eddeos sobre la r\u00e0dio escolar per agafar exemples. Despr\u00e9s, vam treballar tot el vocabulari que t\u00e9 a veure amb la r\u00e0dio; com per exemple qu\u00e8 \u00e9s una escaleta o una cortina musical. Despr\u00e9s vam tenir l\u2019oportunitat de poder veure un programa de r\u00e0dio en viu i en directe, ja que vam anar a R<\/span><b>\u00e0dio Mollet<\/b><span style=\"font-weight: 400\">, i ens van explicar tot el funcionament de la r\u00e0dio. Ens va semblar una passada!<\/span><b>\u00a0<\/b><\/p>\n<p>&nbsp;<\/p>\n<p><span style=\"font-weight: 400\">Quan vam tornar a l\u2019escola, ens vam ficar mans a la obra! Vam decidir fer cinc seccions: Not\u00edcies de Mollet\/ Not\u00edcies de l\u2019Anselm Clav\u00e9\/ Esports\/ M\u00fasica\/ El temps.\u00a0<\/span><\/p>\n<p><span style=\"font-weight: 400\">Vam crear per grups les nostres escaletes i aqu\u00ed teniu el resultat final.\u00a0<\/span><\/p>\n<p><span style=\"font-weight: 400\">L\u2019alumnat de 4t de prim\u00e0ria us vol presentar el seu treball fet des de l\u2019assignatura d\u2019EngresCA\u2019T.\u00a0<\/span><\/p>\n<p><span style=\"font-weight: 400\">Per tal de fomentar la parla en catal\u00e0 i l\u2019expressi\u00f3 oral en p\u00fablic, hem elaborat un programa de r\u00e0dio sobre el passat mes d\u2019octubre.\u00a0<\/span><\/p>\n<p><span style=\"font-weight: 400\">Primerament, vam visualizar v\u00eddeos sobre la r\u00e0dio escolar per agafar exemples. Despr\u00e9s, vam treballar tot el vocabulari que t\u00e9 a veure amb la r\u00e0dio; com per exemple qu\u00e8 \u00e9s una escaleta o una cortina musical. Despr\u00e9s vam tenir l\u2019oportunitat de poder veure un programa de r\u00e0dio en viu i en directe, ja que vam anar a <\/span><b>r\u00e0dio Mollet<\/b><span style=\"font-weight: 400\">, i ens van explicar tot el funcionament de la r\u00e0dio. Ens va semblar una passada!<\/span><b>\u00a0<\/b><\/p>\n<p><span style=\"font-weight: 400\">Quan vam tornar a l\u2019escola, ens vam posar mans a la obra! Vam decidir fer cinc seccions: Not\u00edcies de Mollet\/ Not\u00edcies de l\u2019Anselm Clav\u00e9\/ Esports\/ M\u00fasica\/ El temps.\u00a0<\/span><\/p>\n<p><span style=\"font-weight: 400\">Vam crear per grups les nostres escaletes i aqu\u00ed teniu el resultat final. Si clickeu en aquest enlla\u00e7 ho podreu veure:<\/span><\/p>\n<p>&nbsp;<\/p>\n<div class=\"ast-oembed-container \" style=\"height: 100%;\"><iframe loading=\"lazy\" title=\"Programa de r\u00e0dio. 4t de prim\u00e0ria.\" width=\"500\" height=\"281\" src=\"https:\/\/www.youtube.com\/embed\/J5lbuWyk_aE?feature=oembed\" frameborder=\"0\" allow=\"accelerometer; autoplay; clipboard-write; encrypted-media; gyroscope; picture-in-picture; web-share\" referrerpolicy=\"strict-origin-when-cross-origin\" allowfullscreen><\/iframe><\/div>\n<p>&nbsp;<\/p>\n<p><span style=\"font-weight: 400\">\u00a0<\/span><\/p>\n<p><span style=\"font-weight: 400\">Ens ho hem passat tan i tan b\u00e9!! Esperem que gaudiu tant com nosaltres.<\/span><\/p>\n<p>&nbsp;<\/p>\n<table style=\"border-collapse: collapse;width: 100%\">\n<tbody>\n<tr>\n<td style=\"width: 25%\"><span style=\"font-weight: 400\"><a href=\"https:\/\/agora.xtec.cat\/escolanouclave\/wp-content\/uploads\/usu1363\/2023\/11\/WhatsApp-Image-2023-11-27-at-14.10.02.jpeg\"><img loading=\"lazy\" decoding=\"async\" class=\"wp-image-10885 aligncenter\" src=\"https:\/\/agora.xtec.cat\/escolanouclave\/wp-content\/uploads\/usu1363\/2023\/11\/WhatsApp-Image-2023-11-27-at-14.10.02.jpeg\" alt=\"\" width=\"283\" height=\"378\" srcset=\"https:\/\/agora.xtec.cat\/escolanouclave\/wp-content\/uploads\/usu1363\/2023\/11\/WhatsApp-Image-2023-11-27-at-14.10.02.jpeg 768w, https:\/\/agora.xtec.cat\/escolanouclave\/wp-content\/uploads\/usu1363\/2023\/11\/WhatsApp-Image-2023-11-27-at-14.10.02-225x300.jpeg 225w\" sizes=\"auto, (max-width: 283px) 100vw, 283px\" \/><\/a><\/span><\/td>\n<td style=\"width: 25%\"><span style=\"font-weight: 400\"><a href=\"https:\/\/agora.xtec.cat\/escolanouclave\/wp-content\/uploads\/usu1363\/2023\/11\/WhatsApp-Image-2023-11-27-at-14.10.08.jpeg\"><img loading=\"lazy\" decoding=\"async\" class=\"wp-image-10887 aligncenter\" src=\"https:\/\/agora.xtec.cat\/escolanouclave\/wp-content\/uploads\/usu1363\/2023\/11\/WhatsApp-Image-2023-11-27-at-14.10.08.jpeg\" alt=\"\" width=\"284\" height=\"378\" srcset=\"https:\/\/agora.xtec.cat\/escolanouclave\/wp-content\/uploads\/usu1363\/2023\/11\/WhatsApp-Image-2023-11-27-at-14.10.08.jpeg 768w, https:\/\/agora.xtec.cat\/escolanouclave\/wp-content\/uploads\/usu1363\/2023\/11\/WhatsApp-Image-2023-11-27-at-14.10.08-225x300.jpeg 225w\" sizes=\"auto, (max-width: 284px) 100vw, 284px\" \/><\/a><\/span><\/td>\n<td style=\"width: 25%\"><span style=\"font-weight: 400\"><a href=\"https:\/\/agora.xtec.cat\/escolanouclave\/wp-content\/uploads\/usu1363\/2023\/11\/WhatsApp-Image-2023-11-27-at-14.09.49.jpeg\"><img loading=\"lazy\" decoding=\"async\" class=\"wp-image-10886 aligncenter\" src=\"https:\/\/agora.xtec.cat\/escolanouclave\/wp-content\/uploads\/usu1363\/2023\/11\/WhatsApp-Image-2023-11-27-at-14.09.49.jpeg\" alt=\"\" width=\"272\" height=\"363\" srcset=\"https:\/\/agora.xtec.cat\/escolanouclave\/wp-content\/uploads\/usu1363\/2023\/11\/WhatsApp-Image-2023-11-27-at-14.09.49.jpeg 768w, https:\/\/agora.xtec.cat\/escolanouclave\/wp-content\/uploads\/usu1363\/2023\/11\/WhatsApp-Image-2023-11-27-at-14.09.49-225x300.jpeg 225w\" sizes=\"auto, (max-width: 272px) 100vw, 272px\" \/><\/a><\/span><\/td>\n<td style=\"width: 25%\"><span style=\"font-weight: 400\"><a href=\"https:\/\/agora.xtec.cat\/escolanouclave\/wp-content\/uploads\/usu1363\/2023\/11\/WhatsApp-Image-2023-11-27-at-14.09.58.jpeg\"><img loading=\"lazy\" decoding=\"async\" class=\"wp-image-10888 aligncenter\" src=\"https:\/\/agora.xtec.cat\/escolanouclave\/wp-content\/uploads\/usu1363\/2023\/11\/WhatsApp-Image-2023-11-27-at-14.09.58.jpeg\" alt=\"\" width=\"277\" height=\"370\" srcset=\"https:\/\/agora.xtec.cat\/escolanouclave\/wp-content\/uploads\/usu1363\/2023\/11\/WhatsApp-Image-2023-11-27-at-14.09.58.jpeg 768w, https:\/\/agora.xtec.cat\/escolanouclave\/wp-content\/uploads\/usu1363\/2023\/11\/WhatsApp-Image-2023-11-27-at-14.09.58-225x300.jpeg 225w\" sizes=\"auto, (max-width: 277px) 100vw, 277px\" \/><\/a><\/span><\/td>\n<\/tr>\n<\/tbody>\n<\/table>\n<p>&nbsp;<\/p>\n","protected":false},"excerpt":{"rendered":"<p>L\u2019alumnat de 4t de prim\u00e0ria us vol presentar el seu treball fet des de l\u2019assignatura d\u2019EngresCA\u2019T.\u00a0 Per tal de fomentar la parla en catal\u00e0 i l\u2019expressi\u00f3 oral en p\u00fablic, hem elaborat un programa de r\u00e0dio sobre el passat mes d\u2019Octubre.\u00a0 Primerament, vam visualizar v\u00eddeos sobre la r\u00e0dio escolar per agafar exemples. Despr\u00e9s, vam treballar tot [&hellip;]<\/p>\n","protected":false},"author":27,"featured_media":10894,"comment_status":"closed","ping_status":"closed","sticky":false,"template":"","format":"standard","meta":{"_bbp_topic_count":0,"_bbp_reply_count":0,"_bbp_total_topic_count":0,"_bbp_total_reply_count":0,"_bbp_voice_count":0,"_bbp_anonymous_reply_count":0,"_bbp_topic_count_hidden":0,"_bbp_reply_count_hidden":0,"_bbp_forum_subforum_count":0,"site-sidebar-layout":"default","site-content-layout":"","ast-site-content-layout":"","site-content-style":"default","site-sidebar-style":"default","ast-global-header-display":"","ast-banner-title-visibility":"","ast-main-header-display":"","ast-hfb-above-header-display":"","ast-hfb-below-header-display":"","ast-hfb-mobile-header-display":"","site-post-title":"","ast-breadcrumbs-content":"","ast-featured-img":"","footer-sml-layout":"","theme-transparent-header-meta":"","adv-header-id-meta":"","stick-header-meta":"","header-above-stick-meta":"","header-main-stick-meta":"","header-below-stick-meta":"","astra-migrate-meta-layouts":"default","ast-page-background-enabled":"default","ast-page-background-meta":{"desktop":{"background-color":"var(--ast-global-color-4)","background-image":"","background-repeat":"repeat","background-position":"center center","background-size":"auto","background-attachment":"scroll","background-type":"","background-media":"","overlay-type":"","overlay-color":"","overlay-opacity":"","overlay-gradient":""},"tablet":{"background-color":"","background-image":"","background-repeat":"repeat","background-position":"center center","background-size":"auto","background-attachment":"scroll","background-type":"","background-media":"","overlay-type":"","overlay-color":"","overlay-opacity":"","overlay-gradient":""},"mobile":{"background-color":"","background-image":"","background-repeat":"repeat","background-position":"center center","background-size":"auto","background-attachment":"scroll","background-type":"","background-media":"","overlay-type":"","overlay-color":"","overlay-opacity":"","overlay-gradient":""}},"ast-content-background-meta":{"desktop":{"background-color":"var(--ast-global-color-5)","background-image":"","background-repeat":"repeat","background-position":"center center","background-size":"auto","background-attachment":"scroll","background-type":"","background-media":"","overlay-type":"","overlay-color":"","overlay-opacity":"","overlay-gradient":""},"tablet":{"background-color":"var(--ast-global-color-5)","background-image":"","background-repeat":"repeat","background-position":"center center","background-size":"auto","background-attachment":"scroll","background-type":"","background-media":"","overlay-type":"","overlay-color":"","overlay-opacity":"","overlay-gradient":""},"mobile":{"background-color":"var(--ast-global-color-5)","background-image":"","background-repeat":"repeat","background-position":"center center","background-size":"auto","background-attachment":"scroll","background-type":"","background-media":"","overlay-type":"","overlay-color":"","overlay-opacity":"","overlay-gradient":""}},"footnotes":""},"categories":[13,199,996,1],"tags":[],"class_list":["post-10883","post","type-post","status-publish","format-standard","has-post-thumbnail","hentry","category-4t","category-activitats-descola","category-alumnat","category-general"],"post_mailing_queue_ids":[],"_links":{"self":[{"href":"https:\/\/agora.xtec.cat\/escolanouclave\/wp-json\/wp\/v2\/posts\/10883","targetHints":{"allow":["GET"]}}],"collection":[{"href":"https:\/\/agora.xtec.cat\/escolanouclave\/wp-json\/wp\/v2\/posts"}],"about":[{"href":"https:\/\/agora.xtec.cat\/escolanouclave\/wp-json\/wp\/v2\/types\/post"}],"author":[{"embeddable":true,"href":"https:\/\/agora.xtec.cat\/escolanouclave\/wp-json\/wp\/v2\/users\/27"}],"replies":[{"embeddable":true,"href":"https:\/\/agora.xtec.cat\/escolanouclave\/wp-json\/wp\/v2\/comments?post=10883"}],"version-history":[{"count":6,"href":"https:\/\/agora.xtec.cat\/escolanouclave\/wp-json\/wp\/v2\/posts\/10883\/revisions"}],"predecessor-version":[{"id":10900,"href":"https:\/\/agora.xtec.cat\/escolanouclave\/wp-json\/wp\/v2\/posts\/10883\/revisions\/10900"}],"wp:featuredmedia":[{"embeddable":true,"href":"https:\/\/agora.xtec.cat\/escolanouclave\/wp-json\/wp\/v2\/media\/10894"}],"wp:attachment":[{"href":"https:\/\/agora.xtec.cat\/escolanouclave\/wp-json\/wp\/v2\/media?parent=10883"}],"wp:term":[{"taxonomy":"category","embeddable":true,"href":"https:\/\/agora.xtec.cat\/escolanouclave\/wp-json\/wp\/v2\/categories?post=10883"},{"taxonomy":"post_tag","embeddable":true,"href":"https:\/\/agora.xtec.cat\/escolanouclave\/wp-json\/wp\/v2\/tags?post=10883"}],"curies":[{"name":"wp","href":"https:\/\/api.w.org\/{rel}","templated":true}]}}