{"id":10806,"date":"2023-05-18T13:36:18","date_gmt":"2023-05-18T11:36:18","guid":{"rendered":"https:\/\/agora.xtec.cat\/escolanouclave\/?p=10806"},"modified":"2023-05-18T13:36:18","modified_gmt":"2023-05-18T11:36:18","slug":"art-fora-de-lloc-exposicio","status":"publish","type":"post","link":"https:\/\/agora.xtec.cat\/escolanouclave\/general\/art-fora-de-lloc-exposicio\/","title":{"rendered":"Art Fora de Lloc &#8211; Exposici\u00f3"},"content":{"rendered":"<p><a href=\"https:\/\/agora.xtec.cat\/escolanouclave\/wp-content\/uploads\/usu1363\/2023\/05\/Art-fora-de-lloc.png\"><img loading=\"lazy\" decoding=\"async\" class=\"wp-image-10807 alignleft\" src=\"https:\/\/agora.xtec.cat\/escolanouclave\/wp-content\/uploads\/usu1363\/2023\/05\/Art-fora-de-lloc-724x1024.png\" alt=\"\" width=\"302\" height=\"428\" srcset=\"https:\/\/agora.xtec.cat\/escolanouclave\/wp-content\/uploads\/usu1363\/2023\/05\/Art-fora-de-lloc-724x1024.png 724w, https:\/\/agora.xtec.cat\/escolanouclave\/wp-content\/uploads\/usu1363\/2023\/05\/Art-fora-de-lloc-212x300.png 212w, https:\/\/agora.xtec.cat\/escolanouclave\/wp-content\/uploads\/usu1363\/2023\/05\/Art-fora-de-lloc-768x1086.png 768w, https:\/\/agora.xtec.cat\/escolanouclave\/wp-content\/uploads\/usu1363\/2023\/05\/Art-fora-de-lloc.png 992w\" sizes=\"auto, (max-width: 302px) 100vw, 302px\" \/><\/a>Durant la setmana tem\u00e0tica d&#8217;aquest vam realitzar una activitat conjuntament amb el Museu Abell\u00f3. Aquesta activitat engrescava a l&#8217;alumnat de secund\u00e0ria a dissenyar i crear els materials per una exposci\u00f3 que es mostraria al museu. Aquesta activitat forma part del programa<a href=\"https:\/\/sites.google.com\/escolaanselmclave.com\/apadrinemmuseuabello\/inici\"> Apadrinem en nostre patrimoni<\/a>.<\/p>\n<p>L&#8217;alumnat de 3r d&#8217;ESO va realitzar el material i accions al voltant del concepte d&#8217;Espoli, l&#8217;apropiaci\u00f3 d&#8217;obres d&#8217;art i el seu trasllat a altres pa\u00efsos, una pr\u00e0ctica habitual durant el s.XIX i principis del s.XX.<\/p>\n<p>Agafant referents com el Fris del Parten\u00f3 Grec, el Pantocrator de Bo\u00ed Ta\u00fcll i les m\u00e0scares africanes de la col\u00b7lecci\u00f3 Abell\u00f3 plantegem al visitant una acci\u00f3 per salvar els Mosaisc de La Teneria de Mollet, obra de Llu\u00eds Bru i Salelles.<\/p>\n<p>Us hi esperem a tots i totes!<\/p>\n","protected":false},"excerpt":{"rendered":"<p>Durant la setmana tem\u00e0tica d&#8217;aquest vam realitzar una activitat conjuntament amb el Museu Abell\u00f3. Aquesta activitat engrescava a l&#8217;alumnat de secund\u00e0ria a dissenyar i crear els materials per una exposci\u00f3 que es mostraria al museu. Aquesta activitat forma part del programa Apadrinem en nostre patrimoni. L&#8217;alumnat de 3r d&#8217;ESO va realitzar el material i accions [&hellip;]<\/p>\n","protected":false},"author":15,"featured_media":10807,"comment_status":"open","ping_status":"closed","sticky":false,"template":"","format":"standard","meta":{"_bbp_topic_count":0,"_bbp_reply_count":0,"_bbp_total_topic_count":0,"_bbp_total_reply_count":0,"_bbp_voice_count":0,"_bbp_anonymous_reply_count":0,"_bbp_topic_count_hidden":0,"_bbp_reply_count_hidden":0,"_bbp_forum_subforum_count":0,"site-sidebar-layout":"default","site-content-layout":"","ast-site-content-layout":"","site-content-style":"default","site-sidebar-style":"default","ast-global-header-display":"","ast-banner-title-visibility":"","ast-main-header-display":"","ast-hfb-above-header-display":"","ast-hfb-below-header-display":"","ast-hfb-mobile-header-display":"","site-post-title":"","ast-breadcrumbs-content":"","ast-featured-img":"","footer-sml-layout":"","theme-transparent-header-meta":"","adv-header-id-meta":"","stick-header-meta":"","header-above-stick-meta":"","header-main-stick-meta":"","header-below-stick-meta":"","astra-migrate-meta-layouts":"default","ast-page-background-enabled":"default","ast-page-background-meta":{"desktop":{"background-color":"var(--ast-global-color-4)","background-image":"","background-repeat":"repeat","background-position":"center center","background-size":"auto","background-attachment":"scroll","background-type":"","background-media":"","overlay-type":"","overlay-color":"","overlay-opacity":"","overlay-gradient":""},"tablet":{"background-color":"","background-image":"","background-repeat":"repeat","background-position":"center center","background-size":"auto","background-attachment":"scroll","background-type":"","background-media":"","overlay-type":"","overlay-color":"","overlay-opacity":"","overlay-gradient":""},"mobile":{"background-color":"","background-image":"","background-repeat":"repeat","background-position":"center center","background-size":"auto","background-attachment":"scroll","background-type":"","background-media":"","overlay-type":"","overlay-color":"","overlay-opacity":"","overlay-gradient":""}},"ast-content-background-meta":{"desktop":{"background-color":"var(--ast-global-color-5)","background-image":"","background-repeat":"repeat","background-position":"center center","background-size":"auto","background-attachment":"scroll","background-type":"","background-media":"","overlay-type":"","overlay-color":"","overlay-opacity":"","overlay-gradient":""},"tablet":{"background-color":"var(--ast-global-color-5)","background-image":"","background-repeat":"repeat","background-position":"center center","background-size":"auto","background-attachment":"scroll","background-type":"","background-media":"","overlay-type":"","overlay-color":"","overlay-opacity":"","overlay-gradient":""},"mobile":{"background-color":"var(--ast-global-color-5)","background-image":"","background-repeat":"repeat","background-position":"center center","background-size":"auto","background-attachment":"scroll","background-type":"","background-media":"","overlay-type":"","overlay-color":"","overlay-opacity":"","overlay-gradient":""}},"footnotes":""},"categories":[80,1],"tags":[1087,813,1073],"class_list":["post-10806","post","type-post","status-publish","format-standard","has-post-thumbnail","hentry","category-3r-eso","category-general","tag-3reso","tag-art","tag-museu-abello"],"post_mailing_queue_ids":[],"_links":{"self":[{"href":"https:\/\/agora.xtec.cat\/escolanouclave\/wp-json\/wp\/v2\/posts\/10806","targetHints":{"allow":["GET"]}}],"collection":[{"href":"https:\/\/agora.xtec.cat\/escolanouclave\/wp-json\/wp\/v2\/posts"}],"about":[{"href":"https:\/\/agora.xtec.cat\/escolanouclave\/wp-json\/wp\/v2\/types\/post"}],"author":[{"embeddable":true,"href":"https:\/\/agora.xtec.cat\/escolanouclave\/wp-json\/wp\/v2\/users\/15"}],"replies":[{"embeddable":true,"href":"https:\/\/agora.xtec.cat\/escolanouclave\/wp-json\/wp\/v2\/comments?post=10806"}],"version-history":[{"count":1,"href":"https:\/\/agora.xtec.cat\/escolanouclave\/wp-json\/wp\/v2\/posts\/10806\/revisions"}],"predecessor-version":[{"id":10808,"href":"https:\/\/agora.xtec.cat\/escolanouclave\/wp-json\/wp\/v2\/posts\/10806\/revisions\/10808"}],"wp:featuredmedia":[{"embeddable":true,"href":"https:\/\/agora.xtec.cat\/escolanouclave\/wp-json\/wp\/v2\/media\/10807"}],"wp:attachment":[{"href":"https:\/\/agora.xtec.cat\/escolanouclave\/wp-json\/wp\/v2\/media?parent=10806"}],"wp:term":[{"taxonomy":"category","embeddable":true,"href":"https:\/\/agora.xtec.cat\/escolanouclave\/wp-json\/wp\/v2\/categories?post=10806"},{"taxonomy":"post_tag","embeddable":true,"href":"https:\/\/agora.xtec.cat\/escolanouclave\/wp-json\/wp\/v2\/tags?post=10806"}],"curies":[{"name":"wp","href":"https:\/\/api.w.org\/{rel}","templated":true}]}}