{"id":1080,"date":"2019-01-24T17:34:18","date_gmt":"2019-01-24T16:34:18","guid":{"rendered":"http:\/\/agora.xtec.cat\/escolanouclave\/?p=1080"},"modified":"2019-01-28T21:40:31","modified_gmt":"2019-01-28T20:40:31","slug":"1r-eso-valors","status":"publish","type":"post","link":"https:\/\/agora.xtec.cat\/escolanouclave\/general\/1r-eso-valors\/","title":{"rendered":"1r d&#8217;ESO. Valors"},"content":{"rendered":"<p><a href=\"https:\/\/agora.xtec.cat\/escolanouclave\/wp-content\/uploads\/usu1363\/2019\/01\/hoy20empieza20todo20front-e1548348067162.jpg\"><img loading=\"lazy\" decoding=\"async\" class=\"wp-image-1081 alignleft\" src=\"https:\/\/agora.xtec.cat\/escolanouclave\/wp-content\/uploads\/usu1363\/2019\/01\/hoy20empieza20todo20front-e1548348067162.jpg\" alt=\"\" width=\"346\" height=\"346\" \/><\/a><span style=\"font-family: inherit; font-size: 1em;\">Les darreres sessions de la classe de valors han estat dedicades al segon principi dels drets dels infants visualitzant la pel\u00b7l\u00edcula <em>Hoy empieza todo<\/em>.<\/span><\/p>\n<p><strong>Principi<\/strong><\/p>\n<p>L&#8217;infant ha de gaudir d\u2019una protecci\u00f3 especial i disposar\u00e0 d\u2019oportunitats i serveis establerts per la llei, i d\u2019altres mitjans, a fi que pugui desenvolupar-se f\u00edsicament, mentalment, espiritualment i social, d\u2019una manera sana i normal, en condicions de llibertat i dignitat. En promulgar lleis amb aquesta finalitat, la consideraci\u00f3 fonamental a qu\u00e8 caldr\u00e0 atenir-se ser\u00e0 l&#8217;inter\u00e8s superior de l&#8217;infant.<\/p>\n<p><strong>Resum<\/strong><\/p>\n<p>El director d\u2019una escola p\u00fablica infantil del nord de Fran\u00e7a, Daniel Lefebvre i el seu equip lluiten per educar uns infants en moments de greu crisi econ\u00f2mica del barri. La situaci\u00f3 de les fam\u00edlies provoca desavinences que tenen a veure amb la impossibilitat de pagar els m\u00ednims establerts, l\u2019aband\u00f3 i el maltractament dels infants. Aquest xoc entre el que \u00e9s l\u2019entorn social i el que hauria de ser una educaci\u00f3 amb plenes garanties provoca una tensi\u00f3 no sempre ben resolta per la burocr\u00e0cia de les distintes inst\u00e0ncies educatives.<\/p>\n","protected":false},"excerpt":{"rendered":"<p>Les darreres sessions de la classe de valors han estat dedicades al segon principi dels drets dels infants visualitzant la pel\u00b7l\u00edcula Hoy empieza todo. Principi L&#8217;infant ha de gaudir d\u2019una protecci\u00f3 especial i disposar\u00e0 d\u2019oportunitats i serveis establerts per la llei, i d\u2019altres mitjans, a fi que pugui desenvolupar-se f\u00edsicament, mentalment, espiritualment i social, d\u2019una [&hellip;]<\/p>\n","protected":false},"author":4,"featured_media":1081,"comment_status":"open","ping_status":"closed","sticky":false,"template":"","format":"standard","meta":{"_bbp_topic_count":0,"_bbp_reply_count":0,"_bbp_total_topic_count":0,"_bbp_total_reply_count":0,"_bbp_voice_count":0,"_bbp_anonymous_reply_count":0,"_bbp_topic_count_hidden":0,"_bbp_reply_count_hidden":0,"_bbp_forum_subforum_count":0,"site-sidebar-layout":"default","site-content-layout":"","ast-site-content-layout":"","site-content-style":"default","site-sidebar-style":"default","ast-global-header-display":"","ast-banner-title-visibility":"","ast-main-header-display":"","ast-hfb-above-header-display":"","ast-hfb-below-header-display":"","ast-hfb-mobile-header-display":"","site-post-title":"","ast-breadcrumbs-content":"","ast-featured-img":"","footer-sml-layout":"","theme-transparent-header-meta":"","adv-header-id-meta":"","stick-header-meta":"","header-above-stick-meta":"","header-main-stick-meta":"","header-below-stick-meta":"","astra-migrate-meta-layouts":"default","ast-page-background-enabled":"default","ast-page-background-meta":{"desktop":{"background-color":"var(--ast-global-color-4)","background-image":"","background-repeat":"repeat","background-position":"center center","background-size":"auto","background-attachment":"scroll","background-type":"","background-media":"","overlay-type":"","overlay-color":"","overlay-opacity":"","overlay-gradient":""},"tablet":{"background-color":"","background-image":"","background-repeat":"repeat","background-position":"center center","background-size":"auto","background-attachment":"scroll","background-type":"","background-media":"","overlay-type":"","overlay-color":"","overlay-opacity":"","overlay-gradient":""},"mobile":{"background-color":"","background-image":"","background-repeat":"repeat","background-position":"center center","background-size":"auto","background-attachment":"scroll","background-type":"","background-media":"","overlay-type":"","overlay-color":"","overlay-opacity":"","overlay-gradient":""}},"ast-content-background-meta":{"desktop":{"background-color":"var(--ast-global-color-5)","background-image":"","background-repeat":"repeat","background-position":"center center","background-size":"auto","background-attachment":"scroll","background-type":"","background-media":"","overlay-type":"","overlay-color":"","overlay-opacity":"","overlay-gradient":""},"tablet":{"background-color":"var(--ast-global-color-5)","background-image":"","background-repeat":"repeat","background-position":"center center","background-size":"auto","background-attachment":"scroll","background-type":"","background-media":"","overlay-type":"","overlay-color":"","overlay-opacity":"","overlay-gradient":""},"mobile":{"background-color":"var(--ast-global-color-5)","background-image":"","background-repeat":"repeat","background-position":"center center","background-size":"auto","background-attachment":"scroll","background-type":"","background-media":"","overlay-type":"","overlay-color":"","overlay-opacity":"","overlay-gradient":""}},"footnotes":""},"categories":[78,1,76],"tags":[71,70,94],"class_list":["post-1080","post","type-post","status-publish","format-standard","has-post-thumbnail","hentry","category-1r-eso","category-general","category-secundaria-2","tag-1r-eso","tag-secundaria","tag-valors"],"post_mailing_queue_ids":[],"_links":{"self":[{"href":"https:\/\/agora.xtec.cat\/escolanouclave\/wp-json\/wp\/v2\/posts\/1080","targetHints":{"allow":["GET"]}}],"collection":[{"href":"https:\/\/agora.xtec.cat\/escolanouclave\/wp-json\/wp\/v2\/posts"}],"about":[{"href":"https:\/\/agora.xtec.cat\/escolanouclave\/wp-json\/wp\/v2\/types\/post"}],"author":[{"embeddable":true,"href":"https:\/\/agora.xtec.cat\/escolanouclave\/wp-json\/wp\/v2\/users\/4"}],"replies":[{"embeddable":true,"href":"https:\/\/agora.xtec.cat\/escolanouclave\/wp-json\/wp\/v2\/comments?post=1080"}],"version-history":[{"count":4,"href":"https:\/\/agora.xtec.cat\/escolanouclave\/wp-json\/wp\/v2\/posts\/1080\/revisions"}],"predecessor-version":[{"id":1165,"href":"https:\/\/agora.xtec.cat\/escolanouclave\/wp-json\/wp\/v2\/posts\/1080\/revisions\/1165"}],"wp:featuredmedia":[{"embeddable":true,"href":"https:\/\/agora.xtec.cat\/escolanouclave\/wp-json\/wp\/v2\/media\/1081"}],"wp:attachment":[{"href":"https:\/\/agora.xtec.cat\/escolanouclave\/wp-json\/wp\/v2\/media?parent=1080"}],"wp:term":[{"taxonomy":"category","embeddable":true,"href":"https:\/\/agora.xtec.cat\/escolanouclave\/wp-json\/wp\/v2\/categories?post=1080"},{"taxonomy":"post_tag","embeddable":true,"href":"https:\/\/agora.xtec.cat\/escolanouclave\/wp-json\/wp\/v2\/tags?post=1080"}],"curies":[{"name":"wp","href":"https:\/\/api.w.org\/{rel}","templated":true}]}}