{"id":10692,"date":"2023-02-25T18:15:44","date_gmt":"2023-02-25T17:15:44","guid":{"rendered":"https:\/\/agora.xtec.cat\/escolanouclave\/?p=10692"},"modified":"2023-02-25T18:15:44","modified_gmt":"2023-02-25T17:15:44","slug":"lectoescriptura-i5-a-partir-dels-noms-dels-planetes","status":"publish","type":"post","link":"https:\/\/agora.xtec.cat\/escolanouclave\/general\/lectoescriptura-i5-a-partir-dels-noms-dels-planetes\/","title":{"rendered":"LECTOESCRIPTURA I5 A PARTIR DELS NOMS DELS PLANETES"},"content":{"rendered":"<p>La classe d&#8217;I5 &#8220;ELS COCODRILS&#8221; hem realitzat un taller de lectoescriptura creativa i sensorial amb l&#8217;ajuda de l&#8217;escuma d&#8217;afaitar.<\/p>\n<p><a href=\"https:\/\/agora.xtec.cat\/escolanouclave\/wp-content\/uploads\/usu1363\/2023\/02\/IMG-20230225-WA0009.jpg\"><img loading=\"lazy\" decoding=\"async\" class=\"wp-image-10689 aligncenter\" src=\"https:\/\/agora.xtec.cat\/escolanouclave\/wp-content\/uploads\/usu1363\/2023\/02\/IMG-20230225-WA0009-1024x1008.jpg\" alt=\"\" width=\"506\" height=\"498\" srcset=\"https:\/\/agora.xtec.cat\/escolanouclave\/wp-content\/uploads\/usu1363\/2023\/02\/IMG-20230225-WA0009-1024x1008.jpg 1024w, https:\/\/agora.xtec.cat\/escolanouclave\/wp-content\/uploads\/usu1363\/2023\/02\/IMG-20230225-WA0009-300x295.jpg 300w, https:\/\/agora.xtec.cat\/escolanouclave\/wp-content\/uploads\/usu1363\/2023\/02\/IMG-20230225-WA0009-768x756.jpg 768w, https:\/\/agora.xtec.cat\/escolanouclave\/wp-content\/uploads\/usu1363\/2023\/02\/IMG-20230225-WA0009.jpg 1170w\" sizes=\"auto, (max-width: 506px) 100vw, 506px\" \/><\/a><\/p>\n<p>Aix\u00ed que, amb les m\u00e0nigues ben amunt hem practicat la lletra lligada realitzant el grafisme dels diferents planetes.<\/p>\n<p>&nbsp;<\/p>\n<p><a href=\"https:\/\/agora.xtec.cat\/escolanouclave\/wp-content\/uploads\/usu1363\/2023\/02\/IMG-20230225-WA0006.jpg\"><img loading=\"lazy\" decoding=\"async\" class=\"wp-image-10691 alignnone\" src=\"https:\/\/agora.xtec.cat\/escolanouclave\/wp-content\/uploads\/usu1363\/2023\/02\/IMG-20230225-WA0006-1024x1016.jpg\" alt=\"\" width=\"291\" height=\"289\" srcset=\"https:\/\/agora.xtec.cat\/escolanouclave\/wp-content\/uploads\/usu1363\/2023\/02\/IMG-20230225-WA0006-1024x1016.jpg 1024w, https:\/\/agora.xtec.cat\/escolanouclave\/wp-content\/uploads\/usu1363\/2023\/02\/IMG-20230225-WA0006-300x298.jpg 300w, https:\/\/agora.xtec.cat\/escolanouclave\/wp-content\/uploads\/usu1363\/2023\/02\/IMG-20230225-WA0006-150x150.jpg 150w, https:\/\/agora.xtec.cat\/escolanouclave\/wp-content\/uploads\/usu1363\/2023\/02\/IMG-20230225-WA0006-768x762.jpg 768w, https:\/\/agora.xtec.cat\/escolanouclave\/wp-content\/uploads\/usu1363\/2023\/02\/IMG-20230225-WA0006.jpg 1170w\" sizes=\"auto, (max-width: 291px) 100vw, 291px\" \/><\/a><a href=\"https:\/\/agora.xtec.cat\/escolanouclave\/wp-content\/uploads\/usu1363\/2023\/02\/IMG-20230225-WA0007-1.jpg\"><img loading=\"lazy\" decoding=\"async\" class=\"wp-image-10695 alignright\" src=\"https:\/\/agora.xtec.cat\/escolanouclave\/wp-content\/uploads\/usu1363\/2023\/02\/IMG-20230225-WA0007-1-1024x1014.jpg\" alt=\"\" width=\"434\" height=\"430\" srcset=\"https:\/\/agora.xtec.cat\/escolanouclave\/wp-content\/uploads\/usu1363\/2023\/02\/IMG-20230225-WA0007-1-1024x1014.jpg 1024w, https:\/\/agora.xtec.cat\/escolanouclave\/wp-content\/uploads\/usu1363\/2023\/02\/IMG-20230225-WA0007-1-300x297.jpg 300w, https:\/\/agora.xtec.cat\/escolanouclave\/wp-content\/uploads\/usu1363\/2023\/02\/IMG-20230225-WA0007-1-150x150.jpg 150w, https:\/\/agora.xtec.cat\/escolanouclave\/wp-content\/uploads\/usu1363\/2023\/02\/IMG-20230225-WA0007-1-768x761.jpg 768w, https:\/\/agora.xtec.cat\/escolanouclave\/wp-content\/uploads\/usu1363\/2023\/02\/IMG-20230225-WA0007-1.jpg 1170w\" sizes=\"auto, (max-width: 434px) 100vw, 434px\" \/><\/a><\/p>\n<p>Qu\u00e8 n&#8217;\u00e9s de divertit posar en pr\u00e0ctica el que anem aprenent en el nostre projecte &#8220;L&#8217;UNIVERS&#8221;.<\/p>\n","protected":false},"excerpt":{"rendered":"<p>La classe d&#8217;I5 &#8220;ELS COCODRILS&#8221; hem realitzat un taller de lectoescriptura creativa i sensorial amb l&#8217;ajuda de l&#8217;escuma d&#8217;afaitar. Aix\u00ed que, amb les m\u00e0nigues ben amunt hem practicat la lletra lligada realitzant el grafisme dels diferents planetes. &nbsp; Qu\u00e8 n&#8217;\u00e9s de divertit posar en pr\u00e0ctica el que anem aprenent en el nostre projecte &#8220;L&#8217;UNIVERS&#8221;.<\/p>\n","protected":false},"author":1,"featured_media":10688,"comment_status":"open","ping_status":"closed","sticky":false,"template":"","format":"standard","meta":{"_bbp_topic_count":0,"_bbp_reply_count":0,"_bbp_total_topic_count":0,"_bbp_total_reply_count":0,"_bbp_voice_count":0,"_bbp_anonymous_reply_count":0,"_bbp_topic_count_hidden":0,"_bbp_reply_count_hidden":0,"_bbp_forum_subforum_count":0,"site-sidebar-layout":"default","site-content-layout":"","ast-site-content-layout":"","site-content-style":"default","site-sidebar-style":"default","ast-global-header-display":"","ast-banner-title-visibility":"","ast-main-header-display":"","ast-hfb-above-header-display":"","ast-hfb-below-header-display":"","ast-hfb-mobile-header-display":"","site-post-title":"","ast-breadcrumbs-content":"","ast-featured-img":"","footer-sml-layout":"","theme-transparent-header-meta":"","adv-header-id-meta":"","stick-header-meta":"","header-above-stick-meta":"","header-main-stick-meta":"","header-below-stick-meta":"","astra-migrate-meta-layouts":"default","ast-page-background-enabled":"default","ast-page-background-meta":{"desktop":{"background-color":"var(--ast-global-color-4)","background-image":"","background-repeat":"repeat","background-position":"center center","background-size":"auto","background-attachment":"scroll","background-type":"","background-media":"","overlay-type":"","overlay-color":"","overlay-opacity":"","overlay-gradient":""},"tablet":{"background-color":"","background-image":"","background-repeat":"repeat","background-position":"center center","background-size":"auto","background-attachment":"scroll","background-type":"","background-media":"","overlay-type":"","overlay-color":"","overlay-opacity":"","overlay-gradient":""},"mobile":{"background-color":"","background-image":"","background-repeat":"repeat","background-position":"center center","background-size":"auto","background-attachment":"scroll","background-type":"","background-media":"","overlay-type":"","overlay-color":"","overlay-opacity":"","overlay-gradient":""}},"ast-content-background-meta":{"desktop":{"background-color":"var(--ast-global-color-5)","background-image":"","background-repeat":"repeat","background-position":"center center","background-size":"auto","background-attachment":"scroll","background-type":"","background-media":"","overlay-type":"","overlay-color":"","overlay-opacity":"","overlay-gradient":""},"tablet":{"background-color":"var(--ast-global-color-5)","background-image":"","background-repeat":"repeat","background-position":"center center","background-size":"auto","background-attachment":"scroll","background-type":"","background-media":"","overlay-type":"","overlay-color":"","overlay-opacity":"","overlay-gradient":""},"mobile":{"background-color":"var(--ast-global-color-5)","background-image":"","background-repeat":"repeat","background-position":"center center","background-size":"auto","background-attachment":"scroll","background-type":"","background-media":"","overlay-type":"","overlay-color":"","overlay-opacity":"","overlay-gradient":""}},"footnotes":""},"categories":[1,2,98],"tags":[1076,1078,399],"class_list":["post-10692","post","type-post","status-publish","format-standard","has-post-thumbnail","hentry","category-general","category-infantil","category-p5-infantil","tag-aprenentatge-significatiu","tag-grafisme","tag-lectoescriptura"],"post_mailing_queue_ids":[],"_links":{"self":[{"href":"https:\/\/agora.xtec.cat\/escolanouclave\/wp-json\/wp\/v2\/posts\/10692","targetHints":{"allow":["GET"]}}],"collection":[{"href":"https:\/\/agora.xtec.cat\/escolanouclave\/wp-json\/wp\/v2\/posts"}],"about":[{"href":"https:\/\/agora.xtec.cat\/escolanouclave\/wp-json\/wp\/v2\/types\/post"}],"author":[{"embeddable":true,"href":"https:\/\/agora.xtec.cat\/escolanouclave\/wp-json\/wp\/v2\/users\/1"}],"replies":[{"embeddable":true,"href":"https:\/\/agora.xtec.cat\/escolanouclave\/wp-json\/wp\/v2\/comments?post=10692"}],"version-history":[{"count":3,"href":"https:\/\/agora.xtec.cat\/escolanouclave\/wp-json\/wp\/v2\/posts\/10692\/revisions"}],"predecessor-version":[{"id":10696,"href":"https:\/\/agora.xtec.cat\/escolanouclave\/wp-json\/wp\/v2\/posts\/10692\/revisions\/10696"}],"wp:featuredmedia":[{"embeddable":true,"href":"https:\/\/agora.xtec.cat\/escolanouclave\/wp-json\/wp\/v2\/media\/10688"}],"wp:attachment":[{"href":"https:\/\/agora.xtec.cat\/escolanouclave\/wp-json\/wp\/v2\/media?parent=10692"}],"wp:term":[{"taxonomy":"category","embeddable":true,"href":"https:\/\/agora.xtec.cat\/escolanouclave\/wp-json\/wp\/v2\/categories?post=10692"},{"taxonomy":"post_tag","embeddable":true,"href":"https:\/\/agora.xtec.cat\/escolanouclave\/wp-json\/wp\/v2\/tags?post=10692"}],"curies":[{"name":"wp","href":"https:\/\/api.w.org\/{rel}","templated":true}]}}