{"id":10668,"date":"2023-02-28T09:19:21","date_gmt":"2023-02-28T08:19:21","guid":{"rendered":"https:\/\/agora.xtec.cat\/escolanouclave\/?p=10668"},"modified":"2023-02-28T09:19:38","modified_gmt":"2023-02-28T08:19:38","slug":"espais-daprenentatge","status":"publish","type":"post","link":"https:\/\/agora.xtec.cat\/escolanouclave\/general\/espais-daprenentatge\/","title":{"rendered":"ESPAIS D&#8217;APRENENTATGE &#8211; PRIM\u00c0RIA"},"content":{"rendered":"<p><img loading=\"lazy\" decoding=\"async\" class=\"aligncenter\" src=\"https:\/\/www.upadpsicologiacoaching.com\/wp-content\/uploads\/2019\/05\/Gamificacio%CC%81n-el-aprendizaje-divertido-a-trave%CC%81s-del-juego-680x377.png\" alt=\"Gamificaci\u00f3n: el aprendizaje divertido a trav\u00e9s del juego - UPAD\" width=\"409\" height=\"227\" \/><\/p>\n<p>A prim\u00e0ria, des de l&#8217;alumnat m\u00e9s petit fins als m\u00e9s grans, els dimecres al mat\u00ed treballem per ESPAIS D&#8217;APRENENTATGE.<\/p>\n<p>Amb aquesta proposta treballem diferents compet\u00e8ncies clau per al desenvolupament del nostre alumnat.<\/p>\n<p>Cada setmana, tots els cursos gaudeixen d&#8217;un dels espais que oferim:<\/p>\n<p><strong>Espai Rodoreda (ling\u00fc\u00edstic):<\/strong><\/p>\n<p><a href=\"https:\/\/agora.xtec.cat\/escolanouclave\/wp-content\/uploads\/usu1363\/2023\/02\/CARTELLS-ESPAIS.png\"><img loading=\"lazy\" decoding=\"async\" class=\"wp-image-10669 alignleft\" src=\"https:\/\/agora.xtec.cat\/escolanouclave\/wp-content\/uploads\/usu1363\/2023\/02\/CARTELLS-ESPAIS-724x1024.png\" alt=\"\" width=\"213\" height=\"301\" srcset=\"https:\/\/agora.xtec.cat\/escolanouclave\/wp-content\/uploads\/usu1363\/2023\/02\/CARTELLS-ESPAIS-724x1024.png 724w, https:\/\/agora.xtec.cat\/escolanouclave\/wp-content\/uploads\/usu1363\/2023\/02\/CARTELLS-ESPAIS-212x300.png 212w, https:\/\/agora.xtec.cat\/escolanouclave\/wp-content\/uploads\/usu1363\/2023\/02\/CARTELLS-ESPAIS-768x1086.png 768w, https:\/\/agora.xtec.cat\/escolanouclave\/wp-content\/uploads\/usu1363\/2023\/02\/CARTELLS-ESPAIS-1086x1536.png 1086w, https:\/\/agora.xtec.cat\/escolanouclave\/wp-content\/uploads\/usu1363\/2023\/02\/CARTELLS-ESPAIS-1448x2048.png 1448w, https:\/\/agora.xtec.cat\/escolanouclave\/wp-content\/uploads\/usu1363\/2023\/02\/CARTELLS-ESPAIS.png 1587w\" sizes=\"auto, (max-width: 213px) 100vw, 213px\" \/><\/a><\/p>\n<p>&nbsp;<\/p>\n<p>&#8211; Mostrar inter\u00e8s i curiositat per la lectura en general<\/p>\n<p>&#8211; Ser capa\u00e7 d&#8217;escoltar textos orals i comprendre&#8217;ls<\/p>\n<p>&#8211; Con\u00e8ixer nou vocabulari<\/p>\n<p>&#8211; Refor\u00e7ar l&#8217;aprenentatge de l&#8217;ortografia<\/p>\n<p>&#8211; Treballar l&#8217;escriptura de textos des de diferents punts de vista<\/p>\n<p>&nbsp;<\/p>\n<p>&nbsp;<\/p>\n<p><strong>Espai Pit\u00e0gores (matem\u00e0tic):<\/strong><\/p>\n<p><a href=\"https:\/\/agora.xtec.cat\/escolanouclave\/wp-content\/uploads\/usu1363\/2023\/02\/CARTELLS-ESPAIS-1-1.png\"><img loading=\"lazy\" decoding=\"async\" class=\"wp-image-10671 alignleft\" src=\"https:\/\/agora.xtec.cat\/escolanouclave\/wp-content\/uploads\/usu1363\/2023\/02\/CARTELLS-ESPAIS-1-1-724x1024.png\" alt=\"\" width=\"212\" height=\"300\" srcset=\"https:\/\/agora.xtec.cat\/escolanouclave\/wp-content\/uploads\/usu1363\/2023\/02\/CARTELLS-ESPAIS-1-1-724x1024.png 724w, https:\/\/agora.xtec.cat\/escolanouclave\/wp-content\/uploads\/usu1363\/2023\/02\/CARTELLS-ESPAIS-1-1-212x300.png 212w, https:\/\/agora.xtec.cat\/escolanouclave\/wp-content\/uploads\/usu1363\/2023\/02\/CARTELLS-ESPAIS-1-1-768x1086.png 768w, https:\/\/agora.xtec.cat\/escolanouclave\/wp-content\/uploads\/usu1363\/2023\/02\/CARTELLS-ESPAIS-1-1-1086x1536.png 1086w, https:\/\/agora.xtec.cat\/escolanouclave\/wp-content\/uploads\/usu1363\/2023\/02\/CARTELLS-ESPAIS-1-1-1448x2048.png 1448w, https:\/\/agora.xtec.cat\/escolanouclave\/wp-content\/uploads\/usu1363\/2023\/02\/CARTELLS-ESPAIS-1-1.png 1587w\" sizes=\"auto, (max-width: 212px) 100vw, 212px\" \/><\/a><\/p>\n<p>&nbsp;<\/p>\n<p>&nbsp;<\/p>\n<p>&#8211; Treballar les matem\u00e0tiques de manera l\u00fadica i manipulativa<\/p>\n<p>&#8211; Fomentar la recerca d&#8217;estrat\u00e8gies per trobar respostes<\/p>\n<p>&#8211; Refor\u00e7ar els aprenentatges previs de manera cooperativa<\/p>\n<p>&#8211; Construir nocions de l\u00f2gica matem\u00e0tica<\/p>\n<p>&nbsp;<\/p>\n<p>&nbsp;<\/p>\n<p><strong>Espai Gaud\u00ed (construccions):<\/strong><\/p>\n<p><a href=\"https:\/\/agora.xtec.cat\/escolanouclave\/wp-content\/uploads\/usu1363\/2023\/02\/CARTELLS-ESPAIS-2.png\"><img loading=\"lazy\" decoding=\"async\" class=\"wp-image-10672 alignleft\" src=\"https:\/\/agora.xtec.cat\/escolanouclave\/wp-content\/uploads\/usu1363\/2023\/02\/CARTELLS-ESPAIS-2-724x1024.png\" alt=\"\" width=\"215\" height=\"304\" srcset=\"https:\/\/agora.xtec.cat\/escolanouclave\/wp-content\/uploads\/usu1363\/2023\/02\/CARTELLS-ESPAIS-2-724x1024.png 724w, https:\/\/agora.xtec.cat\/escolanouclave\/wp-content\/uploads\/usu1363\/2023\/02\/CARTELLS-ESPAIS-2-212x300.png 212w, https:\/\/agora.xtec.cat\/escolanouclave\/wp-content\/uploads\/usu1363\/2023\/02\/CARTELLS-ESPAIS-2-768x1086.png 768w, https:\/\/agora.xtec.cat\/escolanouclave\/wp-content\/uploads\/usu1363\/2023\/02\/CARTELLS-ESPAIS-2-1086x1536.png 1086w, https:\/\/agora.xtec.cat\/escolanouclave\/wp-content\/uploads\/usu1363\/2023\/02\/CARTELLS-ESPAIS-2-1448x2048.png 1448w, https:\/\/agora.xtec.cat\/escolanouclave\/wp-content\/uploads\/usu1363\/2023\/02\/CARTELLS-ESPAIS-2.png 1587w\" sizes=\"auto, (max-width: 215px) 100vw, 215px\" \/><\/a><\/p>\n<p>&nbsp;<\/p>\n<p>&nbsp;<\/p>\n<p>&#8211; Fomentar el treball en grup<\/p>\n<p>&#8211; Estimular la creativitat<\/p>\n<p>&#8211; Identificar figures geom\u00e8triques i altres conceptes matem\u00e0tics<\/p>\n<p>&#8211; Construir objectes bidimensionals i tridimensionals en funci\u00f3 d&#8217;una idea o objectiu<\/p>\n<p>&nbsp;<\/p>\n<p>&nbsp;<\/p>\n<p><strong>Espai Thunberg (naturalista):<\/strong><\/p>\n<p><a href=\"https:\/\/agora.xtec.cat\/escolanouclave\/wp-content\/uploads\/usu1363\/2023\/02\/CARTELLS-ESPAIS-4.png\"><img loading=\"lazy\" decoding=\"async\" class=\"wp-image-10674 alignleft\" src=\"https:\/\/agora.xtec.cat\/escolanouclave\/wp-content\/uploads\/usu1363\/2023\/02\/CARTELLS-ESPAIS-4-724x1024.png\" alt=\"\" width=\"216\" height=\"305\" srcset=\"https:\/\/agora.xtec.cat\/escolanouclave\/wp-content\/uploads\/usu1363\/2023\/02\/CARTELLS-ESPAIS-4-724x1024.png 724w, https:\/\/agora.xtec.cat\/escolanouclave\/wp-content\/uploads\/usu1363\/2023\/02\/CARTELLS-ESPAIS-4-212x300.png 212w, https:\/\/agora.xtec.cat\/escolanouclave\/wp-content\/uploads\/usu1363\/2023\/02\/CARTELLS-ESPAIS-4-768x1086.png 768w, https:\/\/agora.xtec.cat\/escolanouclave\/wp-content\/uploads\/usu1363\/2023\/02\/CARTELLS-ESPAIS-4-1086x1536.png 1086w, https:\/\/agora.xtec.cat\/escolanouclave\/wp-content\/uploads\/usu1363\/2023\/02\/CARTELLS-ESPAIS-4-1448x2048.png 1448w, https:\/\/agora.xtec.cat\/escolanouclave\/wp-content\/uploads\/usu1363\/2023\/02\/CARTELLS-ESPAIS-4.png 1587w\" sizes=\"auto, (max-width: 216px) 100vw, 216px\" \/><\/a><\/p>\n<p>&nbsp;<\/p>\n<p>&nbsp;<\/p>\n<p>&#8211; Fomentar l&#8217;experimentaci\u00f3, indagaci\u00f3 i descoberta en l&#8217;aprenentatge de les ci\u00e8ncies<\/p>\n<p>&#8211; Entendre la import\u00e0ncia del reciclatge i fomentar el seu aprenentatge i \u00fas<\/p>\n<p>&#8211; Treballar a trav\u00e9s del m\u00e8tode cient\u00edfic<\/p>\n<p>&#8211; Estimular el fet de fer-se preguntes i trobar possibles respostes<\/p>\n<p>&nbsp;<\/p>\n<p>&nbsp;<\/p>\n<p><strong>Espai Dal\u00ed (art\u00edstic):<\/strong><\/p>\n<p><a href=\"https:\/\/agora.xtec.cat\/escolanouclave\/wp-content\/uploads\/usu1363\/2023\/02\/CARTELLS-ESPAIS-3.png\"><img loading=\"lazy\" decoding=\"async\" class=\"wp-image-10675 alignleft\" src=\"https:\/\/agora.xtec.cat\/escolanouclave\/wp-content\/uploads\/usu1363\/2023\/02\/CARTELLS-ESPAIS-3-724x1024.png\" alt=\"\" width=\"219\" height=\"309\" srcset=\"https:\/\/agora.xtec.cat\/escolanouclave\/wp-content\/uploads\/usu1363\/2023\/02\/CARTELLS-ESPAIS-3-724x1024.png 724w, https:\/\/agora.xtec.cat\/escolanouclave\/wp-content\/uploads\/usu1363\/2023\/02\/CARTELLS-ESPAIS-3-212x300.png 212w, https:\/\/agora.xtec.cat\/escolanouclave\/wp-content\/uploads\/usu1363\/2023\/02\/CARTELLS-ESPAIS-3-768x1086.png 768w, https:\/\/agora.xtec.cat\/escolanouclave\/wp-content\/uploads\/usu1363\/2023\/02\/CARTELLS-ESPAIS-3-1086x1536.png 1086w, https:\/\/agora.xtec.cat\/escolanouclave\/wp-content\/uploads\/usu1363\/2023\/02\/CARTELLS-ESPAIS-3-1448x2048.png 1448w, https:\/\/agora.xtec.cat\/escolanouclave\/wp-content\/uploads\/usu1363\/2023\/02\/CARTELLS-ESPAIS-3.png 1587w\" sizes=\"auto, (max-width: 219px) 100vw, 219px\" \/><\/a><\/p>\n<p>&nbsp;<\/p>\n<p>&nbsp;<\/p>\n<p>&#8211; Explorar i con\u00e8ixer materials, instruments i t\u00e8cniques art\u00edstiques diverses<\/p>\n<p>&#8211; Potenciar la creativitat i originalitat en les seves creacions<\/p>\n<p>&#8211; Treballar el respecte vers el material i les pr\u00f2pies creacions<\/p>\n<p>&#8211; Exercitaci\u00f3 de destreses i habilitats manuals: retallar, arrugar, punxar, pintar, enganxar&#8230;<\/p>\n<p>&nbsp;<\/p>\n<p>&nbsp;<\/p>\n<p>Com heu pogut veure, cada ESPAI D&#8217;APRENENTATGE t\u00e9 uns objectius concrets, per\u00f2 treballar amb aquesta metodologia ens permet, entre altres:<\/p>\n<ul>\n<li>Afavorir la presa de decisions<\/li>\n<li>Adquirir nous aprenentatges de manera l\u00fadica i motivadora<\/li>\n<li>Treballar en calma i amb consci\u00e8ncia<\/li>\n<li>Fomentar el treball cooperatiu<\/li>\n<li>Ser i actuar cada vegada de manera m\u00e9s aut\u00f2noma<\/li>\n<li>Aprendre amb i a trav\u00e9s dels companys i companyes<\/li>\n<li>Desenvolupar habilitats de comunicaci\u00f3, expressi\u00f3, comprensi\u00f3 i representaci\u00f3<\/li>\n<li>Fomentar la responsabilitat en l&#8217;\u00fas de materials compartits i la netedat en recollir els materials de la sessi\u00f3<\/li>\n<\/ul>\n<p>Us deixem un petit v\u00eddeo resum perqu\u00e8 veieu un tastet del que fem als nostres ESPAIS D&#8217;APRENENTATGE:<\/p>\n<p><a href=\"https:\/\/www.youtube.com\/watch?v=HnSvuT6cwfc\">V\u00cdDEO<\/a><\/p>\n<p>&nbsp;<\/p>\n","protected":false},"excerpt":{"rendered":"<p>A prim\u00e0ria, des de l&#8217;alumnat m\u00e9s petit fins als m\u00e9s grans, els dimecres al mat\u00ed treballem per ESPAIS D&#8217;APRENENTATGE. Amb aquesta proposta treballem diferents compet\u00e8ncies clau per al desenvolupament del nostre alumnat. Cada setmana, tots els cursos gaudeixen d&#8217;un dels espais que oferim: Espai Rodoreda (ling\u00fc\u00edstic): &nbsp; &#8211; Mostrar inter\u00e8s i curiositat per la lectura [&hellip;]<\/p>\n","protected":false},"author":27,"featured_media":10678,"comment_status":"open","ping_status":"closed","sticky":false,"template":"","format":"standard","meta":{"_bbp_topic_count":0,"_bbp_reply_count":0,"_bbp_total_topic_count":0,"_bbp_total_reply_count":0,"_bbp_voice_count":0,"_bbp_anonymous_reply_count":0,"_bbp_topic_count_hidden":0,"_bbp_reply_count_hidden":0,"_bbp_forum_subforum_count":0,"site-sidebar-layout":"default","site-content-layout":"","ast-site-content-layout":"","site-content-style":"default","site-sidebar-style":"default","ast-global-header-display":"","ast-banner-title-visibility":"","ast-main-header-display":"","ast-hfb-above-header-display":"","ast-hfb-below-header-display":"","ast-hfb-mobile-header-display":"","site-post-title":"","ast-breadcrumbs-content":"","ast-featured-img":"","footer-sml-layout":"","theme-transparent-header-meta":"","adv-header-id-meta":"","stick-header-meta":"","header-above-stick-meta":"","header-main-stick-meta":"","header-below-stick-meta":"","astra-migrate-meta-layouts":"default","ast-page-background-enabled":"default","ast-page-background-meta":{"desktop":{"background-color":"var(--ast-global-color-4)","background-image":"","background-repeat":"repeat","background-position":"center center","background-size":"auto","background-attachment":"scroll","background-type":"","background-media":"","overlay-type":"","overlay-color":"","overlay-opacity":"","overlay-gradient":""},"tablet":{"background-color":"","background-image":"","background-repeat":"repeat","background-position":"center center","background-size":"auto","background-attachment":"scroll","background-type":"","background-media":"","overlay-type":"","overlay-color":"","overlay-opacity":"","overlay-gradient":""},"mobile":{"background-color":"","background-image":"","background-repeat":"repeat","background-position":"center center","background-size":"auto","background-attachment":"scroll","background-type":"","background-media":"","overlay-type":"","overlay-color":"","overlay-opacity":"","overlay-gradient":""}},"ast-content-background-meta":{"desktop":{"background-color":"var(--ast-global-color-5)","background-image":"","background-repeat":"repeat","background-position":"center center","background-size":"auto","background-attachment":"scroll","background-type":"","background-media":"","overlay-type":"","overlay-color":"","overlay-opacity":"","overlay-gradient":""},"tablet":{"background-color":"var(--ast-global-color-5)","background-image":"","background-repeat":"repeat","background-position":"center center","background-size":"auto","background-attachment":"scroll","background-type":"","background-media":"","overlay-type":"","overlay-color":"","overlay-opacity":"","overlay-gradient":""},"mobile":{"background-color":"var(--ast-global-color-5)","background-image":"","background-repeat":"repeat","background-position":"center center","background-size":"auto","background-attachment":"scroll","background-type":"","background-media":"","overlay-type":"","overlay-color":"","overlay-opacity":"","overlay-gradient":""}},"footnotes":""},"categories":[10,11,12,13,14,15,1],"tags":[1077,1076,1044],"class_list":["post-10668","post","type-post","status-publish","format-standard","has-post-thumbnail","hentry","category-1r","category-2n","category-3r","category-4t","category-5e","category-6e","category-general","tag-aprenentatge-cooperatiu","tag-aprenentatge-significatiu","tag-espais-daprenentatge"],"post_mailing_queue_ids":[],"_links":{"self":[{"href":"https:\/\/agora.xtec.cat\/escolanouclave\/wp-json\/wp\/v2\/posts\/10668","targetHints":{"allow":["GET"]}}],"collection":[{"href":"https:\/\/agora.xtec.cat\/escolanouclave\/wp-json\/wp\/v2\/posts"}],"about":[{"href":"https:\/\/agora.xtec.cat\/escolanouclave\/wp-json\/wp\/v2\/types\/post"}],"author":[{"embeddable":true,"href":"https:\/\/agora.xtec.cat\/escolanouclave\/wp-json\/wp\/v2\/users\/27"}],"replies":[{"embeddable":true,"href":"https:\/\/agora.xtec.cat\/escolanouclave\/wp-json\/wp\/v2\/comments?post=10668"}],"version-history":[{"count":3,"href":"https:\/\/agora.xtec.cat\/escolanouclave\/wp-json\/wp\/v2\/posts\/10668\/revisions"}],"predecessor-version":[{"id":10720,"href":"https:\/\/agora.xtec.cat\/escolanouclave\/wp-json\/wp\/v2\/posts\/10668\/revisions\/10720"}],"wp:featuredmedia":[{"embeddable":true,"href":"https:\/\/agora.xtec.cat\/escolanouclave\/wp-json\/wp\/v2\/media\/10678"}],"wp:attachment":[{"href":"https:\/\/agora.xtec.cat\/escolanouclave\/wp-json\/wp\/v2\/media?parent=10668"}],"wp:term":[{"taxonomy":"category","embeddable":true,"href":"https:\/\/agora.xtec.cat\/escolanouclave\/wp-json\/wp\/v2\/categories?post=10668"},{"taxonomy":"post_tag","embeddable":true,"href":"https:\/\/agora.xtec.cat\/escolanouclave\/wp-json\/wp\/v2\/tags?post=10668"}],"curies":[{"name":"wp","href":"https:\/\/api.w.org\/{rel}","templated":true}]}}