{"id":10608,"date":"2023-02-14T13:37:51","date_gmt":"2023-02-14T12:37:51","guid":{"rendered":"https:\/\/agora.xtec.cat\/escolanouclave\/?p=10608"},"modified":"2024-09-09T16:30:56","modified_gmt":"2024-09-09T14:30:56","slug":"educacio-infantil-visita-al-museu-abello-lautoretrat","status":"publish","type":"post","link":"https:\/\/agora.xtec.cat\/escolanouclave\/general\/educacio-infantil-visita-al-museu-abello-lautoretrat\/","title":{"rendered":"EDUCACI\u00d3 INFANTIL: VISITA AL MUSEU ABELL\u00d3. L&#8217;AUTORETRAT."},"content":{"rendered":"<p>La passada setmana els infants d&#8217; Educaci\u00f3 Infantil vam visitar el Museu Abell\u00f3 per endinsar-nos en el m\u00f3n de l&#8217;autoretrat a partir de l&#8217;exposici\u00f3: La col.lecci\u00f3 viscuda, la vida pintada. Abell\u00f3 100 anys<\/p>\n<p>L&#8217;objectiu de la visita, va ser que els infants prenguessin consci\u00e8ncia d&#8217;un mateix i aix\u00ed, experimentar el concepte d\u00eddentitat, l&#8217;autoconeixement del seu propi cos, com tamb\u00e9 les expressions i els sentiments divertint-se alhora. Des de l&#8217;Eduaci\u00f3 infantil \u00e9s un concepte que es treballa d\u00eda a d\u00eda.<\/p>\n<p>Aquesta visita s&#8217;inclou en el projecte d&#8217;innovaci\u00f3 pedag\u00f2gica Apadrinem el nostre patrimoni.<\/p>\n<p>&nbsp;<\/p>\n<p><a href=\"https:\/\/agora.xtec.cat\/escolanouclave\/wp-content\/uploads\/usu1363\/2023\/02\/IMG-20230213-WA0028.jpg\"><img loading=\"lazy\" decoding=\"async\" class=\"alignnone wp-image-10621\" src=\"https:\/\/agora.xtec.cat\/escolanouclave\/wp-content\/uploads\/usu1363\/2023\/02\/IMG-20230213-WA0028-768x1024.jpg\" alt=\"\" width=\"407\" height=\"543\" srcset=\"https:\/\/agora.xtec.cat\/escolanouclave\/wp-content\/uploads\/usu1363\/2023\/02\/IMG-20230213-WA0028-768x1024.jpg 768w, https:\/\/agora.xtec.cat\/escolanouclave\/wp-content\/uploads\/usu1363\/2023\/02\/IMG-20230213-WA0028-225x300.jpg 225w, https:\/\/agora.xtec.cat\/escolanouclave\/wp-content\/uploads\/usu1363\/2023\/02\/IMG-20230213-WA0028-1152x1536.jpg 1152w, https:\/\/agora.xtec.cat\/escolanouclave\/wp-content\/uploads\/usu1363\/2023\/02\/IMG-20230213-WA0028.jpg 1200w\" sizes=\"auto, (max-width: 407px) 100vw, 407px\" \/> <\/a><a href=\"https:\/\/agora.xtec.cat\/escolanouclave\/wp-content\/uploads\/usu1363\/2023\/02\/IMG-20230213-WA0034.jpg\"><img loading=\"lazy\" decoding=\"async\" class=\"alignnone wp-image-10625\" src=\"https:\/\/agora.xtec.cat\/escolanouclave\/wp-content\/uploads\/usu1363\/2023\/02\/IMG-20230213-WA0034-768x1024.jpg\" alt=\"\" width=\"407\" height=\"543\" srcset=\"https:\/\/agora.xtec.cat\/escolanouclave\/wp-content\/uploads\/usu1363\/2023\/02\/IMG-20230213-WA0034-768x1024.jpg 768w, https:\/\/agora.xtec.cat\/escolanouclave\/wp-content\/uploads\/usu1363\/2023\/02\/IMG-20230213-WA0034-225x300.jpg 225w, https:\/\/agora.xtec.cat\/escolanouclave\/wp-content\/uploads\/usu1363\/2023\/02\/IMG-20230213-WA0034-1152x1536.jpg 1152w, https:\/\/agora.xtec.cat\/escolanouclave\/wp-content\/uploads\/usu1363\/2023\/02\/IMG-20230213-WA0034.jpg 1200w\" sizes=\"auto, (max-width: 407px) 100vw, 407px\" \/><\/a><\/p>\n<p><a href=\"https:\/\/agora.xtec.cat\/escolanouclave\/wp-content\/uploads\/usu1363\/2023\/02\/IMG-20230213-WA0032.jpg\"><img loading=\"lazy\" decoding=\"async\" class=\"alignnone wp-image-10622\" src=\"https:\/\/agora.xtec.cat\/escolanouclave\/wp-content\/uploads\/usu1363\/2023\/02\/IMG-20230213-WA0032-1024x768.jpg\" alt=\"\" width=\"820\" height=\"615\" srcset=\"https:\/\/agora.xtec.cat\/escolanouclave\/wp-content\/uploads\/usu1363\/2023\/02\/IMG-20230213-WA0032-1024x768.jpg 1024w, https:\/\/agora.xtec.cat\/escolanouclave\/wp-content\/uploads\/usu1363\/2023\/02\/IMG-20230213-WA0032-300x225.jpg 300w, https:\/\/agora.xtec.cat\/escolanouclave\/wp-content\/uploads\/usu1363\/2023\/02\/IMG-20230213-WA0032-768x576.jpg 768w, https:\/\/agora.xtec.cat\/escolanouclave\/wp-content\/uploads\/usu1363\/2023\/02\/IMG-20230213-WA0032-1536x1152.jpg 1536w, https:\/\/agora.xtec.cat\/escolanouclave\/wp-content\/uploads\/usu1363\/2023\/02\/IMG-20230213-WA0032-200x150.jpg 200w, https:\/\/agora.xtec.cat\/escolanouclave\/wp-content\/uploads\/usu1363\/2023\/02\/IMG-20230213-WA0032.jpg 1600w\" sizes=\"auto, (max-width: 820px) 100vw, 820px\" \/><\/a><\/p>\n<p><a href=\"https:\/\/agora.xtec.cat\/escolanouclave\/wp-content\/uploads\/usu1363\/2023\/02\/IMG-20230213-WA0026.jpg\"><img loading=\"lazy\" decoding=\"async\" class=\"alignnone wp-image-10626\" src=\"https:\/\/agora.xtec.cat\/escolanouclave\/wp-content\/uploads\/usu1363\/2023\/02\/IMG-20230213-WA0026-1024x768.jpg\" alt=\"\" width=\"822\" height=\"616\" srcset=\"https:\/\/agora.xtec.cat\/escolanouclave\/wp-content\/uploads\/usu1363\/2023\/02\/IMG-20230213-WA0026-1024x768.jpg 1024w, https:\/\/agora.xtec.cat\/escolanouclave\/wp-content\/uploads\/usu1363\/2023\/02\/IMG-20230213-WA0026-300x225.jpg 300w, https:\/\/agora.xtec.cat\/escolanouclave\/wp-content\/uploads\/usu1363\/2023\/02\/IMG-20230213-WA0026-768x576.jpg 768w, https:\/\/agora.xtec.cat\/escolanouclave\/wp-content\/uploads\/usu1363\/2023\/02\/IMG-20230213-WA0026-1536x1152.jpg 1536w, https:\/\/agora.xtec.cat\/escolanouclave\/wp-content\/uploads\/usu1363\/2023\/02\/IMG-20230213-WA0026-200x150.jpg 200w, https:\/\/agora.xtec.cat\/escolanouclave\/wp-content\/uploads\/usu1363\/2023\/02\/IMG-20230213-WA0026.jpg 1600w\" sizes=\"auto, (max-width: 822px) 100vw, 822px\" \/><\/a><\/p>\n<p>&nbsp;<\/p>\n<p>&nbsp;<\/p>\n","protected":false},"excerpt":{"rendered":"<p>La passada setmana els infants d&#8217; Educaci\u00f3 Infantil vam visitar el Museu Abell\u00f3 per endinsar-nos en el m\u00f3n de l&#8217;autoretrat a partir de l&#8217;exposici\u00f3: La col.lecci\u00f3 viscuda, la vida pintada. Abell\u00f3 100 anys L&#8217;objectiu de la visita, va ser que els infants prenguessin consci\u00e8ncia d&#8217;un mateix i aix\u00ed, experimentar el concepte d\u00eddentitat, l&#8217;autoconeixement del seu [&hellip;]<\/p>\n","protected":false},"author":1,"featured_media":10618,"comment_status":"open","ping_status":"closed","sticky":false,"template":"","format":"standard","meta":{"_bbp_topic_count":0,"_bbp_reply_count":0,"_bbp_total_topic_count":0,"_bbp_total_reply_count":0,"_bbp_voice_count":0,"_bbp_anonymous_reply_count":0,"_bbp_topic_count_hidden":0,"_bbp_reply_count_hidden":0,"_bbp_forum_subforum_count":0,"site-sidebar-layout":"default","site-content-layout":"","ast-site-content-layout":"","site-content-style":"default","site-sidebar-style":"default","ast-global-header-display":"","ast-banner-title-visibility":"","ast-main-header-display":"","ast-hfb-above-header-display":"","ast-hfb-below-header-display":"","ast-hfb-mobile-header-display":"","site-post-title":"","ast-breadcrumbs-content":"","ast-featured-img":"","footer-sml-layout":"","theme-transparent-header-meta":"","adv-header-id-meta":"","stick-header-meta":"","header-above-stick-meta":"","header-main-stick-meta":"","header-below-stick-meta":"","astra-migrate-meta-layouts":"default","ast-page-background-enabled":"default","ast-page-background-meta":{"desktop":{"background-color":"var(--ast-global-color-4)","background-image":"","background-repeat":"repeat","background-position":"center center","background-size":"auto","background-attachment":"scroll","background-type":"","background-media":"","overlay-type":"","overlay-color":"","overlay-opacity":"","overlay-gradient":""},"tablet":{"background-color":"","background-image":"","background-repeat":"repeat","background-position":"center center","background-size":"auto","background-attachment":"scroll","background-type":"","background-media":"","overlay-type":"","overlay-color":"","overlay-opacity":"","overlay-gradient":""},"mobile":{"background-color":"","background-image":"","background-repeat":"repeat","background-position":"center center","background-size":"auto","background-attachment":"scroll","background-type":"","background-media":"","overlay-type":"","overlay-color":"","overlay-opacity":"","overlay-gradient":""}},"ast-content-background-meta":{"desktop":{"background-color":"var(--ast-global-color-5)","background-image":"","background-repeat":"repeat","background-position":"center center","background-size":"auto","background-attachment":"scroll","background-type":"","background-media":"","overlay-type":"","overlay-color":"","overlay-opacity":"","overlay-gradient":""},"tablet":{"background-color":"var(--ast-global-color-5)","background-image":"","background-repeat":"repeat","background-position":"center center","background-size":"auto","background-attachment":"scroll","background-type":"","background-media":"","overlay-type":"","overlay-color":"","overlay-opacity":"","overlay-gradient":""},"mobile":{"background-color":"var(--ast-global-color-5)","background-image":"","background-repeat":"repeat","background-position":"center center","background-size":"auto","background-attachment":"scroll","background-type":"","background-media":"","overlay-type":"","overlay-color":"","overlay-opacity":"","overlay-gradient":""}},"footnotes":""},"categories":[1018,1,2,1031],"tags":[1067,1069,1068,557,1073],"class_list":["post-10608","post","type-post","status-publish","format-standard","has-post-thumbnail","hentry","category-apadrinem-patrimoni","category-general","category-infantil","category-projectes-dinnovacio-pedagogica","tag-autoretrat","tag-consciencia-dun-mateix","tag-identitat","tag-llenguatge-plastic","tag-museu-abello"],"post_mailing_queue_ids":[],"_links":{"self":[{"href":"https:\/\/agora.xtec.cat\/escolanouclave\/wp-json\/wp\/v2\/posts\/10608","targetHints":{"allow":["GET"]}}],"collection":[{"href":"https:\/\/agora.xtec.cat\/escolanouclave\/wp-json\/wp\/v2\/posts"}],"about":[{"href":"https:\/\/agora.xtec.cat\/escolanouclave\/wp-json\/wp\/v2\/types\/post"}],"author":[{"embeddable":true,"href":"https:\/\/agora.xtec.cat\/escolanouclave\/wp-json\/wp\/v2\/users\/1"}],"replies":[{"embeddable":true,"href":"https:\/\/agora.xtec.cat\/escolanouclave\/wp-json\/wp\/v2\/comments?post=10608"}],"version-history":[{"count":3,"href":"https:\/\/agora.xtec.cat\/escolanouclave\/wp-json\/wp\/v2\/posts\/10608\/revisions"}],"predecessor-version":[{"id":10635,"href":"https:\/\/agora.xtec.cat\/escolanouclave\/wp-json\/wp\/v2\/posts\/10608\/revisions\/10635"}],"wp:featuredmedia":[{"embeddable":true,"href":"https:\/\/agora.xtec.cat\/escolanouclave\/wp-json\/wp\/v2\/media\/10618"}],"wp:attachment":[{"href":"https:\/\/agora.xtec.cat\/escolanouclave\/wp-json\/wp\/v2\/media?parent=10608"}],"wp:term":[{"taxonomy":"category","embeddable":true,"href":"https:\/\/agora.xtec.cat\/escolanouclave\/wp-json\/wp\/v2\/categories?post=10608"},{"taxonomy":"post_tag","embeddable":true,"href":"https:\/\/agora.xtec.cat\/escolanouclave\/wp-json\/wp\/v2\/tags?post=10608"}],"curies":[{"name":"wp","href":"https:\/\/api.w.org\/{rel}","templated":true}]}}