{"id":10588,"date":"2023-02-09T08:36:27","date_gmt":"2023-02-09T07:36:27","guid":{"rendered":"https:\/\/agora.xtec.cat\/escolanouclave\/?p=10588"},"modified":"2023-02-09T08:39:17","modified_gmt":"2023-02-09T07:39:17","slug":"dia-de-la-internet-segura-2023","status":"publish","type":"post","link":"https:\/\/agora.xtec.cat\/escolanouclave\/general\/dia-de-la-internet-segura-2023\/","title":{"rendered":"Dia de la Internet Segura 2023"},"content":{"rendered":"<p><a href=\"https:\/\/agora.xtec.cat\/escolanouclave\/wp-content\/uploads\/usu1363\/2023\/02\/IMG-20230207-WA0013.jpg\"><img loading=\"lazy\" decoding=\"async\" class=\" wp-image-10589 alignleft\" src=\"https:\/\/agora.xtec.cat\/escolanouclave\/wp-content\/uploads\/usu1363\/2023\/02\/IMG-20230207-WA0013-768x1024.jpg\" alt=\"\" width=\"349\" height=\"465\" srcset=\"https:\/\/agora.xtec.cat\/escolanouclave\/wp-content\/uploads\/usu1363\/2023\/02\/IMG-20230207-WA0013-768x1024.jpg 768w, https:\/\/agora.xtec.cat\/escolanouclave\/wp-content\/uploads\/usu1363\/2023\/02\/IMG-20230207-WA0013-225x300.jpg 225w, https:\/\/agora.xtec.cat\/escolanouclave\/wp-content\/uploads\/usu1363\/2023\/02\/IMG-20230207-WA0013-1152x1536.jpg 1152w, https:\/\/agora.xtec.cat\/escolanouclave\/wp-content\/uploads\/usu1363\/2023\/02\/IMG-20230207-WA0013.jpg 1536w\" sizes=\"auto, (max-width: 349px) 100vw, 349px\" \/><\/a>El 7 de febrer de 2023 s&#8217;ha celebrat el Dia de la Internet Segura, una iniciativa que promou el bon \u00fas de les tecnologies digitals, sobretot entre infants i adolescents. Aquesta campanya \u00e9s impulsada per la xarxa <a title=\"Web INSAFE\" href=\"http:\/\/www.saferinternet.org\/\">INSAFE\/INHOPE<\/a> i compta amb el recolzament de la Comissi\u00f3 Europea. En aquesta ocasi\u00f3 sota el lema &#8220;Junts per una Internet Millor (Together for a better internet)&#8221;. Com \u00e9s habitual en el nostre centre, l&#8217;alumnat de l&#8217;escola ha participat d&#8217;aquesta celebraci\u00f3, durant la qual ha pogut aprofundir els seus coneixements i riscos sobre els bons i mals usos de l&#8217;internet. Durant la jornada, l&#8217;alumnat ha reflexionat sobre alguns dels perills de les xarxes i la sobreexposici\u00f3 a internet i la import\u00e0ncia de la ciberseguretat i la protecci\u00f3 de les dades personals. En els diversos tallers l&#8217;alumnat ha realitzat activitats adaptades segons el nivell educatiu. Properament podreu veure alguns dels v\u00eddeos, p\u00f2sters i altres materials que han confeccionat els m\u00e9s grans amb l&#8217;objectiu de promoure un \u00fas saludable de l&#8217;internet.<\/p>\n<p>Amb algunes de les activitats proposadasew l\u2019alumnat ha pogut treballar algunes de les accions pel bon manteniment de l\u2019ordinador, especialment les relacionades amb els usuaris i les contrasenyes. A partir d\u2019aqu\u00ed, l\u2019activitat s\u2019ha,\u00a0 centrat en la import\u00e0ncia de triar noms d\u2019usuari correctes i el manteniment de contrasenyes segures i instranferibles, ni tan sols als amics, ja que aquest gest pot propiciar la suplantaci\u00f3 d\u2019identitat, que esdev\u00e9 un atac contra la privacitat i tanmateix un delicte. En altres casos s&#8217;han treballat<span style=\"font-family: inherit; font-size: 1em;\"> els comportaments poc saludables i desitjables digitalment. A partir del visionat d\u2019uns v\u00eddeos, l&#8217;alumnat va poder identificar problemes i assetjaments propis de les xarxes socials i l\u2019internet en general, com ara el <\/span><em style=\"font-family: inherit; font-size: 1em;\">sexting<\/em><span style=\"font-family: inherit; font-size: 1em;\">, el\u00a0<\/span><em style=\"font-family: inherit; font-size: 1em;\">ciberbullying<\/em><span style=\"font-family: inherit; font-size: 1em;\">, el\u00a0<\/span><em style=\"font-family: inherit; font-size: 1em;\">griefing<\/em><span style=\"font-family: inherit; font-size: 1em;\">\u00a0,el\u00a0<\/span><em style=\"font-family: inherit; font-size: 1em;\">trolling<\/em><span style=\"font-family: inherit; font-size: 1em;\">\u00a0o el\u00a0<\/span><em style=\"font-family: inherit; font-size: 1em;\">groming<\/em><span style=\"font-family: inherit; font-size: 1em;\">. Despr\u00e9s de la seva explicaci\u00f3 i el debat que aquestes pr\u00e0ctiques puguin generar, \u00e9s important que l\u2019alumnat aprengui a recon\u00e8ixer cada cas i com ha d\u2019actuar en cas de trobar-se davant d\u2019un cas dels presentats a l\u2019aula.<\/span><\/p>\n","protected":false},"excerpt":{"rendered":"<p>El 7 de febrer de 2023 s&#8217;ha celebrat el Dia de la Internet Segura, una iniciativa que promou el bon \u00fas de les tecnologies digitals, sobretot entre infants i adolescents. Aquesta campanya \u00e9s impulsada per la xarxa INSAFE\/INHOPE i compta amb el recolzament de la Comissi\u00f3 Europea. En aquesta ocasi\u00f3 sota el lema &#8220;Junts per [&hellip;]<\/p>\n","protected":false},"author":1,"featured_media":10591,"comment_status":"open","ping_status":"closed","sticky":false,"template":"","format":"standard","meta":{"_bbp_topic_count":0,"_bbp_reply_count":0,"_bbp_total_topic_count":0,"_bbp_total_reply_count":0,"_bbp_voice_count":0,"_bbp_anonymous_reply_count":0,"_bbp_topic_count_hidden":0,"_bbp_reply_count_hidden":0,"_bbp_forum_subforum_count":0,"site-sidebar-layout":"default","site-content-layout":"","ast-site-content-layout":"","site-content-style":"default","site-sidebar-style":"default","ast-global-header-display":"","ast-banner-title-visibility":"","ast-main-header-display":"","ast-hfb-above-header-display":"","ast-hfb-below-header-display":"","ast-hfb-mobile-header-display":"","site-post-title":"","ast-breadcrumbs-content":"","ast-featured-img":"","footer-sml-layout":"","theme-transparent-header-meta":"","adv-header-id-meta":"","stick-header-meta":"","header-above-stick-meta":"","header-main-stick-meta":"","header-below-stick-meta":"","astra-migrate-meta-layouts":"default","ast-page-background-enabled":"default","ast-page-background-meta":{"desktop":{"background-color":"var(--ast-global-color-4)","background-image":"","background-repeat":"repeat","background-position":"center center","background-size":"auto","background-attachment":"scroll","background-type":"","background-media":"","overlay-type":"","overlay-color":"","overlay-opacity":"","overlay-gradient":""},"tablet":{"background-color":"","background-image":"","background-repeat":"repeat","background-position":"center center","background-size":"auto","background-attachment":"scroll","background-type":"","background-media":"","overlay-type":"","overlay-color":"","overlay-opacity":"","overlay-gradient":""},"mobile":{"background-color":"","background-image":"","background-repeat":"repeat","background-position":"center center","background-size":"auto","background-attachment":"scroll","background-type":"","background-media":"","overlay-type":"","overlay-color":"","overlay-opacity":"","overlay-gradient":""}},"ast-content-background-meta":{"desktop":{"background-color":"var(--ast-global-color-5)","background-image":"","background-repeat":"repeat","background-position":"center center","background-size":"auto","background-attachment":"scroll","background-type":"","background-media":"","overlay-type":"","overlay-color":"","overlay-opacity":"","overlay-gradient":""},"tablet":{"background-color":"var(--ast-global-color-5)","background-image":"","background-repeat":"repeat","background-position":"center center","background-size":"auto","background-attachment":"scroll","background-type":"","background-media":"","overlay-type":"","overlay-color":"","overlay-opacity":"","overlay-gradient":""},"mobile":{"background-color":"var(--ast-global-color-5)","background-image":"","background-repeat":"repeat","background-position":"center center","background-size":"auto","background-attachment":"scroll","background-type":"","background-media":"","overlay-type":"","overlay-color":"","overlay-opacity":"","overlay-gradient":""}},"footnotes":""},"categories":[1],"tags":[],"class_list":["post-10588","post","type-post","status-publish","format-standard","has-post-thumbnail","hentry","category-general"],"post_mailing_queue_ids":[],"_links":{"self":[{"href":"https:\/\/agora.xtec.cat\/escolanouclave\/wp-json\/wp\/v2\/posts\/10588","targetHints":{"allow":["GET"]}}],"collection":[{"href":"https:\/\/agora.xtec.cat\/escolanouclave\/wp-json\/wp\/v2\/posts"}],"about":[{"href":"https:\/\/agora.xtec.cat\/escolanouclave\/wp-json\/wp\/v2\/types\/post"}],"author":[{"embeddable":true,"href":"https:\/\/agora.xtec.cat\/escolanouclave\/wp-json\/wp\/v2\/users\/1"}],"replies":[{"embeddable":true,"href":"https:\/\/agora.xtec.cat\/escolanouclave\/wp-json\/wp\/v2\/comments?post=10588"}],"version-history":[{"count":2,"href":"https:\/\/agora.xtec.cat\/escolanouclave\/wp-json\/wp\/v2\/posts\/10588\/revisions"}],"predecessor-version":[{"id":10593,"href":"https:\/\/agora.xtec.cat\/escolanouclave\/wp-json\/wp\/v2\/posts\/10588\/revisions\/10593"}],"wp:featuredmedia":[{"embeddable":true,"href":"https:\/\/agora.xtec.cat\/escolanouclave\/wp-json\/wp\/v2\/media\/10591"}],"wp:attachment":[{"href":"https:\/\/agora.xtec.cat\/escolanouclave\/wp-json\/wp\/v2\/media?parent=10588"}],"wp:term":[{"taxonomy":"category","embeddable":true,"href":"https:\/\/agora.xtec.cat\/escolanouclave\/wp-json\/wp\/v2\/categories?post=10588"},{"taxonomy":"post_tag","embeddable":true,"href":"https:\/\/agora.xtec.cat\/escolanouclave\/wp-json\/wp\/v2\/tags?post=10588"}],"curies":[{"name":"wp","href":"https:\/\/api.w.org\/{rel}","templated":true}]}}