{"id":10551,"date":"2023-01-31T13:44:58","date_gmt":"2023-01-31T12:44:58","guid":{"rendered":"https:\/\/agora.xtec.cat\/escolanouclave\/?p=10551"},"modified":"2023-01-31T13:45:30","modified_gmt":"2023-01-31T12:45:30","slug":"30-de-gener-dia-escolar-de-la-no-violencia-i-la-pau","status":"publish","type":"post","link":"https:\/\/agora.xtec.cat\/escolanouclave\/general\/30-de-gener-dia-escolar-de-la-no-violencia-i-la-pau\/","title":{"rendered":"30 de gener: Dia Escolar de la No-viol\u00e8ncia i la Pau."},"content":{"rendered":"<p><a href=\"https:\/\/agora.xtec.cat\/escolanouclave\/wp-content\/uploads\/usu1363\/2023\/01\/IMG-20230130-WA0007.jpg\"><img loading=\"lazy\" decoding=\"async\" class=\" wp-image-10552 alignleft\" src=\"https:\/\/agora.xtec.cat\/escolanouclave\/wp-content\/uploads\/usu1363\/2023\/01\/IMG-20230130-WA0007-768x1024.jpg\" alt=\"\" width=\"417\" height=\"556\" srcset=\"https:\/\/agora.xtec.cat\/escolanouclave\/wp-content\/uploads\/usu1363\/2023\/01\/IMG-20230130-WA0007-768x1024.jpg 768w, https:\/\/agora.xtec.cat\/escolanouclave\/wp-content\/uploads\/usu1363\/2023\/01\/IMG-20230130-WA0007-225x300.jpg 225w, https:\/\/agora.xtec.cat\/escolanouclave\/wp-content\/uploads\/usu1363\/2023\/01\/IMG-20230130-WA0007-1152x1536.jpg 1152w, https:\/\/agora.xtec.cat\/escolanouclave\/wp-content\/uploads\/usu1363\/2023\/01\/IMG-20230130-WA0007.jpg 1536w\" sizes=\"auto, (max-width: 417px) 100vw, 417px\" \/><\/a>L&#8217;alumnat del centre ha participat avui en la celebraci\u00f3 del Dia Escolar de la No-viol\u00e8ncia i la Pau. Aquesta iniciativa, va n\u00e9ixer el 1964 a mans del poeta i educador Lloren\u00e7 Vidal i Vidal, i es practica a escoles de tot el m\u00f3n el 30 de gener per commemorar l&#8217;aniversari de la mort de Gandhi.<br \/>\nDins del marc d&#8217;aquesta celebraci\u00f3, l&#8217;alumnat ha deixat els seus missatges i dibuixos per la pau en un mural de l&#8217;entrada de l&#8217;escola. Amb aquesta pr\u00e0ctica simb\u00f2lica s&#8217;aporta un granet m\u00e9s en el cam\u00ed cap a una educaci\u00f3 basada en la pau, la conc\u00f2rdia, el respecte als drets humans i la toler\u00e0ncia.<\/p>\n<p>Els objectius del Dia Escolar de la No-viol\u00e8ncia i la Pau s\u00f3n:<\/p>\n<p>-Sensibilitzar que la pau \u00e9s molt m\u00e9s que l&#8217;abs\u00e8ncia de guerres i baralles.<br \/>\n-Con\u00e8ixer i familiaritzar-se amb els conceptes d&#8217;amor universal, de no-viol\u00e8ncia i de pau positiva, aix\u00ed com amb els procediments de reivindicaci\u00f3 no-violenta dels drets humans.<br \/>\n-Con\u00e8ixer persones i\/o grups que lluiten per la pau i la just\u00edcia al m\u00f3n.<br \/>\n-Saber resoldre els conflictes de manera pac\u00edfica i dialogant, \u00e9s a dir, expressant les opinions de forma tranquil\u00b7la, clara i ordenada.<br \/>\n-Compartir una estona amb tots els alumnes i mestres amb la finalitat de celebrar la diada de la no-viol\u00e8ncia i la pau.<\/p>\n","protected":false},"excerpt":{"rendered":"<p>L&#8217;alumnat del centre ha participat avui en la celebraci\u00f3 del Dia Escolar de la No-viol\u00e8ncia i la Pau. Aquesta iniciativa, va n\u00e9ixer el 1964 a mans del poeta i educador Lloren\u00e7 Vidal i Vidal, i es practica a escoles de tot el m\u00f3n el 30 de gener per commemorar l&#8217;aniversari de la mort de Gandhi. [&hellip;]<\/p>\n","protected":false},"author":1,"featured_media":10552,"comment_status":"open","ping_status":"closed","sticky":false,"template":"","format":"standard","meta":{"_bbp_topic_count":0,"_bbp_reply_count":0,"_bbp_total_topic_count":0,"_bbp_total_reply_count":0,"_bbp_voice_count":0,"_bbp_anonymous_reply_count":0,"_bbp_topic_count_hidden":0,"_bbp_reply_count_hidden":0,"_bbp_forum_subforum_count":0,"site-sidebar-layout":"default","site-content-layout":"","ast-site-content-layout":"","site-content-style":"default","site-sidebar-style":"default","ast-global-header-display":"","ast-banner-title-visibility":"","ast-main-header-display":"","ast-hfb-above-header-display":"","ast-hfb-below-header-display":"","ast-hfb-mobile-header-display":"","site-post-title":"","ast-breadcrumbs-content":"","ast-featured-img":"","footer-sml-layout":"","theme-transparent-header-meta":"","adv-header-id-meta":"","stick-header-meta":"","header-above-stick-meta":"","header-main-stick-meta":"","header-below-stick-meta":"","astra-migrate-meta-layouts":"default","ast-page-background-enabled":"default","ast-page-background-meta":{"desktop":{"background-color":"var(--ast-global-color-4)","background-image":"","background-repeat":"repeat","background-position":"center center","background-size":"auto","background-attachment":"scroll","background-type":"","background-media":"","overlay-type":"","overlay-color":"","overlay-opacity":"","overlay-gradient":""},"tablet":{"background-color":"","background-image":"","background-repeat":"repeat","background-position":"center center","background-size":"auto","background-attachment":"scroll","background-type":"","background-media":"","overlay-type":"","overlay-color":"","overlay-opacity":"","overlay-gradient":""},"mobile":{"background-color":"","background-image":"","background-repeat":"repeat","background-position":"center center","background-size":"auto","background-attachment":"scroll","background-type":"","background-media":"","overlay-type":"","overlay-color":"","overlay-opacity":"","overlay-gradient":""}},"ast-content-background-meta":{"desktop":{"background-color":"var(--ast-global-color-5)","background-image":"","background-repeat":"repeat","background-position":"center center","background-size":"auto","background-attachment":"scroll","background-type":"","background-media":"","overlay-type":"","overlay-color":"","overlay-opacity":"","overlay-gradient":""},"tablet":{"background-color":"var(--ast-global-color-5)","background-image":"","background-repeat":"repeat","background-position":"center center","background-size":"auto","background-attachment":"scroll","background-type":"","background-media":"","overlay-type":"","overlay-color":"","overlay-opacity":"","overlay-gradient":""},"mobile":{"background-color":"var(--ast-global-color-5)","background-image":"","background-repeat":"repeat","background-position":"center center","background-size":"auto","background-attachment":"scroll","background-type":"","background-media":"","overlay-type":"","overlay-color":"","overlay-opacity":"","overlay-gradient":""}},"footnotes":""},"categories":[1],"tags":[],"class_list":["post-10551","post","type-post","status-publish","format-standard","has-post-thumbnail","hentry","category-general"],"post_mailing_queue_ids":[],"_links":{"self":[{"href":"https:\/\/agora.xtec.cat\/escolanouclave\/wp-json\/wp\/v2\/posts\/10551","targetHints":{"allow":["GET"]}}],"collection":[{"href":"https:\/\/agora.xtec.cat\/escolanouclave\/wp-json\/wp\/v2\/posts"}],"about":[{"href":"https:\/\/agora.xtec.cat\/escolanouclave\/wp-json\/wp\/v2\/types\/post"}],"author":[{"embeddable":true,"href":"https:\/\/agora.xtec.cat\/escolanouclave\/wp-json\/wp\/v2\/users\/1"}],"replies":[{"embeddable":true,"href":"https:\/\/agora.xtec.cat\/escolanouclave\/wp-json\/wp\/v2\/comments?post=10551"}],"version-history":[{"count":2,"href":"https:\/\/agora.xtec.cat\/escolanouclave\/wp-json\/wp\/v2\/posts\/10551\/revisions"}],"predecessor-version":[{"id":10554,"href":"https:\/\/agora.xtec.cat\/escolanouclave\/wp-json\/wp\/v2\/posts\/10551\/revisions\/10554"}],"wp:featuredmedia":[{"embeddable":true,"href":"https:\/\/agora.xtec.cat\/escolanouclave\/wp-json\/wp\/v2\/media\/10552"}],"wp:attachment":[{"href":"https:\/\/agora.xtec.cat\/escolanouclave\/wp-json\/wp\/v2\/media?parent=10551"}],"wp:term":[{"taxonomy":"category","embeddable":true,"href":"https:\/\/agora.xtec.cat\/escolanouclave\/wp-json\/wp\/v2\/categories?post=10551"},{"taxonomy":"post_tag","embeddable":true,"href":"https:\/\/agora.xtec.cat\/escolanouclave\/wp-json\/wp\/v2\/tags?post=10551"}],"curies":[{"name":"wp","href":"https:\/\/api.w.org\/{rel}","templated":true}]}}