{"id":10511,"date":"2023-01-16T16:46:56","date_gmt":"2023-01-16T15:46:56","guid":{"rendered":"https:\/\/agora.xtec.cat\/escolanouclave\/?p=10511"},"modified":"2023-01-16T16:49:19","modified_gmt":"2023-01-16T15:49:19","slug":"eso-exposicio-la-colleccio-viscuda-la-vida-pintada-abello-100-anys","status":"publish","type":"post","link":"https:\/\/agora.xtec.cat\/escolanouclave\/general\/eso-exposicio-la-colleccio-viscuda-la-vida-pintada-abello-100-anys\/","title":{"rendered":"ESO. Visita a l&#8217;exposici\u00f3 &#8220;La col\u00b7lecci\u00f3 viscuda, la vida pintada. Abell\u00f3 100 anys.&#8221;"},"content":{"rendered":"<p class=\"CDt4Ke zfr3Q\" dir=\"ltr\">L&#8217;alumnat d&#8217;ESO ha participat en les visites comentades a l&#8217;exposici\u00f3 &#8220;La col\u00b7lecci\u00f3 viscuda, la vida pintada. Abell\u00f3 100 anys.&#8221; ubicada al Museu Abell\u00f3. Aquesta mostra, que marca el tret de sortida de l&#8217;Any Abell\u00f3, commemora el centenari del naixement del pintor mollet\u00e0.<\/p>\n<p class=\"CDt4Ke zfr3Q\" dir=\"ltr\">L\u2019exposici\u00f3 arrenca amb un objecte de la seva col\u00b7lecci\u00f3: una cadira de barberia, des d\u2019on assistim a la construcci\u00f3 del seu jo. Joan Abell\u00f3 s\u2019autoretrat\u00e0 sovint i deman\u00e0 tamb\u00e9 a centenars d\u2019artistes que el retratessin. Alguns d\u2019aquests retrats que habitualment habiten la Casa Museu s\u00f3n avui a l\u2019exposici\u00f3 com un mirall m\u00e9s. Com els seus referents, Joaquim Mir, Pere Pruna i Carles Pellicer, o el que \u00e9s el mateix, la sensualitat del color, el valor de la composici\u00f3 i l\u2019amor pel col\u00b7leccionisme.<\/p>\n<p class=\"CDt4Ke zfr3Q\" dir=\"ltr\">La seva fam\u00edlia, la seva casa, el seu primer estudi i l\u2019alzina de Can Magre, on tantes vegades s\u2019escap\u00e0 a pintar i on reb\u00e9 l\u2019homenatge dels seus amics el 1962, formen part tamb\u00e9 de la seva cartografia m\u00e9s estimada, com els caf\u00e8s i la seva passi\u00f3 pels escacs i el billar. Tots constru\u00efren el seu autoretrat. Com els viatges per tot el m\u00f3n. Com Mollet, un punt en el mapa on tornar sempre, per pintar la vida, per viure la col\u00b7lecci\u00f3.<\/p>\n<p class=\"CDt4Ke zfr3Q\" dir=\"ltr\"><a href=\"https:\/\/agora.xtec.cat\/escolanouclave\/wp-content\/uploads\/usu1363\/2023\/01\/20230112_110655-rotated.jpg\"><img loading=\"lazy\" decoding=\"async\" class=\"alignnone size-large wp-image-10512\" src=\"https:\/\/agora.xtec.cat\/escolanouclave\/wp-content\/uploads\/usu1363\/2023\/01\/20230112_110655-1024x1024.jpg\" alt=\"\" width=\"1024\" height=\"1024\" srcset=\"https:\/\/agora.xtec.cat\/escolanouclave\/wp-content\/uploads\/usu1363\/2023\/01\/20230112_110655-1024x1024.jpg 1024w, https:\/\/agora.xtec.cat\/escolanouclave\/wp-content\/uploads\/usu1363\/2023\/01\/20230112_110655-300x300.jpg 300w, https:\/\/agora.xtec.cat\/escolanouclave\/wp-content\/uploads\/usu1363\/2023\/01\/20230112_110655-150x150.jpg 150w, https:\/\/agora.xtec.cat\/escolanouclave\/wp-content\/uploads\/usu1363\/2023\/01\/20230112_110655-768x768.jpg 768w, https:\/\/agora.xtec.cat\/escolanouclave\/wp-content\/uploads\/usu1363\/2023\/01\/20230112_110655-1536x1536.jpg 1536w, https:\/\/agora.xtec.cat\/escolanouclave\/wp-content\/uploads\/usu1363\/2023\/01\/20230112_110655-rotated.jpg 1920w\" sizes=\"auto, (max-width: 1024px) 100vw, 1024px\" \/><\/a><\/p>\n","protected":false},"excerpt":{"rendered":"<p>L&#8217;alumnat d&#8217;ESO ha participat en les visites comentades a l&#8217;exposici\u00f3 &#8220;La col\u00b7lecci\u00f3 viscuda, la vida pintada. Abell\u00f3 100 anys.&#8221; ubicada al Museu Abell\u00f3. Aquesta mostra, que marca el tret de sortida de l&#8217;Any Abell\u00f3, commemora el centenari del naixement del pintor mollet\u00e0. L\u2019exposici\u00f3 arrenca amb un objecte de la seva col\u00b7lecci\u00f3: una cadira de barberia, [&hellip;]<\/p>\n","protected":false},"author":1,"featured_media":10512,"comment_status":"open","ping_status":"closed","sticky":false,"template":"","format":"standard","meta":{"_bbp_topic_count":0,"_bbp_reply_count":0,"_bbp_total_topic_count":0,"_bbp_total_reply_count":0,"_bbp_voice_count":0,"_bbp_anonymous_reply_count":0,"_bbp_topic_count_hidden":0,"_bbp_reply_count_hidden":0,"_bbp_forum_subforum_count":0,"site-sidebar-layout":"default","site-content-layout":"","ast-site-content-layout":"","site-content-style":"default","site-sidebar-style":"default","ast-global-header-display":"","ast-banner-title-visibility":"","ast-main-header-display":"","ast-hfb-above-header-display":"","ast-hfb-below-header-display":"","ast-hfb-mobile-header-display":"","site-post-title":"","ast-breadcrumbs-content":"","ast-featured-img":"","footer-sml-layout":"","theme-transparent-header-meta":"","adv-header-id-meta":"","stick-header-meta":"","header-above-stick-meta":"","header-main-stick-meta":"","header-below-stick-meta":"","astra-migrate-meta-layouts":"default","ast-page-background-enabled":"default","ast-page-background-meta":{"desktop":{"background-color":"var(--ast-global-color-4)","background-image":"","background-repeat":"repeat","background-position":"center center","background-size":"auto","background-attachment":"scroll","background-type":"","background-media":"","overlay-type":"","overlay-color":"","overlay-opacity":"","overlay-gradient":""},"tablet":{"background-color":"","background-image":"","background-repeat":"repeat","background-position":"center center","background-size":"auto","background-attachment":"scroll","background-type":"","background-media":"","overlay-type":"","overlay-color":"","overlay-opacity":"","overlay-gradient":""},"mobile":{"background-color":"","background-image":"","background-repeat":"repeat","background-position":"center center","background-size":"auto","background-attachment":"scroll","background-type":"","background-media":"","overlay-type":"","overlay-color":"","overlay-opacity":"","overlay-gradient":""}},"ast-content-background-meta":{"desktop":{"background-color":"var(--ast-global-color-5)","background-image":"","background-repeat":"repeat","background-position":"center center","background-size":"auto","background-attachment":"scroll","background-type":"","background-media":"","overlay-type":"","overlay-color":"","overlay-opacity":"","overlay-gradient":""},"tablet":{"background-color":"var(--ast-global-color-5)","background-image":"","background-repeat":"repeat","background-position":"center center","background-size":"auto","background-attachment":"scroll","background-type":"","background-media":"","overlay-type":"","overlay-color":"","overlay-opacity":"","overlay-gradient":""},"mobile":{"background-color":"var(--ast-global-color-5)","background-image":"","background-repeat":"repeat","background-position":"center center","background-size":"auto","background-attachment":"scroll","background-type":"","background-media":"","overlay-type":"","overlay-color":"","overlay-opacity":"","overlay-gradient":""}},"footnotes":""},"categories":[1],"tags":[],"class_list":["post-10511","post","type-post","status-publish","format-standard","has-post-thumbnail","hentry","category-general"],"post_mailing_queue_ids":[],"_links":{"self":[{"href":"https:\/\/agora.xtec.cat\/escolanouclave\/wp-json\/wp\/v2\/posts\/10511","targetHints":{"allow":["GET"]}}],"collection":[{"href":"https:\/\/agora.xtec.cat\/escolanouclave\/wp-json\/wp\/v2\/posts"}],"about":[{"href":"https:\/\/agora.xtec.cat\/escolanouclave\/wp-json\/wp\/v2\/types\/post"}],"author":[{"embeddable":true,"href":"https:\/\/agora.xtec.cat\/escolanouclave\/wp-json\/wp\/v2\/users\/1"}],"replies":[{"embeddable":true,"href":"https:\/\/agora.xtec.cat\/escolanouclave\/wp-json\/wp\/v2\/comments?post=10511"}],"version-history":[{"count":2,"href":"https:\/\/agora.xtec.cat\/escolanouclave\/wp-json\/wp\/v2\/posts\/10511\/revisions"}],"predecessor-version":[{"id":10514,"href":"https:\/\/agora.xtec.cat\/escolanouclave\/wp-json\/wp\/v2\/posts\/10511\/revisions\/10514"}],"wp:featuredmedia":[{"embeddable":true,"href":"https:\/\/agora.xtec.cat\/escolanouclave\/wp-json\/wp\/v2\/media\/10512"}],"wp:attachment":[{"href":"https:\/\/agora.xtec.cat\/escolanouclave\/wp-json\/wp\/v2\/media?parent=10511"}],"wp:term":[{"taxonomy":"category","embeddable":true,"href":"https:\/\/agora.xtec.cat\/escolanouclave\/wp-json\/wp\/v2\/categories?post=10511"},{"taxonomy":"post_tag","embeddable":true,"href":"https:\/\/agora.xtec.cat\/escolanouclave\/wp-json\/wp\/v2\/tags?post=10511"}],"curies":[{"name":"wp","href":"https:\/\/api.w.org\/{rel}","templated":true}]}}