{"id":10474,"date":"2022-12-20T12:04:23","date_gmt":"2022-12-20T11:04:23","guid":{"rendered":"https:\/\/agora.xtec.cat\/escolanouclave\/?p=10474"},"modified":"2022-12-20T15:45:55","modified_gmt":"2022-12-20T14:45:55","slug":"educacio-infantil-celebrem-el-nadal","status":"publish","type":"post","link":"https:\/\/agora.xtec.cat\/escolanouclave\/general\/educacio-infantil-celebrem-el-nadal\/","title":{"rendered":"EDUCACI\u00d3 INFANTIL:  Celebrem el Nadal !!!!"},"content":{"rendered":"<p><strong>Com ens agrada celebrar el Nadal!!\u00a0 <\/strong><\/p>\n<p>\u00c9s una de les celebracions en les que m\u00e9s gaudim: temps de compartir, cantar, pensar en com som i all\u00f2 que fem, oferim all\u00f2 que tenim als altres, ens retrobem amb la fam\u00edlia i amics,&#8230;<\/p>\n<p>A l\u00b4escola hem fet un munt d\u00b4activitats que ens ajuden a reflexionar, millorar la nostra manera de ser, divertir-nos, rebre i donar,&#8230;<\/p>\n<p>Vem anar a visitar el Pessebre del &#8220;Jardinet&#8221; acompanyats amb els companys de 6\u00e8 de Prim\u00e0ria. Com ens va agradar !!!<\/p>\n<p>Tan bon punt va comen\u00e7ar el desembre cada dia teniem un regal del calendari d\u00b4advent. Quina emoci\u00f3 !!!<\/p>\n<p>Hem ofert les nostres Nadales a dues Escoles Bressol de Mollet. Gaudim cantant a nenes i nens m\u00e9s petits que nosaltres. Sembla que no pugui ser !!!<\/p>\n<p>Hem preparat la Carta als Reis Mags amb l\u00b4ajuda d\u00b4alumnes de d\u00b4ESO. Quina bona ajuda hem tingut !!!<\/p>\n<p>Ens hem fet fotos amb els Patges Reials per tal de col.laborar amb els alumnes de 4rt. d\u00b4ESO. Quina emoci\u00f3 en donar-lis la carta !!!<\/p>\n<p>A l\u00b4escola ha vingut el Caga Ti\u00f3 i a la piscina tamb\u00e9 !!! Duia un barret de bany, unes ulleres,&#8230; Li vem cantar una can\u00e7\u00f3 s\u00faper b\u00e9 i ens va cagar llaminadures!!!<\/p>\n<p>I la manualitat que fem per la nostra famil\u00eda?\u00a0 Preciosa!\u00a0 L\u00b4hem tingut exposada durant aquests dies al passad\u00eds d\u00b4Infantil. Que bonica! Hi erem tots i totes: Crancs, Cuiners, Cocodrils i mestres!!\u00a0 Ens ha quedat preci\u00f3s!<\/p>\n<p>NADAL:\u00a0 dies de germanor, il.lusi\u00f3, nervissss&#8230;\u00a0 \u00a0A l\u00b4escola obrim la porta al NADAL per despr\u00e9s a les cases amb la fam\u00edlia disfrutar-lo molt i molt m\u00e9s.<\/p>\n<p><strong>A totes les fam\u00edlies de l\u00b4Anselm Clav\u00e9 QUE PASSEU\u00a0 UN\u00a0 MOLT\u00a0 BON\u00a0 NADAL\u00a0 !!!!!<\/strong><\/p>\n<p><a href=\"https:\/\/agora.xtec.cat\/escolanouclave\/wp-content\/uploads\/usu1363\/2022\/12\/Tio-a-l\u00b4escolasisiiiiiiiiii-rotated.jpg\"><img loading=\"lazy\" decoding=\"async\" class=\"wp-image-10484 aligncenter\" src=\"https:\/\/agora.xtec.cat\/escolanouclave\/wp-content\/uploads\/usu1363\/2022\/12\/Tio-a-l\u00b4escolasisiiiiiiiiii-1024x1024.jpg\" alt=\"\" width=\"401\" height=\"401\" srcset=\"https:\/\/agora.xtec.cat\/escolanouclave\/wp-content\/uploads\/usu1363\/2022\/12\/Tio-a-l\u00b4escolasisiiiiiiiiii-1024x1024.jpg 1024w, https:\/\/agora.xtec.cat\/escolanouclave\/wp-content\/uploads\/usu1363\/2022\/12\/Tio-a-l\u00b4escolasisiiiiiiiiii-300x300.jpg 300w, https:\/\/agora.xtec.cat\/escolanouclave\/wp-content\/uploads\/usu1363\/2022\/12\/Tio-a-l\u00b4escolasisiiiiiiiiii-150x150.jpg 150w, https:\/\/agora.xtec.cat\/escolanouclave\/wp-content\/uploads\/usu1363\/2022\/12\/Tio-a-l\u00b4escolasisiiiiiiiiii-768x768.jpg 768w, https:\/\/agora.xtec.cat\/escolanouclave\/wp-content\/uploads\/usu1363\/2022\/12\/Tio-a-l\u00b4escolasisiiiiiiiiii-1536x1536.jpg 1536w, https:\/\/agora.xtec.cat\/escolanouclave\/wp-content\/uploads\/usu1363\/2022\/12\/Tio-a-l\u00b4escolasisiiiiiiiiii-rotated.jpg 2048w\" sizes=\"auto, (max-width: 401px) 100vw, 401px\" \/><\/a><\/p>\n<p><a href=\"https:\/\/agora.xtec.cat\/escolanouclave\/wp-content\/uploads\/usu1363\/2022\/12\/carta-nens-siiiiiiiiiiii.jpg\"><img loading=\"lazy\" decoding=\"async\" class=\"wp-image-10485 alignright\" src=\"https:\/\/agora.xtec.cat\/escolanouclave\/wp-content\/uploads\/usu1363\/2022\/12\/carta-nens-siiiiiiiiiiii-1024x745.jpg\" alt=\"\" width=\"405\" height=\"295\" srcset=\"https:\/\/agora.xtec.cat\/escolanouclave\/wp-content\/uploads\/usu1363\/2022\/12\/carta-nens-siiiiiiiiiiii-1024x745.jpg 1024w, https:\/\/agora.xtec.cat\/escolanouclave\/wp-content\/uploads\/usu1363\/2022\/12\/carta-nens-siiiiiiiiiiii-300x218.jpg 300w, https:\/\/agora.xtec.cat\/escolanouclave\/wp-content\/uploads\/usu1363\/2022\/12\/carta-nens-siiiiiiiiiiii-768x559.jpg 768w, https:\/\/agora.xtec.cat\/escolanouclave\/wp-content\/uploads\/usu1363\/2022\/12\/carta-nens-siiiiiiiiiiii-1536x1118.jpg 1536w, https:\/\/agora.xtec.cat\/escolanouclave\/wp-content\/uploads\/usu1363\/2022\/12\/carta-nens-siiiiiiiiiiii.jpg 2000w\" sizes=\"auto, (max-width: 405px) 100vw, 405px\" \/><\/a> <a href=\"https:\/\/agora.xtec.cat\/escolanouclave\/wp-content\/uploads\/usu1363\/2022\/12\/guarde-siiiiiiiiiiiiiiiii.jpg\"><img loading=\"lazy\" decoding=\"async\" class=\"alignnone wp-image-10486\" src=\"https:\/\/agora.xtec.cat\/escolanouclave\/wp-content\/uploads\/usu1363\/2022\/12\/guarde-siiiiiiiiiiiiiiiii-1024x768.jpg\" alt=\"\" width=\"399\" height=\"299\" srcset=\"https:\/\/agora.xtec.cat\/escolanouclave\/wp-content\/uploads\/usu1363\/2022\/12\/guarde-siiiiiiiiiiiiiiiii-1024x768.jpg 1024w, https:\/\/agora.xtec.cat\/escolanouclave\/wp-content\/uploads\/usu1363\/2022\/12\/guarde-siiiiiiiiiiiiiiiii-300x225.jpg 300w, https:\/\/agora.xtec.cat\/escolanouclave\/wp-content\/uploads\/usu1363\/2022\/12\/guarde-siiiiiiiiiiiiiiiii-768x576.jpg 768w, https:\/\/agora.xtec.cat\/escolanouclave\/wp-content\/uploads\/usu1363\/2022\/12\/guarde-siiiiiiiiiiiiiiiii-1536x1152.jpg 1536w, https:\/\/agora.xtec.cat\/escolanouclave\/wp-content\/uploads\/usu1363\/2022\/12\/guarde-siiiiiiiiiiiiiiiii-200x150.jpg 200w, https:\/\/agora.xtec.cat\/escolanouclave\/wp-content\/uploads\/usu1363\/2022\/12\/guarde-siiiiiiiiiiiiiiiii.jpg 2000w\" sizes=\"auto, (max-width: 399px) 100vw, 399px\" \/><\/a><\/p>\n<p><a href=\"https:\/\/agora.xtec.cat\/escolanouclave\/wp-content\/uploads\/usu1363\/2022\/12\/guarde-si.jpg\"><img loading=\"lazy\" decoding=\"async\" class=\"wp-image-10482 aligncenter\" src=\"https:\/\/agora.xtec.cat\/escolanouclave\/wp-content\/uploads\/usu1363\/2022\/12\/guarde-si-1024x768.jpg\" alt=\"\" width=\"393\" height=\"295\" srcset=\"https:\/\/agora.xtec.cat\/escolanouclave\/wp-content\/uploads\/usu1363\/2022\/12\/guarde-si-1024x768.jpg 1024w, https:\/\/agora.xtec.cat\/escolanouclave\/wp-content\/uploads\/usu1363\/2022\/12\/guarde-si-300x225.jpg 300w, https:\/\/agora.xtec.cat\/escolanouclave\/wp-content\/uploads\/usu1363\/2022\/12\/guarde-si-768x576.jpg 768w, https:\/\/agora.xtec.cat\/escolanouclave\/wp-content\/uploads\/usu1363\/2022\/12\/guarde-si-1536x1152.jpg 1536w, https:\/\/agora.xtec.cat\/escolanouclave\/wp-content\/uploads\/usu1363\/2022\/12\/guarde-si-200x150.jpg 200w, https:\/\/agora.xtec.cat\/escolanouclave\/wp-content\/uploads\/usu1363\/2022\/12\/guarde-si.jpg 2000w\" sizes=\"auto, (max-width: 393px) 100vw, 393px\" \/><\/a><\/p>\n<p>&nbsp;<\/p>\n<p>&nbsp;<\/p>\n<p><a href=\"https:\/\/agora.xtec.cat\/escolanouclave\/wp-content\/uploads\/usu1363\/2022\/12\/calendari-d\u00b4advent-si-1-scaled.jpg\"><img loading=\"lazy\" decoding=\"async\" class=\"wp-image-10483 alignright\" src=\"https:\/\/agora.xtec.cat\/escolanouclave\/wp-content\/uploads\/usu1363\/2022\/12\/calendari-d\u00b4advent-si-1-768x1024.jpg\" alt=\"\" width=\"244\" height=\"326\" srcset=\"https:\/\/agora.xtec.cat\/escolanouclave\/wp-content\/uploads\/usu1363\/2022\/12\/calendari-d\u00b4advent-si-1-768x1024.jpg 768w, https:\/\/agora.xtec.cat\/escolanouclave\/wp-content\/uploads\/usu1363\/2022\/12\/calendari-d\u00b4advent-si-1-225x300.jpg 225w, https:\/\/agora.xtec.cat\/escolanouclave\/wp-content\/uploads\/usu1363\/2022\/12\/calendari-d\u00b4advent-si-1-1152x1536.jpg 1152w, https:\/\/agora.xtec.cat\/escolanouclave\/wp-content\/uploads\/usu1363\/2022\/12\/calendari-d\u00b4advent-si-1-1536x2048.jpg 1536w, https:\/\/agora.xtec.cat\/escolanouclave\/wp-content\/uploads\/usu1363\/2022\/12\/calendari-d\u00b4advent-si-1-scaled.jpg 1920w\" sizes=\"auto, (max-width: 244px) 100vw, 244px\" \/><\/a><a href=\"https:\/\/agora.xtec.cat\/escolanouclave\/wp-content\/uploads\/usu1363\/2022\/12\/piscina-tots-siiiiii.jpg\"><img loading=\"lazy\" decoding=\"async\" class=\"alignnone wp-image-10489\" src=\"https:\/\/agora.xtec.cat\/escolanouclave\/wp-content\/uploads\/usu1363\/2022\/12\/piscina-tots-siiiiii-1024x768.jpg\" alt=\"\" width=\"454\" height=\"341\" srcset=\"https:\/\/agora.xtec.cat\/escolanouclave\/wp-content\/uploads\/usu1363\/2022\/12\/piscina-tots-siiiiii-1024x768.jpg 1024w, https:\/\/agora.xtec.cat\/escolanouclave\/wp-content\/uploads\/usu1363\/2022\/12\/piscina-tots-siiiiii-300x225.jpg 300w, https:\/\/agora.xtec.cat\/escolanouclave\/wp-content\/uploads\/usu1363\/2022\/12\/piscina-tots-siiiiii-768x576.jpg 768w, https:\/\/agora.xtec.cat\/escolanouclave\/wp-content\/uploads\/usu1363\/2022\/12\/piscina-tots-siiiiii-1536x1152.jpg 1536w, https:\/\/agora.xtec.cat\/escolanouclave\/wp-content\/uploads\/usu1363\/2022\/12\/piscina-tots-siiiiii-2048x1536.jpg 2048w, https:\/\/agora.xtec.cat\/escolanouclave\/wp-content\/uploads\/usu1363\/2022\/12\/piscina-tots-siiiiii-200x150.jpg 200w\" sizes=\"auto, (max-width: 454px) 100vw, 454px\" \/><\/a><\/p>\n<p>&nbsp;<\/p>\n<p><a href=\"https:\/\/agora.xtec.cat\/escolanouclave\/wp-content\/uploads\/usu1363\/2022\/12\/tio-piscina-siiiii.jpg\"><img loading=\"lazy\" decoding=\"async\" class=\"wp-image-10487 aligncenter\" src=\"https:\/\/agora.xtec.cat\/escolanouclave\/wp-content\/uploads\/usu1363\/2022\/12\/tio-piscina-siiiii-1024x768.jpg\" alt=\"\" width=\"441\" height=\"331\" srcset=\"https:\/\/agora.xtec.cat\/escolanouclave\/wp-content\/uploads\/usu1363\/2022\/12\/tio-piscina-siiiii-1024x768.jpg 1024w, https:\/\/agora.xtec.cat\/escolanouclave\/wp-content\/uploads\/usu1363\/2022\/12\/tio-piscina-siiiii-300x225.jpg 300w, https:\/\/agora.xtec.cat\/escolanouclave\/wp-content\/uploads\/usu1363\/2022\/12\/tio-piscina-siiiii-768x576.jpg 768w, https:\/\/agora.xtec.cat\/escolanouclave\/wp-content\/uploads\/usu1363\/2022\/12\/tio-piscina-siiiii-1536x1152.jpg 1536w, https:\/\/agora.xtec.cat\/escolanouclave\/wp-content\/uploads\/usu1363\/2022\/12\/tio-piscina-siiiii-2048x1536.jpg 2048w, https:\/\/agora.xtec.cat\/escolanouclave\/wp-content\/uploads\/usu1363\/2022\/12\/tio-piscina-siiiii-200x150.jpg 200w\" sizes=\"auto, (max-width: 441px) 100vw, 441px\" \/><\/a><\/p>\n<p>&nbsp;<\/p>\n<p><a href=\"https:\/\/agora.xtec.cat\/escolanouclave\/wp-content\/uploads\/usu1363\/2022\/12\/jardinat-siiiiiiiiiiii.jpg\"><img loading=\"lazy\" decoding=\"async\" class=\"wp-image-10488 aligncenter\" src=\"https:\/\/agora.xtec.cat\/escolanouclave\/wp-content\/uploads\/usu1363\/2022\/12\/jardinat-siiiiiiiiiiii-1024x768.jpg\" alt=\"\" width=\"551\" height=\"413\" srcset=\"https:\/\/agora.xtec.cat\/escolanouclave\/wp-content\/uploads\/usu1363\/2022\/12\/jardinat-siiiiiiiiiiii-1024x768.jpg 1024w, https:\/\/agora.xtec.cat\/escolanouclave\/wp-content\/uploads\/usu1363\/2022\/12\/jardinat-siiiiiiiiiiii-300x225.jpg 300w, https:\/\/agora.xtec.cat\/escolanouclave\/wp-content\/uploads\/usu1363\/2022\/12\/jardinat-siiiiiiiiiiii-768x576.jpg 768w, https:\/\/agora.xtec.cat\/escolanouclave\/wp-content\/uploads\/usu1363\/2022\/12\/jardinat-siiiiiiiiiiii-1536x1152.jpg 1536w, https:\/\/agora.xtec.cat\/escolanouclave\/wp-content\/uploads\/usu1363\/2022\/12\/jardinat-siiiiiiiiiiii-200x150.jpg 200w, https:\/\/agora.xtec.cat\/escolanouclave\/wp-content\/uploads\/usu1363\/2022\/12\/jardinat-siiiiiiiiiiii.jpg 2000w\" sizes=\"auto, (max-width: 551px) 100vw, 551px\" \/><\/a><\/p>\n<p><a href=\"https:\/\/agora.xtec.cat\/escolanouclave\/wp-content\/uploads\/usu1363\/2022\/12\/calendari-d\u00b4advent-siiiii.jpg\"><img loading=\"lazy\" decoding=\"async\" class=\"alignnone wp-image-10490\" src=\"https:\/\/agora.xtec.cat\/escolanouclave\/wp-content\/uploads\/usu1363\/2022\/12\/calendari-d\u00b4advent-siiiii-1024x1024.jpg\" alt=\"\" width=\"472\" height=\"472\" srcset=\"https:\/\/agora.xtec.cat\/escolanouclave\/wp-content\/uploads\/usu1363\/2022\/12\/calendari-d\u00b4advent-siiiii-1024x1024.jpg 1024w, https:\/\/agora.xtec.cat\/escolanouclave\/wp-content\/uploads\/usu1363\/2022\/12\/calendari-d\u00b4advent-siiiii-300x300.jpg 300w, https:\/\/agora.xtec.cat\/escolanouclave\/wp-content\/uploads\/usu1363\/2022\/12\/calendari-d\u00b4advent-siiiii-150x150.jpg 150w, https:\/\/agora.xtec.cat\/escolanouclave\/wp-content\/uploads\/usu1363\/2022\/12\/calendari-d\u00b4advent-siiiii-768x768.jpg 768w, https:\/\/agora.xtec.cat\/escolanouclave\/wp-content\/uploads\/usu1363\/2022\/12\/calendari-d\u00b4advent-siiiii-1536x1536.jpg 1536w, https:\/\/agora.xtec.cat\/escolanouclave\/wp-content\/uploads\/usu1363\/2022\/12\/calendari-d\u00b4advent-siiiii.jpg 2048w\" sizes=\"auto, (max-width: 472px) 100vw, 472px\" \/><\/a><a href=\"https:\/\/agora.xtec.cat\/escolanouclave\/wp-content\/uploads\/usu1363\/2022\/12\/Carta-als-patgessisiiiiiiii.jpg\"><img loading=\"lazy\" decoding=\"async\" class=\"wp-image-10491 alignright\" src=\"https:\/\/agora.xtec.cat\/escolanouclave\/wp-content\/uploads\/usu1363\/2022\/12\/Carta-als-patgessisiiiiiiii-1024x1024.jpg\" alt=\"\" width=\"459\" height=\"459\" srcset=\"https:\/\/agora.xtec.cat\/escolanouclave\/wp-content\/uploads\/usu1363\/2022\/12\/Carta-als-patgessisiiiiiiii-1024x1024.jpg 1024w, https:\/\/agora.xtec.cat\/escolanouclave\/wp-content\/uploads\/usu1363\/2022\/12\/Carta-als-patgessisiiiiiiii-300x300.jpg 300w, https:\/\/agora.xtec.cat\/escolanouclave\/wp-content\/uploads\/usu1363\/2022\/12\/Carta-als-patgessisiiiiiiii-150x150.jpg 150w, https:\/\/agora.xtec.cat\/escolanouclave\/wp-content\/uploads\/usu1363\/2022\/12\/Carta-als-patgessisiiiiiiii-768x768.jpg 768w, https:\/\/agora.xtec.cat\/escolanouclave\/wp-content\/uploads\/usu1363\/2022\/12\/Carta-als-patgessisiiiiiiii-1536x1536.jpg 1536w, https:\/\/agora.xtec.cat\/escolanouclave\/wp-content\/uploads\/usu1363\/2022\/12\/Carta-als-patgessisiiiiiiii.jpg 2000w\" sizes=\"auto, (max-width: 459px) 100vw, 459px\" \/><\/a><\/p>\n<p>&nbsp;<\/p>\n<p>&nbsp;<\/p>\n","protected":false},"excerpt":{"rendered":"<p>Com ens agrada celebrar el Nadal!!\u00a0 \u00c9s una de les celebracions en les que m\u00e9s gaudim: temps de compartir, cantar, pensar en com som i all\u00f2 que fem, oferim all\u00f2 que tenim als altres, ens retrobem amb la fam\u00edlia i amics,&#8230; A l\u00b4escola hem fet un munt d\u00b4activitats que ens ajuden a reflexionar, millorar la [&hellip;]<\/p>\n","protected":false},"author":1,"featured_media":10487,"comment_status":"open","ping_status":"closed","sticky":false,"template":"","format":"standard","meta":{"_bbp_topic_count":0,"_bbp_reply_count":0,"_bbp_total_topic_count":0,"_bbp_total_reply_count":0,"_bbp_voice_count":0,"_bbp_anonymous_reply_count":0,"_bbp_topic_count_hidden":0,"_bbp_reply_count_hidden":0,"_bbp_forum_subforum_count":0,"site-sidebar-layout":"default","site-content-layout":"","ast-site-content-layout":"","site-content-style":"default","site-sidebar-style":"default","ast-global-header-display":"","ast-banner-title-visibility":"","ast-main-header-display":"","ast-hfb-above-header-display":"","ast-hfb-below-header-display":"","ast-hfb-mobile-header-display":"","site-post-title":"","ast-breadcrumbs-content":"","ast-featured-img":"","footer-sml-layout":"","theme-transparent-header-meta":"","adv-header-id-meta":"","stick-header-meta":"","header-above-stick-meta":"","header-main-stick-meta":"","header-below-stick-meta":"","astra-migrate-meta-layouts":"default","ast-page-background-enabled":"default","ast-page-background-meta":{"desktop":{"background-color":"var(--ast-global-color-4)","background-image":"","background-repeat":"repeat","background-position":"center center","background-size":"auto","background-attachment":"scroll","background-type":"","background-media":"","overlay-type":"","overlay-color":"","overlay-opacity":"","overlay-gradient":""},"tablet":{"background-color":"","background-image":"","background-repeat":"repeat","background-position":"center center","background-size":"auto","background-attachment":"scroll","background-type":"","background-media":"","overlay-type":"","overlay-color":"","overlay-opacity":"","overlay-gradient":""},"mobile":{"background-color":"","background-image":"","background-repeat":"repeat","background-position":"center center","background-size":"auto","background-attachment":"scroll","background-type":"","background-media":"","overlay-type":"","overlay-color":"","overlay-opacity":"","overlay-gradient":""}},"ast-content-background-meta":{"desktop":{"background-color":"var(--ast-global-color-5)","background-image":"","background-repeat":"repeat","background-position":"center center","background-size":"auto","background-attachment":"scroll","background-type":"","background-media":"","overlay-type":"","overlay-color":"","overlay-opacity":"","overlay-gradient":""},"tablet":{"background-color":"var(--ast-global-color-5)","background-image":"","background-repeat":"repeat","background-position":"center center","background-size":"auto","background-attachment":"scroll","background-type":"","background-media":"","overlay-type":"","overlay-color":"","overlay-opacity":"","overlay-gradient":""},"mobile":{"background-color":"var(--ast-global-color-5)","background-image":"","background-repeat":"repeat","background-position":"center center","background-size":"auto","background-attachment":"scroll","background-type":"","background-media":"","overlay-type":"","overlay-color":"","overlay-opacity":"","overlay-gradient":""}},"footnotes":""},"categories":[192,1,2,4],"tags":[],"class_list":["post-10474","post","type-post","status-publish","format-standard","has-post-thumbnail","hentry","category-festes-populars","category-general","category-infantil","category-portada"],"post_mailing_queue_ids":[],"_links":{"self":[{"href":"https:\/\/agora.xtec.cat\/escolanouclave\/wp-json\/wp\/v2\/posts\/10474","targetHints":{"allow":["GET"]}}],"collection":[{"href":"https:\/\/agora.xtec.cat\/escolanouclave\/wp-json\/wp\/v2\/posts"}],"about":[{"href":"https:\/\/agora.xtec.cat\/escolanouclave\/wp-json\/wp\/v2\/types\/post"}],"author":[{"embeddable":true,"href":"https:\/\/agora.xtec.cat\/escolanouclave\/wp-json\/wp\/v2\/users\/1"}],"replies":[{"embeddable":true,"href":"https:\/\/agora.xtec.cat\/escolanouclave\/wp-json\/wp\/v2\/comments?post=10474"}],"version-history":[{"count":3,"href":"https:\/\/agora.xtec.cat\/escolanouclave\/wp-json\/wp\/v2\/posts\/10474\/revisions"}],"predecessor-version":[{"id":10500,"href":"https:\/\/agora.xtec.cat\/escolanouclave\/wp-json\/wp\/v2\/posts\/10474\/revisions\/10500"}],"wp:featuredmedia":[{"embeddable":true,"href":"https:\/\/agora.xtec.cat\/escolanouclave\/wp-json\/wp\/v2\/media\/10487"}],"wp:attachment":[{"href":"https:\/\/agora.xtec.cat\/escolanouclave\/wp-json\/wp\/v2\/media?parent=10474"}],"wp:term":[{"taxonomy":"category","embeddable":true,"href":"https:\/\/agora.xtec.cat\/escolanouclave\/wp-json\/wp\/v2\/categories?post=10474"},{"taxonomy":"post_tag","embeddable":true,"href":"https:\/\/agora.xtec.cat\/escolanouclave\/wp-json\/wp\/v2\/tags?post=10474"}],"curies":[{"name":"wp","href":"https:\/\/api.w.org\/{rel}","templated":true}]}}