{"id":10454,"date":"2022-12-12T22:39:11","date_gmt":"2022-12-12T21:39:11","guid":{"rendered":"https:\/\/agora.xtec.cat\/escolanouclave\/?p=10454"},"modified":"2023-12-01T10:29:01","modified_gmt":"2023-12-01T09:29:01","slug":"setmana-europea-de-la-prevencio-de-residus-2","status":"publish","type":"post","link":"https:\/\/agora.xtec.cat\/escolanouclave\/general\/setmana-europea-de-la-prevencio-de-residus-2\/","title":{"rendered":"Setmana Europea de la Prevenci\u00f3 de Residus: Retirada de residus del riu Bes\u00f2s."},"content":{"rendered":"<p><a href=\"https:\/\/agora.xtec.cat\/escolanouclave\/wp-content\/uploads\/usu1363\/2022\/12\/Captura-de-pantalla_20221212_223758.png\"><img loading=\"lazy\" decoding=\"async\" class=\" wp-image-10456 alignleft\" src=\"https:\/\/agora.xtec.cat\/escolanouclave\/wp-content\/uploads\/usu1363\/2022\/12\/Captura-de-pantalla_20221212_223758.png\" alt=\"\" width=\"499\" height=\"475\" srcset=\"https:\/\/agora.xtec.cat\/escolanouclave\/wp-content\/uploads\/usu1363\/2022\/12\/Captura-de-pantalla_20221212_223758.png 686w, https:\/\/agora.xtec.cat\/escolanouclave\/wp-content\/uploads\/usu1363\/2022\/12\/Captura-de-pantalla_20221212_223758-300x286.png 300w\" sizes=\"auto, (max-width: 499px) 100vw, 499px\" \/><\/a>Com \u00e9s tradicional a la nostra escola, l&#8217;alumnat d&#8217;ESO ha participat de la Setmana Europea de la Prevenci\u00f3 de Residus, que enguany ha tingut lloc entre el 16 i el 22 de novembre. Aquesta iniciativa parteix d&#8217;un objectiu, que \u00e9s organitzar durant una mateixa setmana i arreu d&#8217;Europa, accions de sensibilitzaci\u00f3 sobre la prevenci\u00f3 de residus amb el foment d&#8217;accions sostenibles arreu del continent.<\/p>\n<p>Un any m\u00e9s, l&#8217;escola s&#8217;ha sumat a la celebraci\u00f3 amb una campanya de retirada de residus del riu Bes\u00f2s. Aquesta activitat, s&#8217;integra dins del nostre projecte sobre els objectius de l&#8217;Agenda 2030 i pret\u00e9n conscienciar l\u2019alumnat de l\u2019impacte negatiu del pl\u00e0stic i altres residus en el medi natural, aix\u00ed com la dubtosa praxi de la ciutadania. Tanmateix es pret\u00e9n potenciar la reducci\u00f3 del consum dels envasos aprofitant aix\u00ed per oferir un servei a la comunitat tenint cura del paisatge i l\u2019entorn proper, alhora que s&#8217;inculca una necessitat de respecte cap el medi natural i la import\u00e0ncia de la reducci\u00f3 i el reciclatge dels residus.<\/p>\n<p>&nbsp;<\/p>\n<p>&nbsp;<\/p>\n<p>Durant la recollida van ser retirats m\u00e9s de 80 quilograms de residus, que van ser classificats de la seg\u00fcent manera:<\/p>\n<p>-Envasos (39,43kg)<\/p>\n<p>-Paper i cartr\u00f3 (1,8kg)<\/p>\n<p>-Vidre (2,7 kg)<\/p>\n<p>-Altres (36,7kg)<\/p>\n<p><a href=\"https:\/\/agora.xtec.cat\/escolanouclave\/wp-content\/uploads\/usu1363\/2022\/12\/Captura-de-pantalla_20221212_223814.png\"><img loading=\"lazy\" decoding=\"async\" class=\"alignnone size-large wp-image-10457\" src=\"https:\/\/agora.xtec.cat\/escolanouclave\/wp-content\/uploads\/usu1363\/2022\/12\/Captura-de-pantalla_20221212_223814.png\" alt=\"\" width=\"712\" height=\"631\" srcset=\"https:\/\/agora.xtec.cat\/escolanouclave\/wp-content\/uploads\/usu1363\/2022\/12\/Captura-de-pantalla_20221212_223814.png 712w, https:\/\/agora.xtec.cat\/escolanouclave\/wp-content\/uploads\/usu1363\/2022\/12\/Captura-de-pantalla_20221212_223814-300x266.png 300w\" sizes=\"auto, (max-width: 712px) 100vw, 712px\" \/><\/a><\/p>\n<p>&nbsp;<\/p>\n","protected":false},"excerpt":{"rendered":"<p>Com \u00e9s tradicional a la nostra escola, l&#8217;alumnat d&#8217;ESO ha participat de la Setmana Europea de la Prevenci\u00f3 de Residus, que enguany ha tingut lloc entre el 16 i el 22 de novembre. Aquesta iniciativa parteix d&#8217;un objectiu, que \u00e9s organitzar durant una mateixa setmana i arreu d&#8217;Europa, accions de sensibilitzaci\u00f3 sobre la prevenci\u00f3 de [&hellip;]<\/p>\n","protected":false},"author":1,"featured_media":10456,"comment_status":"open","ping_status":"closed","sticky":false,"template":"","format":"standard","meta":{"_bbp_topic_count":0,"_bbp_reply_count":0,"_bbp_total_topic_count":0,"_bbp_total_reply_count":0,"_bbp_voice_count":0,"_bbp_anonymous_reply_count":0,"_bbp_topic_count_hidden":0,"_bbp_reply_count_hidden":0,"_bbp_forum_subforum_count":0,"site-sidebar-layout":"default","site-content-layout":"","ast-site-content-layout":"","site-content-style":"default","site-sidebar-style":"default","ast-global-header-display":"","ast-banner-title-visibility":"","ast-main-header-display":"","ast-hfb-above-header-display":"","ast-hfb-below-header-display":"","ast-hfb-mobile-header-display":"","site-post-title":"","ast-breadcrumbs-content":"","ast-featured-img":"","footer-sml-layout":"","theme-transparent-header-meta":"","adv-header-id-meta":"","stick-header-meta":"","header-above-stick-meta":"","header-main-stick-meta":"","header-below-stick-meta":"","astra-migrate-meta-layouts":"default","ast-page-background-enabled":"default","ast-page-background-meta":{"desktop":{"background-color":"var(--ast-global-color-4)","background-image":"","background-repeat":"repeat","background-position":"center center","background-size":"auto","background-attachment":"scroll","background-type":"","background-media":"","overlay-type":"","overlay-color":"","overlay-opacity":"","overlay-gradient":""},"tablet":{"background-color":"","background-image":"","background-repeat":"repeat","background-position":"center center","background-size":"auto","background-attachment":"scroll","background-type":"","background-media":"","overlay-type":"","overlay-color":"","overlay-opacity":"","overlay-gradient":""},"mobile":{"background-color":"","background-image":"","background-repeat":"repeat","background-position":"center center","background-size":"auto","background-attachment":"scroll","background-type":"","background-media":"","overlay-type":"","overlay-color":"","overlay-opacity":"","overlay-gradient":""}},"ast-content-background-meta":{"desktop":{"background-color":"var(--ast-global-color-5)","background-image":"","background-repeat":"repeat","background-position":"center center","background-size":"auto","background-attachment":"scroll","background-type":"","background-media":"","overlay-type":"","overlay-color":"","overlay-opacity":"","overlay-gradient":""},"tablet":{"background-color":"var(--ast-global-color-5)","background-image":"","background-repeat":"repeat","background-position":"center center","background-size":"auto","background-attachment":"scroll","background-type":"","background-media":"","overlay-type":"","overlay-color":"","overlay-opacity":"","overlay-gradient":""},"mobile":{"background-color":"var(--ast-global-color-5)","background-image":"","background-repeat":"repeat","background-position":"center center","background-size":"auto","background-attachment":"scroll","background-type":"","background-media":"","overlay-type":"","overlay-color":"","overlay-opacity":"","overlay-gradient":""}},"footnotes":""},"categories":[1093,1],"tags":[],"class_list":["post-10454","post","type-post","status-publish","format-standard","has-post-thumbnail","hentry","category-escola-verda","category-general"],"post_mailing_queue_ids":[],"_links":{"self":[{"href":"https:\/\/agora.xtec.cat\/escolanouclave\/wp-json\/wp\/v2\/posts\/10454","targetHints":{"allow":["GET"]}}],"collection":[{"href":"https:\/\/agora.xtec.cat\/escolanouclave\/wp-json\/wp\/v2\/posts"}],"about":[{"href":"https:\/\/agora.xtec.cat\/escolanouclave\/wp-json\/wp\/v2\/types\/post"}],"author":[{"embeddable":true,"href":"https:\/\/agora.xtec.cat\/escolanouclave\/wp-json\/wp\/v2\/users\/1"}],"replies":[{"embeddable":true,"href":"https:\/\/agora.xtec.cat\/escolanouclave\/wp-json\/wp\/v2\/comments?post=10454"}],"version-history":[{"count":3,"href":"https:\/\/agora.xtec.cat\/escolanouclave\/wp-json\/wp\/v2\/posts\/10454\/revisions"}],"predecessor-version":[{"id":10463,"href":"https:\/\/agora.xtec.cat\/escolanouclave\/wp-json\/wp\/v2\/posts\/10454\/revisions\/10463"}],"wp:featuredmedia":[{"embeddable":true,"href":"https:\/\/agora.xtec.cat\/escolanouclave\/wp-json\/wp\/v2\/media\/10456"}],"wp:attachment":[{"href":"https:\/\/agora.xtec.cat\/escolanouclave\/wp-json\/wp\/v2\/media?parent=10454"}],"wp:term":[{"taxonomy":"category","embeddable":true,"href":"https:\/\/agora.xtec.cat\/escolanouclave\/wp-json\/wp\/v2\/categories?post=10454"},{"taxonomy":"post_tag","embeddable":true,"href":"https:\/\/agora.xtec.cat\/escolanouclave\/wp-json\/wp\/v2\/tags?post=10454"}],"curies":[{"name":"wp","href":"https:\/\/api.w.org\/{rel}","templated":true}]}}