{"id":10428,"date":"2022-12-05T13:36:37","date_gmt":"2022-12-05T12:36:37","guid":{"rendered":"https:\/\/agora.xtec.cat\/escolanouclave\/?p=10428"},"modified":"2023-12-01T10:29:43","modified_gmt":"2023-12-01T09:29:43","slug":"ja-som-escola-verda","status":"publish","type":"post","link":"https:\/\/agora.xtec.cat\/escolanouclave\/general\/ja-som-escola-verda\/","title":{"rendered":"JA SOM ESCOLA VERDA!!!!!!"},"content":{"rendered":"<p>A inicis del curs 2020-21 l&#8217;equip docent de l&#8217;escola va decidir adherir-se al programa d&#8217;escoles verdes del Departament de Medi Ambient i Educaci\u00f3 de la Generalitat de Catalunya. Aquest programa t\u00e9 la voluntat de millorar l&#8217;escola d&#8217;acord amb els nous reptes de l&#8217;educaci\u00f3. Ho fa a trav\u00e9s de l&#8217;objectiu de sensibilitzar, dinamitzar i donar suport a la comunitat educativa per tal que incorpori els principis i els valors de la sostenibilitat en tots els \u00e0mbits de la vida escolar.<a href=\"https:\/\/agora.xtec.cat\/escolanouclave\/wp-content\/uploads\/usu1363\/2022\/12\/escola-verda-2-scaled.jpg\"><img loading=\"lazy\" decoding=\"async\" class=\"wp-image-10436 aligncenter\" src=\"https:\/\/agora.xtec.cat\/escolanouclave\/wp-content\/uploads\/usu1363\/2022\/12\/escola-verda-2-1024x735.jpg\" alt=\"\" width=\"272\" height=\"195\" srcset=\"https:\/\/agora.xtec.cat\/escolanouclave\/wp-content\/uploads\/usu1363\/2022\/12\/escola-verda-2-1024x735.jpg 1024w, https:\/\/agora.xtec.cat\/escolanouclave\/wp-content\/uploads\/usu1363\/2022\/12\/escola-verda-2-300x215.jpg 300w, https:\/\/agora.xtec.cat\/escolanouclave\/wp-content\/uploads\/usu1363\/2022\/12\/escola-verda-2-768x551.jpg 768w, https:\/\/agora.xtec.cat\/escolanouclave\/wp-content\/uploads\/usu1363\/2022\/12\/escola-verda-2-1536x1102.jpg 1536w, https:\/\/agora.xtec.cat\/escolanouclave\/wp-content\/uploads\/usu1363\/2022\/12\/escola-verda-2-2048x1470.jpg 2048w\" sizes=\"auto, (max-width: 272px) 100vw, 272px\" \/><\/a><\/p>\n<p>&nbsp;<\/p>\n<p>Despr\u00e9s de dos anys de formaci\u00f3, d&#8217;un treball de diagn\u00f2si medioambiental del centre i un an\u00e0lisi de la nostra realitat, el passat dissabte 26 de novembre, la nostra escola va rebre el distintiu d&#8217;Escola Verda.<\/p>\n<p><a href=\"https:\/\/agora.xtec.cat\/escolanouclave\/wp-content\/uploads\/usu1363\/2022\/12\/escola-verda-1-scaled.jpg\"><img loading=\"lazy\" decoding=\"async\" class=\"wp-image-10435 aligncenter\" src=\"https:\/\/agora.xtec.cat\/escolanouclave\/wp-content\/uploads\/usu1363\/2022\/12\/escola-verda-1-938x1024.jpg\" alt=\"\" width=\"257\" height=\"281\" srcset=\"https:\/\/agora.xtec.cat\/escolanouclave\/wp-content\/uploads\/usu1363\/2022\/12\/escola-verda-1-938x1024.jpg 938w, https:\/\/agora.xtec.cat\/escolanouclave\/wp-content\/uploads\/usu1363\/2022\/12\/escola-verda-1-275x300.jpg 275w, https:\/\/agora.xtec.cat\/escolanouclave\/wp-content\/uploads\/usu1363\/2022\/12\/escola-verda-1-768x839.jpg 768w, https:\/\/agora.xtec.cat\/escolanouclave\/wp-content\/uploads\/usu1363\/2022\/12\/escola-verda-1-1406x1536.jpg 1406w, https:\/\/agora.xtec.cat\/escolanouclave\/wp-content\/uploads\/usu1363\/2022\/12\/escola-verda-1-1875x2048.jpg 1875w\" sizes=\"auto, (max-width: 257px) 100vw, 257px\" \/><\/a><\/p>\n<p><em>&#8220;Cada un de nosaltres representa una causa de l&#8217;escalfament global del planeta,<\/em><br \/>\n<em>per\u00f2 cada un de nosaltres es pot esdevenir part de la soluci\u00f3&#8221;<\/em><br \/>\nAl Gore<\/p>\n","protected":false},"excerpt":{"rendered":"<p>A inicis del curs 2020-21 l&#8217;equip docent de l&#8217;escola va decidir adherir-se al programa d&#8217;escoles verdes del Departament de Medi Ambient i Educaci\u00f3 de la Generalitat de Catalunya. Aquest programa t\u00e9 la voluntat de millorar l&#8217;escola d&#8217;acord amb els nous reptes de l&#8217;educaci\u00f3. Ho fa a trav\u00e9s de l&#8217;objectiu de sensibilitzar, dinamitzar i donar suport [&hellip;]<\/p>\n","protected":false},"author":1,"featured_media":10437,"comment_status":"open","ping_status":"closed","sticky":false,"template":"","format":"standard","meta":{"_bbp_topic_count":0,"_bbp_reply_count":0,"_bbp_total_topic_count":0,"_bbp_total_reply_count":0,"_bbp_voice_count":0,"_bbp_anonymous_reply_count":0,"_bbp_topic_count_hidden":0,"_bbp_reply_count_hidden":0,"_bbp_forum_subforum_count":0,"site-sidebar-layout":"default","site-content-layout":"","ast-site-content-layout":"","site-content-style":"default","site-sidebar-style":"default","ast-global-header-display":"","ast-banner-title-visibility":"","ast-main-header-display":"","ast-hfb-above-header-display":"","ast-hfb-below-header-display":"","ast-hfb-mobile-header-display":"","site-post-title":"","ast-breadcrumbs-content":"","ast-featured-img":"","footer-sml-layout":"","theme-transparent-header-meta":"","adv-header-id-meta":"","stick-header-meta":"","header-above-stick-meta":"","header-main-stick-meta":"","header-below-stick-meta":"","astra-migrate-meta-layouts":"default","ast-page-background-enabled":"default","ast-page-background-meta":{"desktop":{"background-color":"var(--ast-global-color-4)","background-image":"","background-repeat":"repeat","background-position":"center center","background-size":"auto","background-attachment":"scroll","background-type":"","background-media":"","overlay-type":"","overlay-color":"","overlay-opacity":"","overlay-gradient":""},"tablet":{"background-color":"","background-image":"","background-repeat":"repeat","background-position":"center center","background-size":"auto","background-attachment":"scroll","background-type":"","background-media":"","overlay-type":"","overlay-color":"","overlay-opacity":"","overlay-gradient":""},"mobile":{"background-color":"","background-image":"","background-repeat":"repeat","background-position":"center center","background-size":"auto","background-attachment":"scroll","background-type":"","background-media":"","overlay-type":"","overlay-color":"","overlay-opacity":"","overlay-gradient":""}},"ast-content-background-meta":{"desktop":{"background-color":"var(--ast-global-color-5)","background-image":"","background-repeat":"repeat","background-position":"center center","background-size":"auto","background-attachment":"scroll","background-type":"","background-media":"","overlay-type":"","overlay-color":"","overlay-opacity":"","overlay-gradient":""},"tablet":{"background-color":"var(--ast-global-color-5)","background-image":"","background-repeat":"repeat","background-position":"center center","background-size":"auto","background-attachment":"scroll","background-type":"","background-media":"","overlay-type":"","overlay-color":"","overlay-opacity":"","overlay-gradient":""},"mobile":{"background-color":"var(--ast-global-color-5)","background-image":"","background-repeat":"repeat","background-position":"center center","background-size":"auto","background-attachment":"scroll","background-type":"","background-media":"","overlay-type":"","overlay-color":"","overlay-opacity":"","overlay-gradient":""}},"footnotes":""},"categories":[199,1093,1,133],"tags":[],"class_list":["post-10428","post","type-post","status-publish","format-standard","has-post-thumbnail","hentry","category-activitats-descola","category-escola-verda","category-general","category-projecte-medi-ambient"],"post_mailing_queue_ids":[],"_links":{"self":[{"href":"https:\/\/agora.xtec.cat\/escolanouclave\/wp-json\/wp\/v2\/posts\/10428","targetHints":{"allow":["GET"]}}],"collection":[{"href":"https:\/\/agora.xtec.cat\/escolanouclave\/wp-json\/wp\/v2\/posts"}],"about":[{"href":"https:\/\/agora.xtec.cat\/escolanouclave\/wp-json\/wp\/v2\/types\/post"}],"author":[{"embeddable":true,"href":"https:\/\/agora.xtec.cat\/escolanouclave\/wp-json\/wp\/v2\/users\/1"}],"replies":[{"embeddable":true,"href":"https:\/\/agora.xtec.cat\/escolanouclave\/wp-json\/wp\/v2\/comments?post=10428"}],"version-history":[{"count":3,"href":"https:\/\/agora.xtec.cat\/escolanouclave\/wp-json\/wp\/v2\/posts\/10428\/revisions"}],"predecessor-version":[{"id":10442,"href":"https:\/\/agora.xtec.cat\/escolanouclave\/wp-json\/wp\/v2\/posts\/10428\/revisions\/10442"}],"wp:featuredmedia":[{"embeddable":true,"href":"https:\/\/agora.xtec.cat\/escolanouclave\/wp-json\/wp\/v2\/media\/10437"}],"wp:attachment":[{"href":"https:\/\/agora.xtec.cat\/escolanouclave\/wp-json\/wp\/v2\/media?parent=10428"}],"wp:term":[{"taxonomy":"category","embeddable":true,"href":"https:\/\/agora.xtec.cat\/escolanouclave\/wp-json\/wp\/v2\/categories?post=10428"},{"taxonomy":"post_tag","embeddable":true,"href":"https:\/\/agora.xtec.cat\/escolanouclave\/wp-json\/wp\/v2\/tags?post=10428"}],"curies":[{"name":"wp","href":"https:\/\/api.w.org\/{rel}","templated":true}]}}