{"id":10418,"date":"2022-11-29T13:57:45","date_gmt":"2022-11-29T12:57:45","guid":{"rendered":"https:\/\/agora.xtec.cat\/escolanouclave\/?p=10418"},"modified":"2023-12-01T10:30:45","modified_gmt":"2023-12-01T09:30:45","slug":"mercats-sostenibles","status":"publish","type":"post","link":"https:\/\/agora.xtec.cat\/escolanouclave\/general\/mercats-sostenibles\/","title":{"rendered":"Mercats sostenibles"},"content":{"rendered":"<p><a href=\"https:\/\/agora.xtec.cat\/escolanouclave\/wp-content\/uploads\/usu1363\/2022\/11\/12.jpg\"><img loading=\"lazy\" decoding=\"async\" class=\" wp-image-10420 alignleft\" src=\"https:\/\/agora.xtec.cat\/escolanouclave\/wp-content\/uploads\/usu1363\/2022\/11\/12.jpg\" alt=\"\" width=\"181\" height=\"181\" srcset=\"https:\/\/agora.xtec.cat\/escolanouclave\/wp-content\/uploads\/usu1363\/2022\/11\/12.jpg 472w, https:\/\/agora.xtec.cat\/escolanouclave\/wp-content\/uploads\/usu1363\/2022\/11\/12-300x300.jpg 300w, https:\/\/agora.xtec.cat\/escolanouclave\/wp-content\/uploads\/usu1363\/2022\/11\/12-150x150.jpg 150w\" sizes=\"auto, (max-width: 181px) 100vw, 181px\" \/><\/a>Durant aquest curs 2022-2023, l&#8217;alumnat d&#8217;ESO continua treballant en projectes basats en els Objectius de Desenvolupament Sostenible de l\u2019Agenda 2030. Els cursos de 3r i 4t d&#8217;ESO s&#8217;han endinsat en el coneixement de l&#8217;objectiu 12, <em>Consum i producci\u00f3 responsables<\/em>, que pret\u00e9n promoure la reducci\u00f3 del nostre impacte sobre el planeta produint i consumint nom\u00e9s all\u00f2 que necessitem. A trav\u00e9s de divereses activitats i pr\u00e0ctiques, l&#8217;alumnat va analitzar i descobrir el proc\u00e9s de producci\u00f3, distribuci\u00f3 i consum dels elements alimentaris i t\u00e8xtils, aix\u00ed com les bones pr\u00e0ctiques que ens aproximin cada cop m\u00e9s a una societat m\u00e9s resilient i sostenible.<\/p>\n<p>&nbsp;<\/p>\n<p>A continuaci\u00f3 d&#8217;aquest bloc, alumnat de 3r i 4t d&#8217;ESO ha participat en el programa Mercats Sostenibles en col\u00b7laboraci\u00f3 amb la Diputaci\u00f3 de Barcelona, el Mercat municipal i l&#8217;Ajuntament de Mollet del Vall\u00e8s. Aquesta \u00e9s una campanya que pret\u00e9n reduir els pl\u00e0stics d\u2019un sol \u00fas als mercats municipals, en benefici del medi ambient i de la salut. Aquest programa s\u2019enriqueix amb un projecte educatiu d\u2019Aprenentatge i Servei (ApS) que ha involucrat el nostre alumnat permetent que els<span style=\"font-family: inherit; font-size: 1em;\"> joves descobreixin <\/span><span style=\"font-family: inherit; font-size: 1em;\">els impactes que tenen els pl\u00e0stics d\u2019un sol \u00fas i el model d\u2019usar i llen\u00e7ar sobre la salut i sobre el medi ambient. Per aquest motiu l&#8217;alumnat ha estat encarregat de donar <\/span><span style=\"font-family: inherit; font-size: 1em;\">a con\u00e8ixer la campanya i participant en la recollida i l\u2019an\u00e0lisi posterior de les dades obtingudes en el propi mercat. Tanmateix van haver de donar<\/span> a con\u00e8ixer als clients del mercat els motius pels quals \u00e9s necessari deixar d\u2019utilitzar pl\u00e0stics d\u2019un sol \u00fas, i sobretot, estar capacitats per plantejar alternatives de consum conscient i sostenible.<\/p>\n<p><a href=\"https:\/\/agora.xtec.cat\/escolanouclave\/wp-content\/uploads\/usu1363\/2022\/11\/whatsapp-image-2022-11-22-at-14.29.39.jpeg\"><img loading=\"lazy\" decoding=\"async\" class=\"wp-image-10423 aligncenter\" src=\"https:\/\/agora.xtec.cat\/escolanouclave\/wp-content\/uploads\/usu1363\/2022\/11\/whatsapp-image-2022-11-22-at-14.29.39-1024x768.jpeg\" alt=\"\" width=\"626\" height=\"469\" srcset=\"https:\/\/agora.xtec.cat\/escolanouclave\/wp-content\/uploads\/usu1363\/2022\/11\/whatsapp-image-2022-11-22-at-14.29.39-1024x768.jpeg 1024w, https:\/\/agora.xtec.cat\/escolanouclave\/wp-content\/uploads\/usu1363\/2022\/11\/whatsapp-image-2022-11-22-at-14.29.39-300x225.jpeg 300w, https:\/\/agora.xtec.cat\/escolanouclave\/wp-content\/uploads\/usu1363\/2022\/11\/whatsapp-image-2022-11-22-at-14.29.39-768x576.jpeg 768w, https:\/\/agora.xtec.cat\/escolanouclave\/wp-content\/uploads\/usu1363\/2022\/11\/whatsapp-image-2022-11-22-at-14.29.39-1536x1153.jpeg 1536w, https:\/\/agora.xtec.cat\/escolanouclave\/wp-content\/uploads\/usu1363\/2022\/11\/whatsapp-image-2022-11-22-at-14.29.39-200x150.jpeg 200w, https:\/\/agora.xtec.cat\/escolanouclave\/wp-content\/uploads\/usu1363\/2022\/11\/whatsapp-image-2022-11-22-at-14.29.39.jpeg 1599w\" sizes=\"auto, (max-width: 626px) 100vw, 626px\" \/><\/a><\/p>\n<p>Si voleu ampliar aquesta informaci\u00f3 feu clic en els seg\u00fcents enlla\u00e7os:<\/p>\n<p><a href=\"https:\/\/www.vallesvisio.cat\/adeu-als-plastics-dun-sol-us-al-mercat-de-mollet-gracies-a-una-campanya-dalumnes-de-lescola-anselm-clave\/\">Vall\u00e8s Visi\u00f3: Adeu als pl\u00e0stics d&#8217;un sol \u00fas<\/a><\/p>\n<p><a href=\"https:\/\/www.vallesvisio.cat\/reconeixements-als-participants-de-la-campanya-mercats-sostenibles\/\">Vall\u00e8s Visi\u00f3: Reconeixements als participants de la campanya \u2018Mercats Sostenibles\u2019<\/a><\/p>\n<p><a href=\"https:\/\/el9nou.cat\/valles-oriental\/actualitat\/acaba-la-campanya-contra-els-plastics-dun-sol-us-al-mercat-de-mollet\/\">9nou: Acaba la campanya contra els pl\u00e0stics d\u2019un sol \u00fas al Mercat de Mollet.<\/a><\/p>\n<p><a href=\"https:\/\/www.sommollet.cat\/noticia\/84464\/alumnes-de-lanselm-clave-reconeguts-per-promoure-la-reduccio-dels-plastics-dun-sol-us-al-m\">SomMollet: Alumnes de l&#8217;Anselm Clav\u00e9, reconeguts per promoure la reducci\u00f3 dels pl\u00e0stics d&#8217;un sol \u00fas al Mercat Municipal.<\/a><\/p>\n<p><a href=\"https:\/\/www.molletvalles.cat\/continguts-es-es\/actualitat-es-es\/notcies-es-es\/show\/4997\">Ajuntament de Mollet del Vall\u00e8s: Mollet reconeix als i a les participants de la campanya Mercats Sostenibles.<\/a><\/p>\n<p>&nbsp;<\/p>\n","protected":false},"excerpt":{"rendered":"<p>Durant aquest curs 2022-2023, l&#8217;alumnat d&#8217;ESO continua treballant en projectes basats en els Objectius de Desenvolupament Sostenible de l\u2019Agenda 2030. Els cursos de 3r i 4t d&#8217;ESO s&#8217;han endinsat en el coneixement de l&#8217;objectiu 12, Consum i producci\u00f3 responsables, que pret\u00e9n promoure la reducci\u00f3 del nostre impacte sobre el planeta produint i consumint nom\u00e9s all\u00f2 [&hellip;]<\/p>\n","protected":false},"author":1,"featured_media":10422,"comment_status":"open","ping_status":"closed","sticky":false,"template":"","format":"standard","meta":{"_bbp_topic_count":0,"_bbp_reply_count":0,"_bbp_total_topic_count":0,"_bbp_total_reply_count":0,"_bbp_voice_count":0,"_bbp_anonymous_reply_count":0,"_bbp_topic_count_hidden":0,"_bbp_reply_count_hidden":0,"_bbp_forum_subforum_count":0,"site-sidebar-layout":"default","site-content-layout":"","ast-site-content-layout":"","site-content-style":"default","site-sidebar-style":"default","ast-global-header-display":"","ast-banner-title-visibility":"","ast-main-header-display":"","ast-hfb-above-header-display":"","ast-hfb-below-header-display":"","ast-hfb-mobile-header-display":"","site-post-title":"","ast-breadcrumbs-content":"","ast-featured-img":"","footer-sml-layout":"","theme-transparent-header-meta":"","adv-header-id-meta":"","stick-header-meta":"","header-above-stick-meta":"","header-main-stick-meta":"","header-below-stick-meta":"","astra-migrate-meta-layouts":"default","ast-page-background-enabled":"default","ast-page-background-meta":{"desktop":{"background-color":"var(--ast-global-color-4)","background-image":"","background-repeat":"repeat","background-position":"center center","background-size":"auto","background-attachment":"scroll","background-type":"","background-media":"","overlay-type":"","overlay-color":"","overlay-opacity":"","overlay-gradient":""},"tablet":{"background-color":"","background-image":"","background-repeat":"repeat","background-position":"center center","background-size":"auto","background-attachment":"scroll","background-type":"","background-media":"","overlay-type":"","overlay-color":"","overlay-opacity":"","overlay-gradient":""},"mobile":{"background-color":"","background-image":"","background-repeat":"repeat","background-position":"center center","background-size":"auto","background-attachment":"scroll","background-type":"","background-media":"","overlay-type":"","overlay-color":"","overlay-opacity":"","overlay-gradient":""}},"ast-content-background-meta":{"desktop":{"background-color":"var(--ast-global-color-5)","background-image":"","background-repeat":"repeat","background-position":"center center","background-size":"auto","background-attachment":"scroll","background-type":"","background-media":"","overlay-type":"","overlay-color":"","overlay-opacity":"","overlay-gradient":""},"tablet":{"background-color":"var(--ast-global-color-5)","background-image":"","background-repeat":"repeat","background-position":"center center","background-size":"auto","background-attachment":"scroll","background-type":"","background-media":"","overlay-type":"","overlay-color":"","overlay-opacity":"","overlay-gradient":""},"mobile":{"background-color":"var(--ast-global-color-5)","background-image":"","background-repeat":"repeat","background-position":"center center","background-size":"auto","background-attachment":"scroll","background-type":"","background-media":"","overlay-type":"","overlay-color":"","overlay-opacity":"","overlay-gradient":""}},"footnotes":""},"categories":[1093,1],"tags":[1059,947],"class_list":["post-10418","post","type-post","status-publish","format-standard","has-post-thumbnail","hentry","category-escola-verda","category-general","tag-molletods","tag-ods2030"],"post_mailing_queue_ids":[],"_links":{"self":[{"href":"https:\/\/agora.xtec.cat\/escolanouclave\/wp-json\/wp\/v2\/posts\/10418","targetHints":{"allow":["GET"]}}],"collection":[{"href":"https:\/\/agora.xtec.cat\/escolanouclave\/wp-json\/wp\/v2\/posts"}],"about":[{"href":"https:\/\/agora.xtec.cat\/escolanouclave\/wp-json\/wp\/v2\/types\/post"}],"author":[{"embeddable":true,"href":"https:\/\/agora.xtec.cat\/escolanouclave\/wp-json\/wp\/v2\/users\/1"}],"replies":[{"embeddable":true,"href":"https:\/\/agora.xtec.cat\/escolanouclave\/wp-json\/wp\/v2\/comments?post=10418"}],"version-history":[{"count":4,"href":"https:\/\/agora.xtec.cat\/escolanouclave\/wp-json\/wp\/v2\/posts\/10418\/revisions"}],"predecessor-version":[{"id":10427,"href":"https:\/\/agora.xtec.cat\/escolanouclave\/wp-json\/wp\/v2\/posts\/10418\/revisions\/10427"}],"wp:featuredmedia":[{"embeddable":true,"href":"https:\/\/agora.xtec.cat\/escolanouclave\/wp-json\/wp\/v2\/media\/10422"}],"wp:attachment":[{"href":"https:\/\/agora.xtec.cat\/escolanouclave\/wp-json\/wp\/v2\/media?parent=10418"}],"wp:term":[{"taxonomy":"category","embeddable":true,"href":"https:\/\/agora.xtec.cat\/escolanouclave\/wp-json\/wp\/v2\/categories?post=10418"},{"taxonomy":"post_tag","embeddable":true,"href":"https:\/\/agora.xtec.cat\/escolanouclave\/wp-json\/wp\/v2\/tags?post=10418"}],"curies":[{"name":"wp","href":"https:\/\/api.w.org\/{rel}","templated":true}]}}