{"id":1038,"date":"2019-01-24T09:15:58","date_gmt":"2019-01-24T08:15:58","guid":{"rendered":"http:\/\/agora.xtec.cat\/escolanouclave\/?p=1038"},"modified":"2019-01-24T09:16:54","modified_gmt":"2019-01-24T08:16:54","slug":"estimar-no-fa-mal","status":"publish","type":"post","link":"https:\/\/agora.xtec.cat\/escolanouclave\/general\/estimar-no-fa-mal\/","title":{"rendered":"3r d&#8217;ESO. Estimar no fa mal"},"content":{"rendered":"<p>Durant el curs 2018-2019 els alumnes de 3r d&#8217;ESO del nostre centre novament participen el en programa <em>Estimar no fa mal. <\/em>Aquesta \u00e9s una activitat organitzada per\u00a0l&#8217;Ajuntament de Mollet del Vall\u00e8s i impulsada per l&#8217;Institut Catal\u00e0 de les Dones, una iniciativa que va n\u00e8ixer el 2014-2015 i que inclou diversos tallers per prevenir els alumnes de secund\u00e0ria del municipi de la viol\u00e8ncia masclista. Aquest cicle\u00a0d&#8217;activitats pret\u00e9n donar a con\u00e8ixer algunes de les situacions d&#8217;ab\u00fas en les relacions de parella i afectives i aix\u00ed fomentar actituds i comportaments igualitaris, promovent d&#8217;aquesta manera la reflexi\u00f3 al voltant dels comportaments abusius vinculats als rols de g\u00e8nere i als models de feminitat i masculinitat.<\/p>\n<div class=\"ast-oembed-container \" style=\"height: 100%;\"><iframe loading=\"lazy\" title=\"Estimar no fa mal\" width=\"500\" height=\"281\" src=\"https:\/\/www.youtube.com\/embed\/KvgWbsSjCVA?feature=oembed\" frameborder=\"0\" allow=\"accelerometer; autoplay; clipboard-write; encrypted-media; gyroscope; picture-in-picture; web-share\" referrerpolicy=\"strict-origin-when-cross-origin\" allowfullscreen><\/iframe><\/div>\n","protected":false},"excerpt":{"rendered":"<p>Durant el curs 2018-2019 els alumnes de 3r d&#8217;ESO del nostre centre novament participen el en programa Estimar no fa mal. Aquesta \u00e9s una activitat organitzada per\u00a0l&#8217;Ajuntament de Mollet del Vall\u00e8s i impulsada per l&#8217;Institut Catal\u00e0 de les Dones, una iniciativa que va n\u00e8ixer el 2014-2015 i que inclou diversos tallers per prevenir els alumnes [&hellip;]<\/p>\n","protected":false},"author":3,"featured_media":1040,"comment_status":"open","ping_status":"closed","sticky":false,"template":"","format":"standard","meta":{"_bbp_topic_count":0,"_bbp_reply_count":0,"_bbp_total_topic_count":0,"_bbp_total_reply_count":0,"_bbp_voice_count":0,"_bbp_anonymous_reply_count":0,"_bbp_topic_count_hidden":0,"_bbp_reply_count_hidden":0,"_bbp_forum_subforum_count":0,"site-sidebar-layout":"default","site-content-layout":"","ast-site-content-layout":"","site-content-style":"default","site-sidebar-style":"default","ast-global-header-display":"","ast-banner-title-visibility":"","ast-main-header-display":"","ast-hfb-above-header-display":"","ast-hfb-below-header-display":"","ast-hfb-mobile-header-display":"","site-post-title":"","ast-breadcrumbs-content":"","ast-featured-img":"","footer-sml-layout":"","theme-transparent-header-meta":"","adv-header-id-meta":"","stick-header-meta":"","header-above-stick-meta":"","header-main-stick-meta":"","header-below-stick-meta":"","astra-migrate-meta-layouts":"default","ast-page-background-enabled":"default","ast-page-background-meta":{"desktop":{"background-color":"var(--ast-global-color-4)","background-image":"","background-repeat":"repeat","background-position":"center center","background-size":"auto","background-attachment":"scroll","background-type":"","background-media":"","overlay-type":"","overlay-color":"","overlay-opacity":"","overlay-gradient":""},"tablet":{"background-color":"","background-image":"","background-repeat":"repeat","background-position":"center center","background-size":"auto","background-attachment":"scroll","background-type":"","background-media":"","overlay-type":"","overlay-color":"","overlay-opacity":"","overlay-gradient":""},"mobile":{"background-color":"","background-image":"","background-repeat":"repeat","background-position":"center center","background-size":"auto","background-attachment":"scroll","background-type":"","background-media":"","overlay-type":"","overlay-color":"","overlay-opacity":"","overlay-gradient":""}},"ast-content-background-meta":{"desktop":{"background-color":"var(--ast-global-color-5)","background-image":"","background-repeat":"repeat","background-position":"center center","background-size":"auto","background-attachment":"scroll","background-type":"","background-media":"","overlay-type":"","overlay-color":"","overlay-opacity":"","overlay-gradient":""},"tablet":{"background-color":"var(--ast-global-color-5)","background-image":"","background-repeat":"repeat","background-position":"center center","background-size":"auto","background-attachment":"scroll","background-type":"","background-media":"","overlay-type":"","overlay-color":"","overlay-opacity":"","overlay-gradient":""},"mobile":{"background-color":"var(--ast-global-color-5)","background-image":"","background-repeat":"repeat","background-position":"center center","background-size":"auto","background-attachment":"scroll","background-type":"","background-media":"","overlay-type":"","overlay-color":"","overlay-opacity":"","overlay-gradient":""}},"footnotes":""},"categories":[80,1,75],"tags":[83,94],"class_list":["post-1038","post","type-post","status-publish","format-standard","has-post-thumbnail","hentry","category-3r-eso","category-general","category-secundaria","tag-infonodes","tag-valors"],"post_mailing_queue_ids":[],"_links":{"self":[{"href":"https:\/\/agora.xtec.cat\/escolanouclave\/wp-json\/wp\/v2\/posts\/1038","targetHints":{"allow":["GET"]}}],"collection":[{"href":"https:\/\/agora.xtec.cat\/escolanouclave\/wp-json\/wp\/v2\/posts"}],"about":[{"href":"https:\/\/agora.xtec.cat\/escolanouclave\/wp-json\/wp\/v2\/types\/post"}],"author":[{"embeddable":true,"href":"https:\/\/agora.xtec.cat\/escolanouclave\/wp-json\/wp\/v2\/users\/3"}],"replies":[{"embeddable":true,"href":"https:\/\/agora.xtec.cat\/escolanouclave\/wp-json\/wp\/v2\/comments?post=1038"}],"version-history":[{"count":3,"href":"https:\/\/agora.xtec.cat\/escolanouclave\/wp-json\/wp\/v2\/posts\/1038\/revisions"}],"predecessor-version":[{"id":1042,"href":"https:\/\/agora.xtec.cat\/escolanouclave\/wp-json\/wp\/v2\/posts\/1038\/revisions\/1042"}],"wp:featuredmedia":[{"embeddable":true,"href":"https:\/\/agora.xtec.cat\/escolanouclave\/wp-json\/wp\/v2\/media\/1040"}],"wp:attachment":[{"href":"https:\/\/agora.xtec.cat\/escolanouclave\/wp-json\/wp\/v2\/media?parent=1038"}],"wp:term":[{"taxonomy":"category","embeddable":true,"href":"https:\/\/agora.xtec.cat\/escolanouclave\/wp-json\/wp\/v2\/categories?post=1038"},{"taxonomy":"post_tag","embeddable":true,"href":"https:\/\/agora.xtec.cat\/escolanouclave\/wp-json\/wp\/v2\/tags?post=1038"}],"curies":[{"name":"wp","href":"https:\/\/api.w.org\/{rel}","templated":true}]}}