{"id":10218,"date":"2022-03-07T13:00:38","date_gmt":"2022-03-07T12:00:38","guid":{"rendered":"https:\/\/agora.xtec.cat\/escolanouclave\/?p=10218"},"modified":"2022-03-07T13:00:38","modified_gmt":"2022-03-07T12:00:38","slug":"educacio-viaria","status":"publish","type":"post","link":"https:\/\/agora.xtec.cat\/escolanouclave\/general\/educacio-viaria\/","title":{"rendered":"EDUCACI\u00d3 VI\u00c0RIA"},"content":{"rendered":"<p>Els grups de P5, 2n, 4t i 6\u00e8 de prim\u00e0ria han participat de la formaci\u00f3 d&#8217;educaci\u00f3 vi\u00e0ria aquest any. Aquesta acci\u00f3 educativa \u00e9s encaminada al desenvolupament de coneixements, h\u00e0bits i actituds de l&#8217;alumnat, intentant millorar el seu comportament com a futurs conductors, vianants o viatgers, amb la fi \u00faltima de reduir la taxa d&#8217;accidents.<\/p>\n<p>Els eixos principals del programa <em>Mobilitat segura a les escoles<\/em>, que es treballen a l&#8217;aula per aconseguir els objectius en mat\u00e8ria d&#8217;educaci\u00f3 vi\u00e0ria i c\u00edvica, s\u00f3n apropar l&#8217;escolar a la realitat quotidiana per aconseguir un coneixement de l&#8217;entorn urb\u00e0, motivar l&#8217;escolar per ser un bon usuari de la via p\u00fablica, despertar l&#8217;inter\u00e8s pels temes relacionats amb el comportament c\u00edvic, desenvolupar h\u00e0bits i actituds de bon comportament ciutad\u00e0, valorar la prevenci\u00f3 com a eina efica\u00e7 per evitar situacions de risc i per millorar de l&#8217;autoprotecci\u00f3, descobrir avantatges en canvis de comportament de risc cap a una mobilitat segura, mostrar la Policia Municipal com a reguladora del tr\u00e0nsit i alhora facilitadora de seguretat.<\/p>\n\r\n\t<div class=\"slideshow_container slideshow_container_style-light\" style=\"height: 300px; \" data-slideshow-id=\"10226\" data-style-name=\"style-light\" data-style-version=\"2.3.1\" >\r\n\r\n\t\t\t\t\t<div class=\"slideshow_loading_icon\"><\/div>\r\n\t\t\r\n\t\t<div class=\"slideshow_content\" style=\"display: none;\">\r\n\r\n\t\t\t<div class=\"slideshow_view\">\r\n\t\t\t\t<div class=\"slideshow_slide slideshow_slide_image\">\r\n\t\t\t\t\t\t\t\t\t\t\t<img src=\"https:\/\/agora.xtec.cat\/escolanouclave\/wp-content\/uploads\/usu1363\/2022\/03\/PHOTO-2022-02-17-17-59-58.jpg\" alt=\"PHOTO-2022-02-17-17-59-58\" width=\"2048\" height=\"1536\" \/>\r\n\t\t\t\t\t\t\t\t\t\t<div class=\"slideshow_description_box slideshow_transparent\">\r\n\t\t\t\t\t\t\t\t\t\t\t\t\t\t\t\t\t<\/div>\r\n\t\t\t\t<\/div>\r\n\r\n\t\t\t\t\t\t<div style=\"clear: both;\"><\/div><\/div><div class=\"slideshow_view\">\r\n\t\t\t\t<div class=\"slideshow_slide slideshow_slide_image\">\r\n\t\t\t\t\t\t\t\t\t\t\t<img src=\"https:\/\/agora.xtec.cat\/escolanouclave\/wp-content\/uploads\/usu1363\/2022\/03\/PHOTO-2022-02-17-19-23-11.jpg\" alt=\"PHOTO-2022-02-17-19-23-11\" width=\"1600\" height=\"777\" \/>\r\n\t\t\t\t\t\t\t\t\t\t<div class=\"slideshow_description_box slideshow_transparent\">\r\n\t\t\t\t\t\t\t\t\t\t\t\t\t\t\t\t\t<\/div>\r\n\t\t\t\t<\/div>\r\n\r\n\t\t\t\t\t\t<div style=\"clear: both;\"><\/div><\/div><div class=\"slideshow_view\">\r\n\t\t\t\t<div class=\"slideshow_slide slideshow_slide_image\">\r\n\t\t\t\t\t\t\t\t\t\t\t<img src=\"https:\/\/agora.xtec.cat\/escolanouclave\/wp-content\/uploads\/usu1363\/2022\/03\/PHOTO-2022-02-17-19-23-17.jpg\" alt=\"PHOTO-2022-02-17-19-23-17\" width=\"1600\" height=\"777\" \/>\r\n\t\t\t\t\t\t\t\t\t\t<div class=\"slideshow_description_box slideshow_transparent\">\r\n\t\t\t\t\t\t\t\t\t\t\t\t\t\t\t\t\t<\/div>\r\n\t\t\t\t<\/div>\r\n\r\n\t\t\t\t\t\t<div style=\"clear: both;\"><\/div><\/div><div class=\"slideshow_view\">\r\n\t\t\t\t<div class=\"slideshow_slide slideshow_slide_image\">\r\n\t\t\t\t\t\t\t\t\t\t\t<img src=\"https:\/\/agora.xtec.cat\/escolanouclave\/wp-content\/uploads\/usu1363\/2022\/03\/PHOTO-2022-02-17-19-18-12.jpg\" alt=\"PHOTO-2022-02-17-19-18-12\" width=\"2000\" height=\"1500\" \/>\r\n\t\t\t\t\t\t\t\t\t\t<div class=\"slideshow_description_box slideshow_transparent\">\r\n\t\t\t\t\t\t\t\t\t\t\t\t\t\t\t\t\t<\/div>\r\n\t\t\t\t<\/div>\r\n\r\n\t\t\t\t\t\t<div style=\"clear: both;\"><\/div><\/div><div class=\"slideshow_view\">\r\n\t\t\t\t<div class=\"slideshow_slide slideshow_slide_image\">\r\n\t\t\t\t\t\t\t\t\t\t\t<img src=\"https:\/\/agora.xtec.cat\/escolanouclave\/wp-content\/uploads\/usu1363\/2022\/03\/PHOTO-2022-02-16-17-30-11.jpg\" alt=\"PHOTO-2022-02-16-17-30-11\" width=\"2000\" height=\"1500\" \/>\r\n\t\t\t\t\t\t\t\t\t\t<div class=\"slideshow_description_box slideshow_transparent\">\r\n\t\t\t\t\t\t\t\t\t\t\t\t\t\t\t\t\t<\/div>\r\n\t\t\t\t<\/div>\r\n\r\n\t\t\t\t\t\t<div style=\"clear: both;\"><\/div><\/div><div class=\"slideshow_view\">\r\n\t\t\t\t<div class=\"slideshow_slide slideshow_slide_image\">\r\n\t\t\t\t\t\t\t\t\t\t\t<img src=\"https:\/\/agora.xtec.cat\/escolanouclave\/wp-content\/uploads\/usu1363\/2022\/03\/PHOTO-2022-02-17-17-59-58-1.jpg\" alt=\"PHOTO-2022-02-17-17-59-58 (1)\" width=\"2048\" height=\"1297\" \/>\r\n\t\t\t\t\t\t\t\t\t\t<div class=\"slideshow_description_box slideshow_transparent\">\r\n\t\t\t\t\t\t\t\t\t\t\t\t\t\t\t\t\t<\/div>\r\n\t\t\t\t<\/div>\r\n\r\n\t\t\t\t\t\t<div style=\"clear: both;\"><\/div><\/div>\r\n\t\t<\/div>\r\n\r\n\t\t<div class=\"slideshow_controlPanel slideshow_transparent\" style=\"display: none;\"><ul><li class=\"slideshow_togglePlay\" data-play-text=\"Visualitza\" data-pause-text=\"Pausa\"><\/li><\/ul><\/div>\r\n\r\n\t\t<div class=\"slideshow_button slideshow_previous slideshow_transparent\" role=\"button\" data-previous-text=\"Anterior\" style=\"display: none;\"><\/div>\r\n\t\t<div class=\"slideshow_button slideshow_next slideshow_transparent\" role=\"button\" data-next-text=\"Seg\u00fcent\" style=\"display: none;\"><\/div>\r\n\r\n\t\t<div class=\"slideshow_pagination\" style=\"display: none;\" data-go-to-text=\"V\u00e9s a la diapositiva\"><div class=\"slideshow_pagination_center\"><\/div><\/div>\r\n\r\n\t\t<!-- WordPress Slideshow Version 2.3.1 -->\r\n\r\n\t\t\t<\/div>\r\n\r\n\n<p>&nbsp;<\/p>\n","protected":false},"excerpt":{"rendered":"<p>Els grups de P5, 2n, 4t i 6\u00e8 de prim\u00e0ria han participat de la formaci\u00f3 d&#8217;educaci\u00f3 vi\u00e0ria aquest any. Aquesta acci\u00f3 educativa \u00e9s encaminada al desenvolupament de coneixements, h\u00e0bits i actituds de l&#8217;alumnat, intentant millorar el seu comportament com a futurs conductors, vianants o viatgers, amb la fi \u00faltima de reduir la taxa d&#8217;accidents. Els [&hellip;]<\/p>\n","protected":false},"author":26,"featured_media":10222,"comment_status":"open","ping_status":"closed","sticky":false,"template":"","format":"standard","meta":{"_bbp_topic_count":0,"_bbp_reply_count":0,"_bbp_total_topic_count":0,"_bbp_total_reply_count":0,"_bbp_voice_count":0,"_bbp_anonymous_reply_count":0,"_bbp_topic_count_hidden":0,"_bbp_reply_count_hidden":0,"_bbp_forum_subforum_count":0,"site-sidebar-layout":"default","site-content-layout":"","ast-site-content-layout":"","site-content-style":"default","site-sidebar-style":"default","ast-global-header-display":"","ast-banner-title-visibility":"","ast-main-header-display":"","ast-hfb-above-header-display":"","ast-hfb-below-header-display":"","ast-hfb-mobile-header-display":"","site-post-title":"","ast-breadcrumbs-content":"","ast-featured-img":"","footer-sml-layout":"","theme-transparent-header-meta":"","adv-header-id-meta":"","stick-header-meta":"","header-above-stick-meta":"","header-main-stick-meta":"","header-below-stick-meta":"","astra-migrate-meta-layouts":"default","ast-page-background-enabled":"default","ast-page-background-meta":{"desktop":{"background-color":"var(--ast-global-color-4)","background-image":"","background-repeat":"repeat","background-position":"center center","background-size":"auto","background-attachment":"scroll","background-type":"","background-media":"","overlay-type":"","overlay-color":"","overlay-opacity":"","overlay-gradient":""},"tablet":{"background-color":"","background-image":"","background-repeat":"repeat","background-position":"center center","background-size":"auto","background-attachment":"scroll","background-type":"","background-media":"","overlay-type":"","overlay-color":"","overlay-opacity":"","overlay-gradient":""},"mobile":{"background-color":"","background-image":"","background-repeat":"repeat","background-position":"center center","background-size":"auto","background-attachment":"scroll","background-type":"","background-media":"","overlay-type":"","overlay-color":"","overlay-opacity":"","overlay-gradient":""}},"ast-content-background-meta":{"desktop":{"background-color":"var(--ast-global-color-5)","background-image":"","background-repeat":"repeat","background-position":"center center","background-size":"auto","background-attachment":"scroll","background-type":"","background-media":"","overlay-type":"","overlay-color":"","overlay-opacity":"","overlay-gradient":""},"tablet":{"background-color":"var(--ast-global-color-5)","background-image":"","background-repeat":"repeat","background-position":"center center","background-size":"auto","background-attachment":"scroll","background-type":"","background-media":"","overlay-type":"","overlay-color":"","overlay-opacity":"","overlay-gradient":""},"mobile":{"background-color":"var(--ast-global-color-5)","background-image":"","background-repeat":"repeat","background-position":"center center","background-size":"auto","background-attachment":"scroll","background-type":"","background-media":"","overlay-type":"","overlay-color":"","overlay-opacity":"","overlay-gradient":""}},"footnotes":""},"categories":[1,2,5],"tags":[136],"class_list":["post-10218","post","type-post","status-publish","format-standard","has-post-thumbnail","hentry","category-general","category-infantil","category-primaria","tag-educacio-vial"],"post_mailing_queue_ids":[],"_links":{"self":[{"href":"https:\/\/agora.xtec.cat\/escolanouclave\/wp-json\/wp\/v2\/posts\/10218","targetHints":{"allow":["GET"]}}],"collection":[{"href":"https:\/\/agora.xtec.cat\/escolanouclave\/wp-json\/wp\/v2\/posts"}],"about":[{"href":"https:\/\/agora.xtec.cat\/escolanouclave\/wp-json\/wp\/v2\/types\/post"}],"author":[{"embeddable":true,"href":"https:\/\/agora.xtec.cat\/escolanouclave\/wp-json\/wp\/v2\/users\/26"}],"replies":[{"embeddable":true,"href":"https:\/\/agora.xtec.cat\/escolanouclave\/wp-json\/wp\/v2\/comments?post=10218"}],"version-history":[{"count":3,"href":"https:\/\/agora.xtec.cat\/escolanouclave\/wp-json\/wp\/v2\/posts\/10218\/revisions"}],"predecessor-version":[{"id":10228,"href":"https:\/\/agora.xtec.cat\/escolanouclave\/wp-json\/wp\/v2\/posts\/10218\/revisions\/10228"}],"wp:featuredmedia":[{"embeddable":true,"href":"https:\/\/agora.xtec.cat\/escolanouclave\/wp-json\/wp\/v2\/media\/10222"}],"wp:attachment":[{"href":"https:\/\/agora.xtec.cat\/escolanouclave\/wp-json\/wp\/v2\/media?parent=10218"}],"wp:term":[{"taxonomy":"category","embeddable":true,"href":"https:\/\/agora.xtec.cat\/escolanouclave\/wp-json\/wp\/v2\/categories?post=10218"},{"taxonomy":"post_tag","embeddable":true,"href":"https:\/\/agora.xtec.cat\/escolanouclave\/wp-json\/wp\/v2\/tags?post=10218"}],"curies":[{"name":"wp","href":"https:\/\/api.w.org\/{rel}","templated":true}]}}