{"id":10178,"date":"2022-02-24T12:04:33","date_gmt":"2022-02-24T11:04:33","guid":{"rendered":"https:\/\/agora.xtec.cat\/escolanouclave\/?p=10178"},"modified":"2022-02-25T11:00:14","modified_gmt":"2022-02-25T10:00:14","slug":"xocolatada-solidaria-ed-infantil","status":"publish","type":"post","link":"https:\/\/agora.xtec.cat\/escolanouclave\/general\/xocolatada-solidaria-ed-infantil\/","title":{"rendered":"XOCOLATADA SOLID\u00c0RIA: Muntem un bon cacau!"},"content":{"rendered":"<p>El 15 de febrer es celebra el Dia Internacional del C\u00e0ncer Infantil. Aquest dia t\u00e9 com a objectiu sensibilitzar i conscienciar sobre la import\u00e0ncia dels reptes als que s\u2019enfronten els nens i adolescents amb c\u00e0ncer i les seves fam\u00edlies, aix\u00ed com de la necessitat de que tots els nens en qualsevol lloc del m\u00f3n tinguin acc\u00e9s a un diagn\u00f2stic prec\u00eds i preco\u00e7 i puguin rebre un tractament efica\u00e7.<\/p>\n<p>Dins d&#8217;aquesta diada, a l&#8217;escola ens vam sumar novament a la iniciativa de la xocolatada solid\u00e0ria, on tot l&#8217;alumnat, des de P3 a 4t d&#8217;ESO, va passar un mat\u00ed especial amb un esmorzar de xocolata i melindros.<\/p>\n<p>La recaptaci\u00f3 obtinguda es destina \u00edntegrament a projectes per la investigaci\u00f3, el diagn\u00f2stic i el tractament del c\u00e0ncer infantil que es desenvolupane a l\u2019Hospital Sant Joan de D\u00e9u.<\/p>\n<p>En els grups de menor edat, vam aprofitar l&#8217;ocasi\u00f3 per treballar h\u00e0bits tant personals com socials, d&#8217;higiene i salut, cura de l&#8217;entorn i cura dels altres. Quin valor m\u00e9s bonic poder ajudar als altres!<\/p>\n<p>&nbsp;<\/p>\n<p><a href=\"https:\/\/agora.xtec.cat\/escolanouclave\/wp-content\/uploads\/usu1363\/2022\/02\/PHOTO-2022-02-16-11-29-18.jpg\"><img loading=\"lazy\" decoding=\"async\" class=\"wp-image-10183 aligncenter\" src=\"https:\/\/agora.xtec.cat\/escolanouclave\/wp-content\/uploads\/usu1363\/2022\/02\/PHOTO-2022-02-16-11-29-18-1024x768.jpg\" alt=\"\" width=\"428\" height=\"321\" srcset=\"https:\/\/agora.xtec.cat\/escolanouclave\/wp-content\/uploads\/usu1363\/2022\/02\/PHOTO-2022-02-16-11-29-18-1024x768.jpg 1024w, https:\/\/agora.xtec.cat\/escolanouclave\/wp-content\/uploads\/usu1363\/2022\/02\/PHOTO-2022-02-16-11-29-18-300x225.jpg 300w, https:\/\/agora.xtec.cat\/escolanouclave\/wp-content\/uploads\/usu1363\/2022\/02\/PHOTO-2022-02-16-11-29-18-768x576.jpg 768w, https:\/\/agora.xtec.cat\/escolanouclave\/wp-content\/uploads\/usu1363\/2022\/02\/PHOTO-2022-02-16-11-29-18-1536x1152.jpg 1536w, https:\/\/agora.xtec.cat\/escolanouclave\/wp-content\/uploads\/usu1363\/2022\/02\/PHOTO-2022-02-16-11-29-18-200x150.jpg 200w, https:\/\/agora.xtec.cat\/escolanouclave\/wp-content\/uploads\/usu1363\/2022\/02\/PHOTO-2022-02-16-11-29-18.jpg 2048w\" sizes=\"auto, (max-width: 428px) 100vw, 428px\" \/><\/a><a href=\"https:\/\/agora.xtec.cat\/escolanouclave\/wp-content\/uploads\/usu1363\/2022\/02\/PHOTO-2022-02-16-11-30-02.jpg\"><img loading=\"lazy\" decoding=\"async\" class=\"wp-image-10182 aligncenter\" src=\"https:\/\/agora.xtec.cat\/escolanouclave\/wp-content\/uploads\/usu1363\/2022\/02\/PHOTO-2022-02-16-11-30-02-768x1024.jpg\" alt=\"\" width=\"298\" height=\"398\" srcset=\"https:\/\/agora.xtec.cat\/escolanouclave\/wp-content\/uploads\/usu1363\/2022\/02\/PHOTO-2022-02-16-11-30-02-768x1023.jpg 768w, https:\/\/agora.xtec.cat\/escolanouclave\/wp-content\/uploads\/usu1363\/2022\/02\/PHOTO-2022-02-16-11-30-02-225x300.jpg 225w, https:\/\/agora.xtec.cat\/escolanouclave\/wp-content\/uploads\/usu1363\/2022\/02\/PHOTO-2022-02-16-11-30-02-1153x1536.jpg 1153w, https:\/\/agora.xtec.cat\/escolanouclave\/wp-content\/uploads\/usu1363\/2022\/02\/PHOTO-2022-02-16-11-30-02.jpg 1200w\" sizes=\"auto, (max-width: 298px) 100vw, 298px\" \/><\/a><\/p>\n<p><a href=\"https:\/\/agora.xtec.cat\/escolanouclave\/wp-content\/uploads\/usu1363\/2022\/02\/IMG-7832.jpg\"><img loading=\"lazy\" decoding=\"async\" class=\"wp-image-10200 aligncenter\" src=\"https:\/\/agora.xtec.cat\/escolanouclave\/wp-content\/uploads\/usu1363\/2022\/02\/IMG-7832-1024x768.jpg\" alt=\"\" width=\"433\" height=\"324\" srcset=\"https:\/\/agora.xtec.cat\/escolanouclave\/wp-content\/uploads\/usu1363\/2022\/02\/IMG-7832-1024x768.jpg 1024w, https:\/\/agora.xtec.cat\/escolanouclave\/wp-content\/uploads\/usu1363\/2022\/02\/IMG-7832-300x225.jpg 300w, https:\/\/agora.xtec.cat\/escolanouclave\/wp-content\/uploads\/usu1363\/2022\/02\/IMG-7832-768x576.jpg 768w, https:\/\/agora.xtec.cat\/escolanouclave\/wp-content\/uploads\/usu1363\/2022\/02\/IMG-7832-1536x1152.jpg 1536w, https:\/\/agora.xtec.cat\/escolanouclave\/wp-content\/uploads\/usu1363\/2022\/02\/IMG-7832-200x150.jpg 200w, https:\/\/agora.xtec.cat\/escolanouclave\/wp-content\/uploads\/usu1363\/2022\/02\/IMG-7832.jpg 2000w\" sizes=\"auto, (max-width: 433px) 100vw, 433px\" \/><\/a><\/p>\n<p><a href=\"https:\/\/agora.xtec.cat\/escolanouclave\/wp-content\/uploads\/usu1363\/2022\/02\/IMG-9656-scaled.jpg\"><img loading=\"lazy\" decoding=\"async\" class=\"wp-image-10202 aligncenter\" src=\"https:\/\/agora.xtec.cat\/escolanouclave\/wp-content\/uploads\/usu1363\/2022\/02\/IMG-9656-768x1024.jpg\" alt=\"\" width=\"304\" height=\"406\" srcset=\"https:\/\/agora.xtec.cat\/escolanouclave\/wp-content\/uploads\/usu1363\/2022\/02\/IMG-9656-768x1024.jpg 768w, https:\/\/agora.xtec.cat\/escolanouclave\/wp-content\/uploads\/usu1363\/2022\/02\/IMG-9656-225x300.jpg 225w, https:\/\/agora.xtec.cat\/escolanouclave\/wp-content\/uploads\/usu1363\/2022\/02\/IMG-9656-1152x1536.jpg 1152w, https:\/\/agora.xtec.cat\/escolanouclave\/wp-content\/uploads\/usu1363\/2022\/02\/IMG-9656-1536x2048.jpg 1536w, https:\/\/agora.xtec.cat\/escolanouclave\/wp-content\/uploads\/usu1363\/2022\/02\/IMG-9656-scaled.jpg 1920w\" sizes=\"auto, (max-width: 304px) 100vw, 304px\" \/><\/a><\/p>\n","protected":false},"excerpt":{"rendered":"<p>El 15 de febrer es celebra el Dia Internacional del C\u00e0ncer Infantil. Aquest dia t\u00e9 com a objectiu sensibilitzar i conscienciar sobre la import\u00e0ncia dels reptes als que s\u2019enfronten els nens i adolescents amb c\u00e0ncer i les seves fam\u00edlies, aix\u00ed com de la necessitat de que tots els nens en qualsevol lloc del m\u00f3n tinguin [&hellip;]<\/p>\n","protected":false},"author":6,"featured_media":10185,"comment_status":"open","ping_status":"closed","sticky":false,"template":"","format":"standard","meta":{"_bbp_topic_count":0,"_bbp_reply_count":0,"_bbp_total_topic_count":0,"_bbp_total_reply_count":0,"_bbp_voice_count":0,"_bbp_anonymous_reply_count":0,"_bbp_topic_count_hidden":0,"_bbp_reply_count_hidden":0,"_bbp_forum_subforum_count":0,"site-sidebar-layout":"default","site-content-layout":"","ast-site-content-layout":"","site-content-style":"default","site-sidebar-style":"default","ast-global-header-display":"","ast-banner-title-visibility":"","ast-main-header-display":"","ast-hfb-above-header-display":"","ast-hfb-below-header-display":"","ast-hfb-mobile-header-display":"","site-post-title":"","ast-breadcrumbs-content":"","ast-featured-img":"","footer-sml-layout":"","theme-transparent-header-meta":"","adv-header-id-meta":"","stick-header-meta":"","header-above-stick-meta":"","header-main-stick-meta":"","header-below-stick-meta":"","astra-migrate-meta-layouts":"default","ast-page-background-enabled":"default","ast-page-background-meta":{"desktop":{"background-color":"var(--ast-global-color-4)","background-image":"","background-repeat":"repeat","background-position":"center center","background-size":"auto","background-attachment":"scroll","background-type":"","background-media":"","overlay-type":"","overlay-color":"","overlay-opacity":"","overlay-gradient":""},"tablet":{"background-color":"","background-image":"","background-repeat":"repeat","background-position":"center center","background-size":"auto","background-attachment":"scroll","background-type":"","background-media":"","overlay-type":"","overlay-color":"","overlay-opacity":"","overlay-gradient":""},"mobile":{"background-color":"","background-image":"","background-repeat":"repeat","background-position":"center center","background-size":"auto","background-attachment":"scroll","background-type":"","background-media":"","overlay-type":"","overlay-color":"","overlay-opacity":"","overlay-gradient":""}},"ast-content-background-meta":{"desktop":{"background-color":"var(--ast-global-color-5)","background-image":"","background-repeat":"repeat","background-position":"center center","background-size":"auto","background-attachment":"scroll","background-type":"","background-media":"","overlay-type":"","overlay-color":"","overlay-opacity":"","overlay-gradient":""},"tablet":{"background-color":"var(--ast-global-color-5)","background-image":"","background-repeat":"repeat","background-position":"center center","background-size":"auto","background-attachment":"scroll","background-type":"","background-media":"","overlay-type":"","overlay-color":"","overlay-opacity":"","overlay-gradient":""},"mobile":{"background-color":"var(--ast-global-color-5)","background-image":"","background-repeat":"repeat","background-position":"center center","background-size":"auto","background-attachment":"scroll","background-type":"","background-media":"","overlay-type":"","overlay-color":"","overlay-opacity":"","overlay-gradient":""}},"footnotes":""},"categories":[1,2,3,8,98],"tags":[],"class_list":["post-10178","post","type-post","status-publish","format-standard","has-post-thumbnail","hentry","category-general","category-infantil","category-p3","category-p4","category-p5-infantil"],"post_mailing_queue_ids":[],"_links":{"self":[{"href":"https:\/\/agora.xtec.cat\/escolanouclave\/wp-json\/wp\/v2\/posts\/10178","targetHints":{"allow":["GET"]}}],"collection":[{"href":"https:\/\/agora.xtec.cat\/escolanouclave\/wp-json\/wp\/v2\/posts"}],"about":[{"href":"https:\/\/agora.xtec.cat\/escolanouclave\/wp-json\/wp\/v2\/types\/post"}],"author":[{"embeddable":true,"href":"https:\/\/agora.xtec.cat\/escolanouclave\/wp-json\/wp\/v2\/users\/6"}],"replies":[{"embeddable":true,"href":"https:\/\/agora.xtec.cat\/escolanouclave\/wp-json\/wp\/v2\/comments?post=10178"}],"version-history":[{"count":4,"href":"https:\/\/agora.xtec.cat\/escolanouclave\/wp-json\/wp\/v2\/posts\/10178\/revisions"}],"predecessor-version":[{"id":10210,"href":"https:\/\/agora.xtec.cat\/escolanouclave\/wp-json\/wp\/v2\/posts\/10178\/revisions\/10210"}],"wp:featuredmedia":[{"embeddable":true,"href":"https:\/\/agora.xtec.cat\/escolanouclave\/wp-json\/wp\/v2\/media\/10185"}],"wp:attachment":[{"href":"https:\/\/agora.xtec.cat\/escolanouclave\/wp-json\/wp\/v2\/media?parent=10178"}],"wp:term":[{"taxonomy":"category","embeddable":true,"href":"https:\/\/agora.xtec.cat\/escolanouclave\/wp-json\/wp\/v2\/categories?post=10178"},{"taxonomy":"post_tag","embeddable":true,"href":"https:\/\/agora.xtec.cat\/escolanouclave\/wp-json\/wp\/v2\/tags?post=10178"}],"curies":[{"name":"wp","href":"https:\/\/api.w.org\/{rel}","templated":true}]}}