{"id":10071,"date":"2021-12-22T11:38:13","date_gmt":"2021-12-22T10:38:13","guid":{"rendered":"https:\/\/agora.xtec.cat\/escolanouclave\/?p=10071"},"modified":"2021-12-22T11:38:13","modified_gmt":"2021-12-22T10:38:13","slug":"lhora-de-fer-musica","status":"publish","type":"post","link":"https:\/\/agora.xtec.cat\/escolanouclave\/general\/lhora-de-fer-musica\/","title":{"rendered":"L&#8217;HORA DE FER M\u00daSICA"},"content":{"rendered":"<p>\u00c9s l&#8217;hora de fer m\u00fasica!! Aix\u00ed diu la can\u00e7\u00f3 amb la qual iniciem cada dia la nostra sessi\u00f3:<\/p>\n<div class=\"ast-oembed-container \" style=\"height: 100%;\"><iframe loading=\"lazy\" title=\"D\u00e0maris Gelabert - L&#039;HORA DE FER M\u00daSICA (Videoclip Oficial) #can\u00e7onsinfantils #can\u00e7onsperaprendre\" width=\"500\" height=\"281\" src=\"https:\/\/www.youtube.com\/embed\/UwZfD0rjeVk?feature=oembed\" frameborder=\"0\" allow=\"accelerometer; autoplay; clipboard-write; encrypted-media; gyroscope; picture-in-picture; web-share\" referrerpolicy=\"strict-origin-when-cross-origin\" allowfullscreen><\/iframe><\/div>\n<p>&nbsp;<\/p>\n<p>Tots coneixem ja els beneficis de la m\u00fasica en els nostres infants: des del foment de la creativitat i la concentraci\u00f3, a la millora de la psicomotricitat, passant pel refor\u00e7 del llenguatge mitjan\u00e7ant les can\u00e7ons i, per descomptat, el foment de la socialitzaci\u00f3.<\/p>\n<p>Durant aquest trimestre, a la classe de m\u00fasica, hem conegut aspectes de llenguatge musical com:<\/p>\n<p><a href=\"https:\/\/agora.xtec.cat\/escolanouclave\/wp-content\/uploads\/usu1363\/2021\/12\/SO-2-1.jpg\">\u00a0 \u00a0 \u00a0 \u00a0 \u00a0 \u00a0 \u00a0 \u00a0 \u00a0 \u00a0 \u00a0 \u00a0 \u00a0 \u00a0 \u00a0 \u00a0 \u00a0 \u00a0 \u00a0 <img loading=\"lazy\" decoding=\"async\" class=\"size-full wp-image-10085 alignnone\" src=\"https:\/\/agora.xtec.cat\/escolanouclave\/wp-content\/uploads\/usu1363\/2021\/12\/SO-2-1.jpg\" alt=\"\" width=\"224\" height=\"225\" srcset=\"https:\/\/agora.xtec.cat\/escolanouclave\/wp-content\/uploads\/usu1363\/2021\/12\/SO-2-1.jpg 224w, https:\/\/agora.xtec.cat\/escolanouclave\/wp-content\/uploads\/usu1363\/2021\/12\/SO-2-1-150x150.jpg 150w\" sizes=\"auto, (max-width: 224px) 100vw, 224px\" \/><\/a> <a href=\"https:\/\/agora.xtec.cat\/escolanouclave\/wp-content\/uploads\/usu1363\/2021\/12\/SILENCI.png\"><img loading=\"lazy\" decoding=\"async\" class=\"size-full wp-image-10082 alignnone\" src=\"https:\/\/agora.xtec.cat\/escolanouclave\/wp-content\/uploads\/usu1363\/2021\/12\/SILENCI.png\" alt=\"\" width=\"224\" height=\"225\" srcset=\"https:\/\/agora.xtec.cat\/escolanouclave\/wp-content\/uploads\/usu1363\/2021\/12\/SILENCI.png 224w, https:\/\/agora.xtec.cat\/escolanouclave\/wp-content\/uploads\/usu1363\/2021\/12\/SILENCI-150x150.png 150w\" sizes=\"auto, (max-width: 224px) 100vw, 224px\" \/><\/a><\/p>\n<p style=\"text-align: center\">(grafies de so i silenci)<a href=\"https:\/\/agora.xtec.cat\/escolanouclave\/wp-content\/uploads\/usu1363\/2021\/12\/FORT-FLUIX-2.jpg\"><img loading=\"lazy\" decoding=\"async\" class=\"wp-image-10086 aligncenter\" src=\"https:\/\/agora.xtec.cat\/escolanouclave\/wp-content\/uploads\/usu1363\/2021\/12\/FORT-FLUIX-2.jpg\" alt=\"\" width=\"354\" height=\"158\" srcset=\"https:\/\/agora.xtec.cat\/escolanouclave\/wp-content\/uploads\/usu1363\/2021\/12\/FORT-FLUIX-2.jpg 769w, https:\/\/agora.xtec.cat\/escolanouclave\/wp-content\/uploads\/usu1363\/2021\/12\/FORT-FLUIX-2-300x134.jpg 300w\" sizes=\"auto, (max-width: 354px) 100vw, 354px\" \/><\/a>(grafies de fort i fluix),<\/p>\n<p style=\"text-align: left\">Hem gaudit de diferents audicions de m\u00fasica cl\u00e0ssica i apr\u00e8s can\u00e7ons i danses. Tamb\u00e9 hem fet una primera presa de contacte amb alguns instruments de percussi\u00f3. Treballant de manera l\u00fadica i vivencial, aconseguim un aprenentatge significatiu i proper pels alumnes.<\/p>\n<p>A continuaci\u00f3 us deixem l&#8217;enlla\u00e7 per tal que conegueu una de les can\u00e7ons que hem fet servir per treballar el so i el silenci:<\/p>\n<p><a href=\"https:\/\/www.youtube.com\/watch?v=sZvyR8whb00\">ROCK AND ROLL FREEZE<\/a><\/p>\n<p>Aprofitant les dades nadalenques, hem treballat l&#8217;obra &#8220;El Trencanous&#8221; de Txaikovski. A partir de l&#8217;explicaci\u00f3 de la hist\u00f2ria hem conegut algunes de les peces que componen aquest ballet i les hem escenificat per assimilar m\u00e9s f\u00e0cilment l&#8217;estructura de cadascuna d&#8217;elles. Aqu\u00ed teniu les que hem treballat:<\/p>\n<p><a href=\"https:\/\/www.youtube.com\/watch?v=eW1sR-A6AA8\" target=\"_blank\" rel=\"noopener\">DANSA XINESA<\/a><\/p>\n<p><a href=\"https:\/\/www.youtube.com\/watch?v=V2_aMnEVsgo\" target=\"_blank\" rel=\"noopener\">MARXA. EL TRENCANOUS<\/a><\/p>\n<p>Hem finalitzat el trimestre amb la nadala de cadascun dels grups, que aquest any s&#8217;han interpretat a ritme de rock. Nois i noies, heu sigut uns grans roquers!!<\/p>\n","protected":false},"excerpt":{"rendered":"<p>\u00c9s l&#8217;hora de fer m\u00fasica!! Aix\u00ed diu la can\u00e7\u00f3 amb la qual iniciem cada dia la nostra sessi\u00f3: &nbsp; Tots coneixem ja els beneficis de la m\u00fasica en els nostres infants: des del foment de la creativitat i la concentraci\u00f3, a la millora de la psicomotricitat, passant pel refor\u00e7 del llenguatge mitjan\u00e7ant les can\u00e7ons i, [&hellip;]<\/p>\n","protected":false},"author":11,"featured_media":10097,"comment_status":"open","ping_status":"closed","sticky":false,"template":"","format":"standard","meta":{"_bbp_topic_count":0,"_bbp_reply_count":0,"_bbp_total_topic_count":0,"_bbp_total_reply_count":0,"_bbp_voice_count":0,"_bbp_anonymous_reply_count":0,"_bbp_topic_count_hidden":0,"_bbp_reply_count_hidden":0,"_bbp_forum_subforum_count":0,"site-sidebar-layout":"default","site-content-layout":"","ast-site-content-layout":"","site-content-style":"default","site-sidebar-style":"default","ast-global-header-display":"","ast-banner-title-visibility":"","ast-main-header-display":"","ast-hfb-above-header-display":"","ast-hfb-below-header-display":"","ast-hfb-mobile-header-display":"","site-post-title":"","ast-breadcrumbs-content":"","ast-featured-img":"","footer-sml-layout":"","theme-transparent-header-meta":"","adv-header-id-meta":"","stick-header-meta":"","header-above-stick-meta":"","header-main-stick-meta":"","header-below-stick-meta":"","astra-migrate-meta-layouts":"default","ast-page-background-enabled":"default","ast-page-background-meta":{"desktop":{"background-color":"var(--ast-global-color-4)","background-image":"","background-repeat":"repeat","background-position":"center center","background-size":"auto","background-attachment":"scroll","background-type":"","background-media":"","overlay-type":"","overlay-color":"","overlay-opacity":"","overlay-gradient":""},"tablet":{"background-color":"","background-image":"","background-repeat":"repeat","background-position":"center center","background-size":"auto","background-attachment":"scroll","background-type":"","background-media":"","overlay-type":"","overlay-color":"","overlay-opacity":"","overlay-gradient":""},"mobile":{"background-color":"","background-image":"","background-repeat":"repeat","background-position":"center center","background-size":"auto","background-attachment":"scroll","background-type":"","background-media":"","overlay-type":"","overlay-color":"","overlay-opacity":"","overlay-gradient":""}},"ast-content-background-meta":{"desktop":{"background-color":"var(--ast-global-color-5)","background-image":"","background-repeat":"repeat","background-position":"center center","background-size":"auto","background-attachment":"scroll","background-type":"","background-media":"","overlay-type":"","overlay-color":"","overlay-opacity":"","overlay-gradient":""},"tablet":{"background-color":"var(--ast-global-color-5)","background-image":"","background-repeat":"repeat","background-position":"center center","background-size":"auto","background-attachment":"scroll","background-type":"","background-media":"","overlay-type":"","overlay-color":"","overlay-opacity":"","overlay-gradient":""},"mobile":{"background-color":"var(--ast-global-color-5)","background-image":"","background-repeat":"repeat","background-position":"center center","background-size":"auto","background-attachment":"scroll","background-type":"","background-media":"","overlay-type":"","overlay-color":"","overlay-opacity":"","overlay-gradient":""}},"footnotes":""},"categories":[1,2,3,8,98],"tags":[1054,1056,121,742,272,1055],"class_list":["post-10071","post","type-post","status-publish","format-standard","has-post-thumbnail","hentry","category-general","category-infantil","category-p3","category-p4","category-p5-infantil","tag-anselm-clave","tag-audicions","tag-infantil","tag-llenguatge-musical","tag-musica","tag-trencanous"],"post_mailing_queue_ids":[],"_links":{"self":[{"href":"https:\/\/agora.xtec.cat\/escolanouclave\/wp-json\/wp\/v2\/posts\/10071","targetHints":{"allow":["GET"]}}],"collection":[{"href":"https:\/\/agora.xtec.cat\/escolanouclave\/wp-json\/wp\/v2\/posts"}],"about":[{"href":"https:\/\/agora.xtec.cat\/escolanouclave\/wp-json\/wp\/v2\/types\/post"}],"author":[{"embeddable":true,"href":"https:\/\/agora.xtec.cat\/escolanouclave\/wp-json\/wp\/v2\/users\/11"}],"replies":[{"embeddable":true,"href":"https:\/\/agora.xtec.cat\/escolanouclave\/wp-json\/wp\/v2\/comments?post=10071"}],"version-history":[{"count":3,"href":"https:\/\/agora.xtec.cat\/escolanouclave\/wp-json\/wp\/v2\/posts\/10071\/revisions"}],"predecessor-version":[{"id":10096,"href":"https:\/\/agora.xtec.cat\/escolanouclave\/wp-json\/wp\/v2\/posts\/10071\/revisions\/10096"}],"wp:featuredmedia":[{"embeddable":true,"href":"https:\/\/agora.xtec.cat\/escolanouclave\/wp-json\/wp\/v2\/media\/10097"}],"wp:attachment":[{"href":"https:\/\/agora.xtec.cat\/escolanouclave\/wp-json\/wp\/v2\/media?parent=10071"}],"wp:term":[{"taxonomy":"category","embeddable":true,"href":"https:\/\/agora.xtec.cat\/escolanouclave\/wp-json\/wp\/v2\/categories?post=10071"},{"taxonomy":"post_tag","embeddable":true,"href":"https:\/\/agora.xtec.cat\/escolanouclave\/wp-json\/wp\/v2\/tags?post=10071"}],"curies":[{"name":"wp","href":"https:\/\/api.w.org\/{rel}","templated":true}]}}