{"id":10025,"date":"2021-11-20T12:45:02","date_gmt":"2021-11-20T11:45:02","guid":{"rendered":"https:\/\/agora.xtec.cat\/escolanouclave\/?p=10025"},"modified":"2021-11-20T12:45:02","modified_gmt":"2021-11-20T11:45:02","slug":"setmana-de-la-ciencia-2021","status":"publish","type":"post","link":"https:\/\/agora.xtec.cat\/escolanouclave\/general\/setmana-de-la-ciencia-2021\/","title":{"rendered":"SETMANA DE LA CI\u00c8NCIA 2021"},"content":{"rendered":"<p>Com a cloenda de la Setmana de la Ci\u00e8ncia, a l&#8217;escola hem organitzat la 3a edici\u00f3 de la Fira de Ci\u00e8ncia Anselm Clav\u00e9.<\/p>\n<p>L&#8217;objectiu fonamental d&#8217;aquesta jornada \u00e9s despertar i potenciar l&#8217;inter\u00e8s de l&#8217;alumnat vers la ci\u00e8ncia i la tecnologia.<\/p>\n<p>Aquest any han estat els m\u00e9s petits i els m\u00e9s grans de l&#8217;escola (Infantil i ESO) els encarregats de transmetre les seves experi\u00e8ncies als seus companys de Prim\u00e0ria.<\/p>\n<p>Amb les pr\u00e0ctiques realitzades hem treballat temes molt diversos com els efectes de l&#8217;aire, el pes dels l\u00edquids, els colors, els estats i la depuraci\u00f3 de l&#8217;aigua, l&#8217;energia solar&#8230; i fins i tot, hem participat en l&#8217;excavaci\u00f3 arqueol\u00f2gica del rei\u00a0 Claverius I.<\/p>\n<p>Tot plegat, ha resultat ser un dia ple d&#8217;experi\u00e8ncies motivadores i que tota l&#8217;escola hem gaudit plenament.<\/p>\n<p><a href=\"https:\/\/agora.xtec.cat\/escolanouclave\/wp-content\/uploads\/usu1363\/2021\/11\/Dia-de-la-ciencia-2021-1.png\"><img loading=\"lazy\" decoding=\"async\" class=\"aligncenter size-medium wp-image-10030\" src=\"https:\/\/agora.xtec.cat\/escolanouclave\/wp-content\/uploads\/usu1363\/2021\/11\/Dia-de-la-ciencia-2021-1-300x240.png\" alt=\"\" width=\"300\" height=\"240\" srcset=\"https:\/\/agora.xtec.cat\/escolanouclave\/wp-content\/uploads\/usu1363\/2021\/11\/Dia-de-la-ciencia-2021-1-300x240.png 300w, https:\/\/agora.xtec.cat\/escolanouclave\/wp-content\/uploads\/usu1363\/2021\/11\/Dia-de-la-ciencia-2021-1-768x614.png 768w, https:\/\/agora.xtec.cat\/escolanouclave\/wp-content\/uploads\/usu1363\/2021\/11\/Dia-de-la-ciencia-2021-1.png 1000w\" sizes=\"auto, (max-width: 300px) 100vw, 300px\" \/><\/a><\/p>\n<p><a href=\"https:\/\/agora.xtec.cat\/escolanouclave\/wp-content\/uploads\/usu1363\/2021\/11\/Dia-de-la-ciencia-2021-2.png\"><img loading=\"lazy\" decoding=\"async\" class=\"aligncenter size-medium wp-image-10031\" src=\"https:\/\/agora.xtec.cat\/escolanouclave\/wp-content\/uploads\/usu1363\/2021\/11\/Dia-de-la-ciencia-2021-2-300x240.png\" alt=\"\" width=\"300\" height=\"240\" srcset=\"https:\/\/agora.xtec.cat\/escolanouclave\/wp-content\/uploads\/usu1363\/2021\/11\/Dia-de-la-ciencia-2021-2-300x240.png 300w, https:\/\/agora.xtec.cat\/escolanouclave\/wp-content\/uploads\/usu1363\/2021\/11\/Dia-de-la-ciencia-2021-2-768x614.png 768w, https:\/\/agora.xtec.cat\/escolanouclave\/wp-content\/uploads\/usu1363\/2021\/11\/Dia-de-la-ciencia-2021-2.png 1000w\" sizes=\"auto, (max-width: 300px) 100vw, 300px\" \/><\/a><\/p>\n<p><a href=\"https:\/\/agora.xtec.cat\/escolanouclave\/wp-content\/uploads\/usu1363\/2021\/11\/Dia-de-la-ciencia-2021-3.png\"><img loading=\"lazy\" decoding=\"async\" class=\"aligncenter size-medium wp-image-10032\" src=\"https:\/\/agora.xtec.cat\/escolanouclave\/wp-content\/uploads\/usu1363\/2021\/11\/Dia-de-la-ciencia-2021-3-300x240.png\" alt=\"\" width=\"300\" height=\"240\" srcset=\"https:\/\/agora.xtec.cat\/escolanouclave\/wp-content\/uploads\/usu1363\/2021\/11\/Dia-de-la-ciencia-2021-3-300x240.png 300w, https:\/\/agora.xtec.cat\/escolanouclave\/wp-content\/uploads\/usu1363\/2021\/11\/Dia-de-la-ciencia-2021-3-768x614.png 768w, https:\/\/agora.xtec.cat\/escolanouclave\/wp-content\/uploads\/usu1363\/2021\/11\/Dia-de-la-ciencia-2021-3.png 1000w\" sizes=\"auto, (max-width: 300px) 100vw, 300px\" \/><\/a><\/p>\n<p><a href=\"https:\/\/agora.xtec.cat\/escolanouclave\/wp-content\/uploads\/usu1363\/2021\/11\/Dia-de-la-ciencia-2021-4.png\"><img loading=\"lazy\" decoding=\"async\" class=\"aligncenter size-medium wp-image-10033\" src=\"https:\/\/agora.xtec.cat\/escolanouclave\/wp-content\/uploads\/usu1363\/2021\/11\/Dia-de-la-ciencia-2021-4-300x240.png\" alt=\"\" width=\"300\" height=\"240\" srcset=\"https:\/\/agora.xtec.cat\/escolanouclave\/wp-content\/uploads\/usu1363\/2021\/11\/Dia-de-la-ciencia-2021-4-300x240.png 300w, https:\/\/agora.xtec.cat\/escolanouclave\/wp-content\/uploads\/usu1363\/2021\/11\/Dia-de-la-ciencia-2021-4-768x614.png 768w, https:\/\/agora.xtec.cat\/escolanouclave\/wp-content\/uploads\/usu1363\/2021\/11\/Dia-de-la-ciencia-2021-4.png 1000w\" sizes=\"auto, (max-width: 300px) 100vw, 300px\" \/><\/a><\/p>\n<p><a href=\"https:\/\/agora.xtec.cat\/escolanouclave\/wp-content\/uploads\/usu1363\/2021\/11\/Dia-de-la-ciencia-2021-5.png\"><img loading=\"lazy\" decoding=\"async\" class=\"aligncenter size-medium wp-image-10034\" src=\"https:\/\/agora.xtec.cat\/escolanouclave\/wp-content\/uploads\/usu1363\/2021\/11\/Dia-de-la-ciencia-2021-5-300x240.png\" alt=\"\" width=\"300\" height=\"240\" srcset=\"https:\/\/agora.xtec.cat\/escolanouclave\/wp-content\/uploads\/usu1363\/2021\/11\/Dia-de-la-ciencia-2021-5-300x240.png 300w, https:\/\/agora.xtec.cat\/escolanouclave\/wp-content\/uploads\/usu1363\/2021\/11\/Dia-de-la-ciencia-2021-5-768x614.png 768w, https:\/\/agora.xtec.cat\/escolanouclave\/wp-content\/uploads\/usu1363\/2021\/11\/Dia-de-la-ciencia-2021-5.png 1000w\" sizes=\"auto, (max-width: 300px) 100vw, 300px\" \/><\/a><\/p>\n<p><a href=\"https:\/\/agora.xtec.cat\/escolanouclave\/wp-content\/uploads\/usu1363\/2021\/11\/Dia-de-la-ciencia-2021-6.png\"><img loading=\"lazy\" decoding=\"async\" class=\"aligncenter size-medium wp-image-10035\" src=\"https:\/\/agora.xtec.cat\/escolanouclave\/wp-content\/uploads\/usu1363\/2021\/11\/Dia-de-la-ciencia-2021-6-300x240.png\" alt=\"\" width=\"300\" height=\"240\" srcset=\"https:\/\/agora.xtec.cat\/escolanouclave\/wp-content\/uploads\/usu1363\/2021\/11\/Dia-de-la-ciencia-2021-6-300x240.png 300w, https:\/\/agora.xtec.cat\/escolanouclave\/wp-content\/uploads\/usu1363\/2021\/11\/Dia-de-la-ciencia-2021-6-768x614.png 768w, https:\/\/agora.xtec.cat\/escolanouclave\/wp-content\/uploads\/usu1363\/2021\/11\/Dia-de-la-ciencia-2021-6.png 1000w\" sizes=\"auto, (max-width: 300px) 100vw, 300px\" \/><\/a><\/p>\n<p><a href=\"https:\/\/agora.xtec.cat\/escolanouclave\/wp-content\/uploads\/usu1363\/2021\/11\/Dia-de-la-ciencia-2021-7.png\"><img loading=\"lazy\" decoding=\"async\" class=\"aligncenter size-medium wp-image-10036\" src=\"https:\/\/agora.xtec.cat\/escolanouclave\/wp-content\/uploads\/usu1363\/2021\/11\/Dia-de-la-ciencia-2021-7-300x240.png\" alt=\"\" width=\"300\" height=\"240\" srcset=\"https:\/\/agora.xtec.cat\/escolanouclave\/wp-content\/uploads\/usu1363\/2021\/11\/Dia-de-la-ciencia-2021-7-300x240.png 300w, https:\/\/agora.xtec.cat\/escolanouclave\/wp-content\/uploads\/usu1363\/2021\/11\/Dia-de-la-ciencia-2021-7-768x614.png 768w, https:\/\/agora.xtec.cat\/escolanouclave\/wp-content\/uploads\/usu1363\/2021\/11\/Dia-de-la-ciencia-2021-7.png 1000w\" sizes=\"auto, (max-width: 300px) 100vw, 300px\" \/><\/a><\/p>\n<p><a href=\"https:\/\/agora.xtec.cat\/escolanouclave\/wp-content\/uploads\/usu1363\/2021\/11\/Dia-de-la-ciencia-2021-8.png\"><img loading=\"lazy\" decoding=\"async\" class=\"aligncenter size-medium wp-image-10037\" src=\"https:\/\/agora.xtec.cat\/escolanouclave\/wp-content\/uploads\/usu1363\/2021\/11\/Dia-de-la-ciencia-2021-8-300x240.png\" alt=\"\" width=\"300\" height=\"240\" srcset=\"https:\/\/agora.xtec.cat\/escolanouclave\/wp-content\/uploads\/usu1363\/2021\/11\/Dia-de-la-ciencia-2021-8-300x240.png 300w, https:\/\/agora.xtec.cat\/escolanouclave\/wp-content\/uploads\/usu1363\/2021\/11\/Dia-de-la-ciencia-2021-8-768x614.png 768w, https:\/\/agora.xtec.cat\/escolanouclave\/wp-content\/uploads\/usu1363\/2021\/11\/Dia-de-la-ciencia-2021-8.png 1000w\" sizes=\"auto, (max-width: 300px) 100vw, 300px\" \/><\/a><\/p>\n<p>&nbsp;<\/p>\n<p>&nbsp;<\/p>\n","protected":false},"excerpt":{"rendered":"<p>Com a cloenda de la Setmana de la Ci\u00e8ncia, a l&#8217;escola hem organitzat la 3a edici\u00f3 de la Fira de Ci\u00e8ncia Anselm Clav\u00e9. L&#8217;objectiu fonamental d&#8217;aquesta jornada \u00e9s despertar i potenciar l&#8217;inter\u00e8s de l&#8217;alumnat vers la ci\u00e8ncia i la tecnologia. Aquest any han estat els m\u00e9s petits i els m\u00e9s grans de l&#8217;escola (Infantil i [&hellip;]<\/p>\n","protected":false},"author":16,"featured_media":10033,"comment_status":"open","ping_status":"closed","sticky":false,"template":"","format":"standard","meta":{"_bbp_topic_count":0,"_bbp_reply_count":0,"_bbp_total_topic_count":0,"_bbp_total_reply_count":0,"_bbp_voice_count":0,"_bbp_anonymous_reply_count":0,"_bbp_topic_count_hidden":0,"_bbp_reply_count_hidden":0,"_bbp_forum_subforum_count":0,"site-sidebar-layout":"default","site-content-layout":"","ast-site-content-layout":"","site-content-style":"default","site-sidebar-style":"default","ast-global-header-display":"","ast-banner-title-visibility":"","ast-main-header-display":"","ast-hfb-above-header-display":"","ast-hfb-below-header-display":"","ast-hfb-mobile-header-display":"","site-post-title":"","ast-breadcrumbs-content":"","ast-featured-img":"","footer-sml-layout":"","theme-transparent-header-meta":"","adv-header-id-meta":"","stick-header-meta":"","header-above-stick-meta":"","header-main-stick-meta":"","header-below-stick-meta":"","astra-migrate-meta-layouts":"default","ast-page-background-enabled":"default","ast-page-background-meta":{"desktop":{"background-color":"var(--ast-global-color-4)","background-image":"","background-repeat":"repeat","background-position":"center center","background-size":"auto","background-attachment":"scroll","background-type":"","background-media":"","overlay-type":"","overlay-color":"","overlay-opacity":"","overlay-gradient":""},"tablet":{"background-color":"","background-image":"","background-repeat":"repeat","background-position":"center center","background-size":"auto","background-attachment":"scroll","background-type":"","background-media":"","overlay-type":"","overlay-color":"","overlay-opacity":"","overlay-gradient":""},"mobile":{"background-color":"","background-image":"","background-repeat":"repeat","background-position":"center center","background-size":"auto","background-attachment":"scroll","background-type":"","background-media":"","overlay-type":"","overlay-color":"","overlay-opacity":"","overlay-gradient":""}},"ast-content-background-meta":{"desktop":{"background-color":"var(--ast-global-color-5)","background-image":"","background-repeat":"repeat","background-position":"center center","background-size":"auto","background-attachment":"scroll","background-type":"","background-media":"","overlay-type":"","overlay-color":"","overlay-opacity":"","overlay-gradient":""},"tablet":{"background-color":"var(--ast-global-color-5)","background-image":"","background-repeat":"repeat","background-position":"center center","background-size":"auto","background-attachment":"scroll","background-type":"","background-media":"","overlay-type":"","overlay-color":"","overlay-opacity":"","overlay-gradient":""},"mobile":{"background-color":"var(--ast-global-color-5)","background-image":"","background-repeat":"repeat","background-position":"center center","background-size":"auto","background-attachment":"scroll","background-type":"","background-media":"","overlay-type":"","overlay-color":"","overlay-opacity":"","overlay-gradient":""}},"footnotes":""},"categories":[1],"tags":[1051,121,117,70,1049,1050],"class_list":["post-10025","post","type-post","status-publish","format-standard","has-post-thumbnail","hentry","category-general","tag-avancem-per-tu","tag-infantil","tag-primaria","tag-secundaria","tag-setmana-de-la-ciencia","tag-som-anselm-clave"],"post_mailing_queue_ids":[],"_links":{"self":[{"href":"https:\/\/agora.xtec.cat\/escolanouclave\/wp-json\/wp\/v2\/posts\/10025","targetHints":{"allow":["GET"]}}],"collection":[{"href":"https:\/\/agora.xtec.cat\/escolanouclave\/wp-json\/wp\/v2\/posts"}],"about":[{"href":"https:\/\/agora.xtec.cat\/escolanouclave\/wp-json\/wp\/v2\/types\/post"}],"author":[{"embeddable":true,"href":"https:\/\/agora.xtec.cat\/escolanouclave\/wp-json\/wp\/v2\/users\/16"}],"replies":[{"embeddable":true,"href":"https:\/\/agora.xtec.cat\/escolanouclave\/wp-json\/wp\/v2\/comments?post=10025"}],"version-history":[{"count":2,"href":"https:\/\/agora.xtec.cat\/escolanouclave\/wp-json\/wp\/v2\/posts\/10025\/revisions"}],"predecessor-version":[{"id":10038,"href":"https:\/\/agora.xtec.cat\/escolanouclave\/wp-json\/wp\/v2\/posts\/10025\/revisions\/10038"}],"wp:featuredmedia":[{"embeddable":true,"href":"https:\/\/agora.xtec.cat\/escolanouclave\/wp-json\/wp\/v2\/media\/10033"}],"wp:attachment":[{"href":"https:\/\/agora.xtec.cat\/escolanouclave\/wp-json\/wp\/v2\/media?parent=10025"}],"wp:term":[{"taxonomy":"category","embeddable":true,"href":"https:\/\/agora.xtec.cat\/escolanouclave\/wp-json\/wp\/v2\/categories?post=10025"},{"taxonomy":"post_tag","embeddable":true,"href":"https:\/\/agora.xtec.cat\/escolanouclave\/wp-json\/wp\/v2\/tags?post=10025"}],"curies":[{"name":"wp","href":"https:\/\/api.w.org\/{rel}","templated":true}]}}