{"id":996,"count":1,"description":"<a href=\"https:\/\/agora.xtec.cat\/escolanouclave\/wp-content\/uploads\/usu1363\/2021\/04\/Compet\u00e8ncia-digital-2.jpg\"><img class=\"alignnone size-large wp-image-9577\" src=\"https:\/\/agora.xtec.cat\/escolanouclave\/wp-content\/uploads\/usu1363\/2021\/04\/Compet\u00e8ncia-digital-2-1024x95.jpg\" alt=\"\" width=\"1024\" height=\"95\" \/><\/a>\r\n<table>\r\n<tbody>\r\n<tr>\r\n<td>\r\n<h3 style=\"text-align: left;\"><strong>Punts forts<\/strong><\/h3>\r\n<\/td>\r\n<\/tr>\r\n<tr>\r\n<td>\r\n<ul>\r\n \t<li>\r\n<h4>En el centre, l'alumnat d'ESO disposa del seu propi port\u00e0til. Per tant, en acabar 4t els alumnes tenen un gran domini de les compet\u00e8ncies m\u00e9s instrumentals de l'\u00fas de tecnologies.<\/h4>\r\n<\/li>\r\n<\/ul>\r\n<\/td>\r\n<\/tr>\r\n<tr>\r\n<td>\r\n<h3 style=\"text-align: left;\"><strong>Punts febles<\/strong><\/h3>\r\n<\/td>\r\n<\/tr>\r\n<tr>\r\n<td>\r\n<ul>\r\n \t<li>\r\n<h4>Hi ha aspectes vinculats a la compet\u00e8ncia digital que no es vinculen directament a cap mat\u00e8ria o projecte i que, per tant, es treballen molt poc.<\/h4>\r\n<\/li>\r\n<\/ul>\r\n<\/td>\r\n<\/tr>\r\n<\/tbody>\r\n<\/table>","link":"https:\/\/agora.xtec.cat\/escolanouclave\/categoria\/alumnat\/","name":"Alumnat","slug":"alumnat","taxonomy":"category","parent":0,"meta":[],"_links":{"self":[{"href":"https:\/\/agora.xtec.cat\/escolanouclave\/wp-json\/wp\/v2\/categories\/996","targetHints":{"allow":["GET"]}}],"collection":[{"href":"https:\/\/agora.xtec.cat\/escolanouclave\/wp-json\/wp\/v2\/categories"}],"about":[{"href":"https:\/\/agora.xtec.cat\/escolanouclave\/wp-json\/wp\/v2\/taxonomies\/category"}],"wp:post_type":[{"href":"https:\/\/agora.xtec.cat\/escolanouclave\/wp-json\/wp\/v2\/posts?categories=996"}],"curies":[{"name":"wp","href":"https:\/\/api.w.org\/{rel}","templated":true}]}}