{"id":943,"count":10,"description":"<a href=\"https:\/\/agora.xtec.cat\/escolanouclave\/wp-content\/uploads\/usu1363\/2020\/09\/n344_02_congres_ciencia_interna-e1610525563713.png\"><img class=\"wp-image-8649 size-medium alignleft\" src=\"https:\/\/agora.xtec.cat\/escolanouclave\/wp-content\/uploads\/usu1363\/2020\/09\/n344_02_congres_ciencia_interna-300x297.png\" alt=\"\" width=\"300\" height=\"297\" \/><\/a>Una de les novetats del curs 2020-2021 \u00e9s l'ampliaci\u00f3 del treball per projectes a educaci\u00f3 secund\u00e0ria. Durant els propers mesos i a partir d'aquest sistema d'aprenentage, l'alumnat treballar\u00e0 de manera transversal els diversos punts que conformen el projecte dels Objectius de Desenvolupament Sostenible 2030.\r\n\r\nL\u2019Agenda 2030 \u00e9s una agenda integral i multidimensional \u2014referida a les tres dimensions del desenvolupament sostenible (l\u2019econ\u00f2mica, la social i l\u2019ambiental)\u2014 i d\u2019aplicaci\u00f3 universal, i es desplega mitjan\u00e7ant un sistema de\u00a0<strong>17 objectius de desenvolupament sostenible<\/strong>, a trav\u00e9s dels quals es proposa abordar els grans reptes globals, des de la lluita contra la pobresa o el canvi clim\u00e0tic fins a l\u2019educaci\u00f3, la salut, la igualtat de g\u00e8nere, la pau o les ciutats sostenibles. Cada ODS inclou diferents metes (en total 169) que contribueixen al compliment de l\u2019objectiu.\r\n\r\n&nbsp;\r\n\r\n&nbsp;\r\n\r\nL\u2019Agenda 2030 estimula l\u2019acci\u00f3 en 5 esferes de vital import\u00e0ncia (conegudes com 'les 5 P'): persones (<em>People<\/em>), planeta (<em>Planet<\/em>), prosperitat (<em>Prosperity<\/em>), pau (<em>Peace<\/em>) i aliances (<em>Partnership<\/em>).\r\n\r\nEls ODS substitueixen els\u00a0<strong>objectius de desenvolupament del mil\u00b7lenni<\/strong>, agenda del desenvolupament vigent fins al 2015, i la seva implementaci\u00f3 es fonamenta en una s\u00e8rie de principis que en garantiran l\u2019\u00e8xit:\r\n<ul>\r\n \t<li><strong>Universals<\/strong>: impliquen tots els pa\u00efsos, independentment del seu nivell de desenvolupament econ\u00f2mic.<\/li>\r\n \t<li><strong>Globals<\/strong>: aborden els desafiaments locals, nacionals i transnacionals m\u00e9s urgents dels nostres temps.<\/li>\r\n \t<li><strong>Integrals<\/strong>: estan interconnectats en totes les seves dimensions i a tots els nivells: reptes, pa\u00efsos i diferents nivells de govern.<\/li>\r\n \t<li><strong>Mesurables<\/strong>: s'han de mesurar amb indicadors.<\/li>\r\n \t<li><strong>Ambiciosos<\/strong>: no deixen enrere a ning\u00fa (<em>leave no-one behind<\/em>).<\/li>\r\n \t<li><strong>Inclusius<\/strong>: impliquen tots els nivells de govern i totes les parts interessades en un esfor\u00e7 col\u00b7lectiu per al desenvolupament sostenible.<\/li>\r\n \t<li><strong>Multidimensionals<\/strong>: inclouen les 3 dimensions del desenvolupament sostenible (econ\u00f2mica, social i mediambiental).<\/li>\r\n \t<li><strong>Basats en l\u2019experi\u00e8ncia<\/strong>\u00a0adquirida dels ODM.<\/li>\r\n<\/ul>\r\nPer tot aix\u00f2, l\u2019Agenda 2030 ens interpel\u00b7la a tots, i el seu \u00e8xit exigeix un sistema de governan\u00e7a multinivell efica\u00e7 des de l\u2019esfera internacional, nacional, regional i local. Cada nivell de govern responsable s\u2019ha de comprometre mitjan\u00e7ant consensos, aliances i col\u00b7laboracions amb altres actors (tant del m\u00f3n empresarial, com acad\u00e8mic, com de la societat civil) per a impulsar, implementar i aconseguir les fites marcades.\r\n\r\n&nbsp;\r\n\r\n<a href=\"https:\/\/agora.xtec.cat\/escolanouclave\/wp-content\/uploads\/usu1363\/2020\/09\/ODS-1.png\"><img class=\"aligncenter wp-image-8646\" src=\"https:\/\/agora.xtec.cat\/escolanouclave\/wp-content\/uploads\/usu1363\/2020\/09\/ODS-1-300x149.png\" alt=\"\" width=\"500\" height=\"248\" \/><\/a>","link":"https:\/\/agora.xtec.cat\/escolanouclave\/categoria\/ods-2030\/","name":"ODS 2030","slug":"ods-2030","taxonomy":"category","parent":0,"meta":[],"_links":{"self":[{"href":"https:\/\/agora.xtec.cat\/escolanouclave\/wp-json\/wp\/v2\/categories\/943","targetHints":{"allow":["GET"]}}],"collection":[{"href":"https:\/\/agora.xtec.cat\/escolanouclave\/wp-json\/wp\/v2\/categories"}],"about":[{"href":"https:\/\/agora.xtec.cat\/escolanouclave\/wp-json\/wp\/v2\/taxonomies\/category"}],"wp:post_type":[{"href":"https:\/\/agora.xtec.cat\/escolanouclave\/wp-json\/wp\/v2\/posts?categories=943"}],"curies":[{"name":"wp","href":"https:\/\/api.w.org\/{rel}","templated":true}]}}