{"id":182,"count":1,"description":"El proper dissabte 19 d'octubre us convidem a participar a la 1a Caminada Escolar Familiar Anselm Clav\u00e9 que tindr\u00e0 com a escenari la Serralada de Marina. Amb aquesta iniciativa volem, des de l'escola, fomentar la relaci\u00f3 entre nens i nenes, fam\u00edlies i professorat, amb una trobada on tots i totes per igual gaudirem d'un entorn natural.Davant la varietat d'edats dels alumnes hem preparat dos recorreguts diferents. El de menys dificultat, (TRENCA-CAMETES) , recomanat per a educaci\u00f3 infantil, cicle inicial i cicle superior, consta de 4km i una durada d'una hora aproximadament. La segona (TRENCA-CAMES) es recomana per alumnes a partir de 4t de prim\u00e0ria amb un alt nivell f\u00edsic, i per tant, de cicle superior i ESO.Si voleu m\u00e9s informaci\u00f3 feu clic en el seg\u00fcent enlla\u00e7:SI ESTEU INTERESSATS EN PARTICIPAR ENVIEU LA CONFIRMACI\u00d3 PER CORREU ELECTR\u00d2NIC AL TUTOR\/A DEL VOSTRE FILL\/LA VOSTRA FILLA AMB EL NOM, COGNOM I DATA DE NAIXEMENT DE CADASCUN DELS PARTICIPANTS.","link":"https:\/\/agora.xtec.cat\/escolanouclave\/categoria\/general\/caminada\/","name":"I Caminada Escolar Familiar Anselm Clav\u00e9","slug":"caminada","taxonomy":"category","parent":1,"meta":[],"_links":{"self":[{"href":"https:\/\/agora.xtec.cat\/escolanouclave\/wp-json\/wp\/v2\/categories\/182","targetHints":{"allow":["GET"]}}],"collection":[{"href":"https:\/\/agora.xtec.cat\/escolanouclave\/wp-json\/wp\/v2\/categories"}],"about":[{"href":"https:\/\/agora.xtec.cat\/escolanouclave\/wp-json\/wp\/v2\/taxonomies\/category"}],"up":[{"embeddable":true,"href":"https:\/\/agora.xtec.cat\/escolanouclave\/wp-json\/wp\/v2\/categories\/1"}],"wp:post_type":[{"href":"https:\/\/agora.xtec.cat\/escolanouclave\/wp-json\/wp\/v2\/posts?categories=182"}],"curies":[{"name":"wp","href":"https:\/\/api.w.org\/{rel}","templated":true}]}}