{"id":167,"count":1,"description":"<h3><a href=\"https:\/\/agora.xtec.cat\/escolanouclave\/wp-content\/uploads\/usu1363\/2019\/09\/foto-emocio1.jpg\">Activitat: \"Diem coses agradables als altres\".<\/a><\/h3>\r\n<a href=\"https:\/\/agora.xtec.cat\/escolanouclave\/wp-content\/uploads\/usu1363\/2019\/09\/VALORS-3-e1569248992968.jpg\"><img class=\"wp-image-1559 alignright\" src=\"https:\/\/agora.xtec.cat\/escolanouclave\/wp-content\/uploads\/usu1363\/2019\/09\/VALORS-3-1024x575.jpg\" alt=\"\" width=\"334\" height=\"187\" \/><\/a>Les emocions s\u00f3n importants i cal que les treballem a l\u2019escola. L\u2019<a href=\"https:\/\/natibergada.cat\/activitats-per-treballar-les-emocions-i-els-valors\"><strong>educaci\u00f3 emocional<\/strong> <\/a>afecta el desenvolupament dels alumnes, ja que incentiva la seva motivaci\u00f3, predisposa a actituds m\u00e9s positives, millora les seves relacions i obt\u00e9 millors resultats acad\u00e8mics.\r\n\r\n&nbsp;\r\n\r\n&nbsp;\r\n\r\nPer aconseguir que un nen creixi, en tota la dimensi\u00f3 de la paraula, no n\u2019hi ha prou amb l\u2019adquisici\u00f3 de coneixements. Generar un <strong>clima emocional positiu<\/strong> tamb\u00e9 influir\u00e0 de forma decisiva en el seu desenvolupament. Si l\u2019educaci\u00f3 ha de ser un proc\u00e9s d\u2019aprenentatge per a la vida, <strong>les emocions\u00a0s\u00f3n molt importants<\/strong> i les hem de tenir en compte.\r\n\r\n&nbsp;\r\n\r\n&nbsp;\r\n\r\n<a href=\"https:\/\/agora.xtec.cat\/escolanouclave\/wp-content\/uploads\/usu1363\/2019\/09\/foto-emocio2.jpg\"><img class=\"wp-image-1555 alignright\" src=\"https:\/\/agora.xtec.cat\/escolanouclave\/wp-content\/uploads\/usu1363\/2019\/09\/foto-emocio2-1024x575.jpg\" alt=\"\" width=\"328\" height=\"184\" \/><\/a>Com a mestre\/a \u00e9s important que ensenyis\u00a0als teus\u00a0alumnes a <strong>gestionar les pr\u00f2pies emocions<\/strong>:\u00a0controlar la r\u00e0bia, con\u00e8ixer la por, acceptar els errors, tenir empatia, tenir una bona autoestima \u2026\u00a0La relaci\u00f3 amb els altres \u00e9s essencial \u00a0i cal que ajudem els nostres alumnes a forjar-se una <strong>intel\u00b7lig\u00e8ncia emocional<\/strong>.\r\n\r\nHi ha una gran frase d\u2019Arist\u00f2til que m\u2019agrada molt:\u00a0\u201cEducar la ment sense<strong> educar el cor<\/strong>, no \u00e9s educaci\u00f3 en absolut.<strong>\u201d<\/strong>\r\n\r\n&nbsp;\r\n\r\n&nbsp;\r\n\r\n<a href=\"https:\/\/agora.xtec.cat\/escolanouclave\/wp-content\/uploads\/usu1363\/2019\/09\/foto-emocio1.jpg\"><img class=\"wp-image-1554 alignleft\" src=\"https:\/\/agora.xtec.cat\/escolanouclave\/wp-content\/uploads\/usu1363\/2019\/09\/foto-emocio1-1024x575.jpg\" alt=\"\" width=\"295\" height=\"166\" \/><\/a>La <strong>intel\u00b7lig\u00e8ncia emocional<\/strong> est\u00e0 molt relacionada amb les emocions. \u00c9s la capacitat de recon\u00e8ixer les nostres pr\u00f2pies emocions, les emocions dels altres i saber-les gestionar. Aquesta intel\u00b7lig\u00e8ncia emocional \u00e9s una habilitat que es va aprenent al llarg de la vida des de que som petits.\r\n\r\n&nbsp;\r\n\r\n&nbsp;\r\n\r\n&nbsp;\r\n<h3>Intel\u00b7lig\u00e8ncia emocional a l\u2019aula<\/h3>\r\nTreballar la intel\u00b7lig\u00e8ncia emocional a l\u2019aula t\u00e9 molts <strong>beneficis<\/strong>, com per exemple:\r\n<ul>\r\n \t<li>Disminuir l\u2019ansietat.<\/li>\r\n \t<li>Control de l\u2019estres.<\/li>\r\n \t<li>Gesti\u00f3 dels conflictes.<\/li>\r\n \t<li>Millora l\u2019autoestima.<\/li>\r\n \t<li>M\u00e9s \u00e8xit acad\u00e8mic.<\/li>\r\n \t<li>Augmenta la toler\u00e0ncia a la frustraci\u00f3.<\/li>\r\n \t<li>Equilibri emocional.<\/li>\r\n \t<li>Menys conflictivitat.<\/li>\r\n \t<li>Millora les habilitats\u00a0socials.<\/li>\r\n \t<li>M\u00e9s salut mental.<\/li>\r\n \t<li>Millorar l\u2019empatia.<\/li>\r\n \t<li>Millor comportaments prosocial.<\/li>\r\n<\/ul>","link":"https:\/\/agora.xtec.cat\/escolanouclave\/categoria\/general\/educacio-emocional\/","name":"Educaci\u00f3 emocional","slug":"educacio-emocional","taxonomy":"category","parent":1,"meta":[],"_links":{"self":[{"href":"https:\/\/agora.xtec.cat\/escolanouclave\/wp-json\/wp\/v2\/categories\/167","targetHints":{"allow":["GET"]}}],"collection":[{"href":"https:\/\/agora.xtec.cat\/escolanouclave\/wp-json\/wp\/v2\/categories"}],"about":[{"href":"https:\/\/agora.xtec.cat\/escolanouclave\/wp-json\/wp\/v2\/taxonomies\/category"}],"up":[{"embeddable":true,"href":"https:\/\/agora.xtec.cat\/escolanouclave\/wp-json\/wp\/v2\/categories\/1"}],"wp:post_type":[{"href":"https:\/\/agora.xtec.cat\/escolanouclave\/wp-json\/wp\/v2\/posts?categories=167"}],"curies":[{"name":"wp","href":"https:\/\/api.w.org\/{rel}","templated":true}]}}