{"id":166,"count":1,"description":"Com \u00e9s habitual en el nostre centre, durant el curs 2019-2020 es realitza un projecte transversal d'escola, que enguany t\u00e9 com a tema vertebrador la consigna \"On s\u00f3n les dones?\". Amb aquesta pregunta es pret\u00e9n ressaltar la figura de les diferents dones de la hist\u00f2ria que han tingut una gran repercussi\u00f3 en \u00e0mbits molt diversos com les ci\u00e8ncies, la literatura, l'art,... aix\u00ed com destacar el paper d'aquelles an\u00f2nimes que han format i formen part de la nostra societat. Amb aquest tema es vol donar les eines i estrat\u00e8gies necess\u00e0ries per fomentar certes actituds positives envers el g\u00e8nere femen\u00ed refor\u00e7ant els valors del nostre alumnat. \u00c9s per aquest motiu que al llarg del curs es realitzaran diverses activitats relacionades amb aquest tema, fins i tot els projectes de la setmana tem\u00e0tica anual.","link":"https:\/\/agora.xtec.cat\/escolanouclave\/categoria\/projectedones\/","name":"Projecte On s\u00f3n les dones?","slug":"projectedones","taxonomy":"category","parent":0,"meta":[],"_links":{"self":[{"href":"https:\/\/agora.xtec.cat\/escolanouclave\/wp-json\/wp\/v2\/categories\/166","targetHints":{"allow":["GET"]}}],"collection":[{"href":"https:\/\/agora.xtec.cat\/escolanouclave\/wp-json\/wp\/v2\/categories"}],"about":[{"href":"https:\/\/agora.xtec.cat\/escolanouclave\/wp-json\/wp\/v2\/taxonomies\/category"}],"wp:post_type":[{"href":"https:\/\/agora.xtec.cat\/escolanouclave\/wp-json\/wp\/v2\/posts?categories=166"}],"curies":[{"name":"wp","href":"https:\/\/api.w.org\/{rel}","templated":true}]}}